{"id":6203,"date":"2024-01-08T17:42:16","date_gmt":"2024-01-08T20:42:16","guid":{"rendered":"https:\/\/infolanus.com\/index.php\/2024\/01\/08\/la-felicidad-de-zuculini-en-su-regreso-a-racing-siempre-fue-mi-primera-y-unica-opcion\/"},"modified":"2024-01-08T17:42:16","modified_gmt":"2024-01-08T20:42:16","slug":"la-felicidad-de-zuculini-en-su-regreso-a-racing-siempre-fue-mi-primera-y-unica-opcion","status":"publish","type":"post","link":"https:\/\/infolanus.com\/index.php\/2024\/01\/08\/la-felicidad-de-zuculini-en-su-regreso-a-racing-siempre-fue-mi-primera-y-unica-opcion\/","title":{"rendered":"La felicidad de Zuculini en su regreso a Racing: &#8220;Siempre fue mi primera y \u00fanica opci\u00f3n&#8221;"},"content":{"rendered":"<div class=\"media_block\"><\/div>\n<div><img data-recalc-dims=\"1\" decoding=\"async\" src=\"https:\/\/i0.wp.com\/fotos.perfil.com\/2024\/01\/08\/trim\/1140\/641\/zuculini-1733754.jpg?w=640&#038;ssl=1\" class=\"ff-og-image-inserted\"><\/div>\n<p>El mediocampista <a target=\"_blank\" href=\"https:\/\/442.perfil.com\/noticias\/futbol\/buenas-noticias-para-racing-bruno-zuculini-vuelve-al-club-luego-de-10-anos.phtml\"><strong>Bruno Zuculini <\/strong><\/a>expres\u00f3 hoy su alegr\u00eda por volver a <strong><a target=\"_blank\" href=\"https:\/\/442.perfil.com\/noticias\/futbol\/vecchio-se-ausento-otra-vez-en-racing-y-su-futuro-esta-cada-vez-mas-lejos-del-club.phtml\">Racing Club<\/a> <\/strong>despu\u00e9s de diez a\u00f1os y asegur\u00f3 que &#8220;siempre&#8221; fue su &#8220;primera y \u00fanica&#8221; opci\u00f3n, tras quedar libre de <a target=\"_blank\" href=\"https:\/\/442.perfil.com\/noticias\/futbol\/martin-demichelis-hablo-sobre-el-actual-mercado-de-pases-seguramente-llegara-alguno-mas.phtml\"><strong>River Plate<\/strong><\/a>.<\/p>\n<p>&#8220;<strong>Estoy muy contento de volver a Racing, era algo que deseaba mucho. Se demor\u00f3 unos d\u00edas pero lo importante es que se pudo cerrar y estoy muy feliz<\/strong>&#8220;, manifest\u00f3 <strong>Zuculini <\/strong>en una breve rueda de prensa, antes de ingresar a la revisi\u00f3n m\u00e9dica.<\/p>\n<p>&#8220;Racing siempre fue mi primera y \u00fanica opci\u00f3n y la prioridad. Por suerte cumplo mi sue\u00f1o de volver despu\u00e9s de diez a\u00f1os&#8221;, agreg\u00f3 el volante, que utilizar\u00e1 el n\u00famero 36.<\/p>\n<p>El mediocampista, de 30 a\u00f1os, tiene previsto firmar un contrato por dos temporadas, hasta diciembre de 2025 y con opci\u00f3n de extenderlo por uno m\u00e1s.<\/p>\n<h2>Zucullini vuelve a Racing tras su paso por River<\/h2>\n<p>En su etapa en el <em>Millonario<\/em>, cuyo contrato finaliz\u00f3 el pasado 31 de diciembre, el volante jug\u00f3 122 partidos, anot\u00f3 9 goles, asisti\u00f3 en dos oportunidades y logr\u00f3 9 t\u00edtulos.<\/p>\n<p>En la <em>Academia<\/em>, donde naci\u00f3 futbol\u00edsticamente, <strong>Zuculini <\/strong>jug\u00f3 101 partidos, antes de ser vendido al Manchester City en 2014, donde jug\u00f3 tan solo un partido oficial y fue en la derrota 3-0 frente a <strong>Arsenal<\/strong>, en la final de la <strong>Community Shield<\/strong>.<\/p>\n<p>Ser\u00e1 el cuarto refuerzo para el entrenador <strong>Gustavo<\/strong> <strong>Costas<\/strong>, quien lo ten\u00eda como prioridad desde su vuelta al club. <strong>Racing <\/strong>ya hab\u00eda confirmado como refuerzos al extremo <strong>Santiago<\/strong> <strong>Solari<\/strong>, y a los delanteros <strong>Adri\u00e1n Mart\u00ednez <\/strong>y <strong>Maximiliano Salas<\/strong>.<\/p>\n<p>SP<\/p>\n","protected":false},"excerpt":{"rendered":"<p>El mediocampista Bruno Zuculini expres\u00f3 hoy su alegr\u00eda por volver a Racing Club despu\u00e9s de diez a\u00f1os y asegur\u00f3 que &#8220;siempre&#8221; fue su &#8220;primera y \u00fanica&#8221; opci\u00f3n, tras quedar libre de River Plate. &#8220;Estoy muy contento de volver a Racing, era algo que deseaba mucho. Se demor\u00f3 unos d\u00edas pero lo importante es que se [&hellip;]<\/p>\n","protected":false},"author":2,"featured_media":6204,"comment_status":"closed","ping_status":"closed","sticky":false,"template":"","format":"standard","meta":{"jetpack_post_was_ever_published":false,"_jetpack_newsletter_access":"","_jetpack_dont_email_post_to_subs":false,"_jetpack_newsletter_tier_id":0,"_jetpack_memberships_contains_paywalled_content":false,"_jetpack_memberships_contains_paid_content":false,"footnotes":"","jetpack_publicize_message":"","jetpack_publicize_feature_enabled":true,"jetpack_social_post_already_shared":true,"jetpack_social_options":{"image_generator_settings":{"template":"highway","enabled":false},"version":2}},"categories":[17],"tags":[],"class_list":["post-6203","post","type-post","status-publish","format-standard","has-post-thumbnail","hentry","category-deportes"],"jetpack_publicize_connections":[],"jetpack_featured_media_url":"https:\/\/i0.wp.com\/infolanus.com\/wp-content\/uploads\/2024\/01\/la-felicidad-de-zuculini-en-su-regreso-a-racing-siempre-fue-mi-primera-y-unica-opcion.jpg?fit=1140%2C641&ssl=1","jetpack_sharing_enabled":true,"jetpack_shortlink":"https:\/\/wp.me\/p9QtMr-1C3","_links":{"self":[{"href":"https:\/\/infolanus.com\/index.php\/wp-json\/wp\/v2\/posts\/6203","targetHints":{"allow":["GET"]}}],"collection":[{"href":"https:\/\/infolanus.com\/index.php\/wp-json\/wp\/v2\/posts"}],"about":[{"href":"https:\/\/infolanus.com\/index.php\/wp-json\/wp\/v2\/types\/post"}],"author":[{"embeddable":true,"href":"https:\/\/infolanus.com\/index.php\/wp-json\/wp\/v2\/users\/2"}],"replies":[{"embeddable":true,"href":"https:\/\/infolanus.com\/index.php\/wp-json\/wp\/v2\/comments?post=6203"}],"version-history":[{"count":0,"href":"https:\/\/infolanus.com\/index.php\/wp-json\/wp\/v2\/posts\/6203\/revisions"}],"wp:featuredmedia":[{"embeddable":true,"href":"https:\/\/infolanus.com\/index.php\/wp-json\/wp\/v2\/media\/6204"}],"wp:attachment":[{"href":"https:\/\/infolanus.com\/index.php\/wp-json\/wp\/v2\/media?parent=6203"}],"wp:term":[{"taxonomy":"category","embeddable":true,"href":"https:\/\/infolanus.com\/index.php\/wp-json\/wp\/v2\/categories?post=6203"},{"taxonomy":"post_tag","embeddable":true,"href":"https:\/\/infolanus.com\/index.php\/wp-json\/wp\/v2\/tags?post=6203"}],"curies":[{"name":"wp","href":"https:\/\/api.w.org\/{rel}","templated":true}]}}