{"id":6207,"date":"2024-01-09T09:05:00","date_gmt":"2024-01-09T12:05:00","guid":{"rendered":"https:\/\/www.ambito.com\/uruguay\/cruces-el-ministerio-interior-y-la-justicia-el-uso-las-tobilleras-electronicas-n5916892"},"modified":"2024-01-09T09:05:00","modified_gmt":"2024-01-09T12:05:00","slug":"cruces-entre-el-ministerio-de-interior-y-la-justicia-por-el-uso-de-las-tobilleras-electronicas","status":"publish","type":"post","link":"https:\/\/infolanus.com\/index.php\/2024\/01\/09\/cruces-entre-el-ministerio-de-interior-y-la-justicia-por-el-uso-de-las-tobilleras-electronicas\/","title":{"rendered":"Cruces entre el Ministerio de Interior y la Justicia por el uso de las tobilleras electr\u00f3nicas"},"content":{"rendered":"<div><img data-recalc-dims=\"1\" decoding=\"async\" src=\"https:\/\/i0.wp.com\/media.ambito.com\/p\/53cc3627ae3a70e8494c4e18dc27ac15\/adjuntos\/351\/imagenes\/041\/245\/0041245595\/1200x675\/smart\/tobillera-electronicajpg.jpg?w=640&#038;ssl=1\" class=\"ff-og-image-inserted\"><\/div>\n<div id>\n<p>El <strong>Ministerio del Interior <\/strong>pidi\u00f3 a la <strong>Justicia<\/strong> de <strong>Uruguay<\/strong> que las <a href=\"https:\/\/www.ambito.com\/uruguay\/femicidio-valentina-cancela-heber-afirmo-que-sobran-tobilleras-el-ministerio-n5798659\" target=\"_blank\" rel=\"follow\">tobilleras electr\u00f3nicas en casos de<strong> violencia de g\u00e9nero<\/strong><\/a> se utilicen de forma racional. El pedido surge a partir del \u201ccrecimiento exponencial\u201d de adjudicaciones en los \u00faltimos meses, seg\u00fan se\u00f1al\u00f3 el subsecretario de la cartera, <strong>Pablo Abdala.<\/strong><\/p>\n<\/p><\/div>\n<div id>\n<p>La <strong>inseguridad<\/strong> sigue siendo uno de los <a href=\"https:\/\/www.google.com\/url?client=internal-element-cse&amp;cx=008892114045256532459:e63xqbr3i5i&amp;q=https:\/\/www.ambito.com\/uruguay\/el-ministro-del-interior-admitio-que-tiene-un-problema-los-homicidios-n5909510&amp;sa=U&amp;ved=2ahUKEwjL0b29odCDAxXfq5UCHX6NAfcQFnoECAQQAg&amp;usg=AOvVaw2fsmMNrcephN0jXbqt9WQL\" target=\"_blank\" rel=\"follow\">principales problemas y preocupaciones<\/a> en <strong>Uruguay.<\/strong> Dentro de la multiplicidad de delitos que se cometen, el de la<strong> violencia de g\u00e9nero<\/strong> \u2014con el femicidio como punto c\u00falmine de esa violencia\u2014, preocupa particularmente.<\/p>\n<\/div>\n<div id>\n<p> Sobre ello se refiri\u00f3 el subsecretario del Interior, <strong>Pablo Abdala,<\/strong> aunque desde una cuesti\u00f3n muy puntual: las <strong>tobilleras electr\u00f3nicas<\/strong> que se adjudican a los victimarios. \u201cNos preocup\u00f3 el crecimiento exponencial que ha tenido el uso de las tobilleras, en los \u00faltimos meses. En el \u00faltimo cuatrimestre el crecimiento fue de 400 adjudicaciones\u201d, explic\u00f3 el jerarca en rueda de prensa sobre el pedido realizado a la <strong>Suprema Corte de Justicia<\/strong>, que deriv\u00f3 en una nota a los jueces.<\/p>\n<\/div>\n<div id>\n<p>\u201cEstas cifras esconden un gerenciamiento de las tobilleras que no es eficiente. Son asignadas en casos de <strong>violencia de g\u00e9nero<\/strong> y que sigan asignadas tiene en varios casos una justificaci\u00f3n dudosa\u201d, consider\u00f3 Abdala y agreg\u00f3 que en algunos casos, incluso, el agresor se fue del pa\u00eds o tuvo un uso extendido por hasta dos a\u00f1os.<\/p>\n<\/div>\n<div id>\n<p>\u201cNo estamos respondiendo bien a los casos de <strong>violencia de g\u00e9nero<\/strong>, por eso la nota y el pedido a la Suprema Corte de Justicia\u201d, se\u00f1al\u00f3, aclarando que el pedido no es para reducir la adjudicaci\u00f3n de tobilleras, sino de hacerlo de manera \u201ceficiente\u201d para atender \u201ca quienes realmente las necesitan\u201d.<\/p>\n<p>\u201cPorque como son <strong>mal utilizadas,<\/strong> hay v\u00edctimas que las requieren y no la tienen. Esto hace que se asignen funcionarios policiales a la protecci\u00f3n directa de la v\u00edctima, a raz\u00f3n de seis polic\u00edas por caso, dos por turno\u201d, detall\u00f3 Abdala.<\/p>\n<p>En ese sentido, el subsecretario se\u00f1al\u00f3 que la <strong>inversi\u00f3n<\/strong> en 2023 fue de 200 millones de pesos, y que se pasaron de 1.200 a 1.900 tobilleras.<\/p>\n<p>\u201cNo hay seguimiento como corresponde para saber si se debe liberar una tobillera para otro caso que lo requiere\u201d, dijo Abdala, sobre esto, y puso como ejemplo la existencia de m\u00e1s de 50 casos en los que hace m\u00e1s de dos a\u00f1os que est\u00e1n adjudicadas las tobilleras. Al respecto, los protocolos establecen un plazo m\u00e1ximo de seis meses, porque si la situaci\u00f3n de violencia persiste m\u00e1s all\u00e1 de este tiempo, \u201chay que tomar otras medidas\u201d.<\/p>\n<p>\u201cTenemos que mejorar la<strong> articulaci\u00f3n entre los poderes del Estado<\/strong>. No se trata de echar culpas. Que los dispositivos se adjudiquen bien, en tiempo y forma\u201d, concluy\u00f3.<\/p>\n<h2>\u00bfM\u00e1s o menos tobilleras?<\/h2>\n<p>La cuesti\u00f3n de las tobilleras electr\u00f3nicas tambi\u00e9n se hab\u00eda puesto sobre la mesa durante la repercusi\u00f3n del <a href=\"https:\/\/www.ambito.com\/uruguay\/el-femicidio-valentina-cancela-reinstala-el-debate-las-politicas-publicas-n5797783\" target=\"_blank\" rel=\"follow\">femicidio de <\/a><strong><a href=\"https:\/\/www.ambito.com\/uruguay\/el-femicidio-valentina-cancela-reinstala-el-debate-las-politicas-publicas-n5797783\" target=\"_blank\" rel=\"follow\">Valentina Cancela<\/a>.<\/strong> En ese momento, el entonces ministro del Interior <strong>Luis Alberto Heber<\/strong>, hab\u00eda cuestionado a la Justicia por una raz\u00f3n totalmente contraria a la que se refiri\u00f3 Abdala: el no empleo de este tipo de herramientas pese a su disponibilidad.<\/p>\n<p>Sus dichos fueron en respuesta a las cr\u00edticas sobre las medidas de prevenci\u00f3n que se podr\u00edan haber tomado, a lo que recalc\u00f3 que desde la cartera son <strong>auxiliares de la Justicia<\/strong>. \u201cNo podemos poner la tobillera porque queramos y no podemos darle custodia si no es con actuaci\u00f3n judicial&#8221;, detall\u00f3.<\/p>\n<p>&#8220;Preferimos y entendemos que la <strong>tecnolog\u00eda<\/strong> nos tiene que ayudar, porque tener dos polic\u00edas frente a una casa y a veces por mucho tiempo y tenemos que poner un m\u00f3vil, no solamente ponemos a dos polic\u00edas, sino que tambi\u00e9n no tenemos un m\u00f3vil que pueda patrullar, producto de estar custodiando a la v\u00edctima\u201d, dijo Heber, y a\u00f1adi\u00f3 que \u201clas tobilleras est\u00e1n sobrando en el Ministerio&#8221;.<\/p>\n<p>Esto fue en agosto del a\u00f1o pasado cuando, seg\u00fan los datos proporcionados por el exministro, hab\u00eda 1.700 tobilleras, de las cuales 1.566 estaban activas, por lo que 134 estaban disponibles. &#8220;Para nosotros es una gran herramienta como para no distraer personal que precisamos custodiando las calles y patrullando. Eso es no poder utilizar log\u00edsticamente el personal&#8221;, asegur\u00f3.<\/p>\n<\/div>\n","protected":false},"excerpt":{"rendered":"<p>El Ministerio del Interior pidi\u00f3 a la Justicia de Uruguay que las tobilleras electr\u00f3nicas en casos de violencia de g\u00e9nero se utilicen de forma racional. El pedido surge a partir del \u201ccrecimiento exponencial\u201d de adjudicaciones en los \u00faltimos meses, seg\u00fan se\u00f1al\u00f3 el subsecretario de la cartera, Pablo Abdala. La inseguridad sigue siendo uno de los [&hellip;]<\/p>\n","protected":false},"author":2,"featured_media":6208,"comment_status":"closed","ping_status":"closed","sticky":false,"template":"","format":"standard","meta":{"jetpack_post_was_ever_published":false,"_jetpack_newsletter_access":"","_jetpack_dont_email_post_to_subs":false,"_jetpack_newsletter_tier_id":0,"_jetpack_memberships_contains_paywalled_content":false,"_jetpack_memberships_contains_paid_content":false,"footnotes":"","jetpack_publicize_message":"","jetpack_publicize_feature_enabled":true,"jetpack_social_post_already_shared":true,"jetpack_social_options":{"image_generator_settings":{"template":"highway","enabled":false},"version":2}},"categories":[20],"tags":[],"class_list":["post-6207","post","type-post","status-publish","format-standard","has-post-thumbnail","hentry","category-mundo"],"jetpack_publicize_connections":[],"jetpack_featured_media_url":"https:\/\/i0.wp.com\/infolanus.com\/wp-content\/uploads\/2024\/01\/cruces-entre-el-ministerio-de-interior-y-la-justicia-por-el-uso-de-las-tobilleras-electronicas.jpg?fit=1200%2C675&ssl=1","jetpack_sharing_enabled":true,"jetpack_shortlink":"https:\/\/wp.me\/p9QtMr-1C7","_links":{"self":[{"href":"https:\/\/infolanus.com\/index.php\/wp-json\/wp\/v2\/posts\/6207","targetHints":{"allow":["GET"]}}],"collection":[{"href":"https:\/\/infolanus.com\/index.php\/wp-json\/wp\/v2\/posts"}],"about":[{"href":"https:\/\/infolanus.com\/index.php\/wp-json\/wp\/v2\/types\/post"}],"author":[{"embeddable":true,"href":"https:\/\/infolanus.com\/index.php\/wp-json\/wp\/v2\/users\/2"}],"replies":[{"embeddable":true,"href":"https:\/\/infolanus.com\/index.php\/wp-json\/wp\/v2\/comments?post=6207"}],"version-history":[{"count":0,"href":"https:\/\/infolanus.com\/index.php\/wp-json\/wp\/v2\/posts\/6207\/revisions"}],"wp:featuredmedia":[{"embeddable":true,"href":"https:\/\/infolanus.com\/index.php\/wp-json\/wp\/v2\/media\/6208"}],"wp:attachment":[{"href":"https:\/\/infolanus.com\/index.php\/wp-json\/wp\/v2\/media?parent=6207"}],"wp:term":[{"taxonomy":"category","embeddable":true,"href":"https:\/\/infolanus.com\/index.php\/wp-json\/wp\/v2\/categories?post=6207"},{"taxonomy":"post_tag","embeddable":true,"href":"https:\/\/infolanus.com\/index.php\/wp-json\/wp\/v2\/tags?post=6207"}],"curies":[{"name":"wp","href":"https:\/\/api.w.org\/{rel}","templated":true}]}}