{"id":6216,"date":"2024-01-09T14:37:39","date_gmt":"2024-01-09T17:37:39","guid":{"rendered":"https:\/\/infolanus.com\/index.php\/2024\/01\/09\/el-gobierno-apunto-contra-el-congreso-por-la-suba-del-dolar\/"},"modified":"2024-01-09T14:37:39","modified_gmt":"2024-01-09T17:37:39","slug":"el-gobierno-apunto-contra-el-congreso-por-la-suba-del-dolar","status":"publish","type":"post","link":"https:\/\/infolanus.com\/index.php\/2024\/01\/09\/el-gobierno-apunto-contra-el-congreso-por-la-suba-del-dolar\/","title":{"rendered":"El Gobierno apunt\u00f3 contra el Congreso por la suba del d\u00f3lar"},"content":{"rendered":"<div class=\"media_block\"><\/div>\n<h2><strong>El repaso de las noticias m\u00e1s destacadas del d\u00eda por el equipo period\u00edstico de Radio Perfil AM 1190. <a target=\"_blank\" href=\"https:\/\/radio.perfil.com\/en-vivo\/radio\" rel=\"noopener\">Escuch\u00e1 Radio Perfil en vivo haciendo click ac\u00e1<\/a><\/strong><\/h2>\n<p><strong>El Gobierno apunt\u00f3 contra el Congreso por la suba del d\u00f3lar<\/strong><\/p>\n<p>El vocero presidencial, Manuel Adorni, asegur\u00f3 que el salto de los tipos de cambio paralelos se produjo por los &#8220;rumores&#8221; de desconfianza a la ley \u00f3mnibus.<\/p>\n<p>En conferencia de prensa, Adorni se\u00f1al\u00f3 que el aumento de la cotizaci\u00f3n \u201ces una muestra de lo que puede pasar si no se aprueba el proyecto&#8221;.<\/p>\n<hr>\n<p><strong>Mart\u00edn Menem afirm\u00f3 que aceptar\u00e1n sugerencias de mejora para la Ley \u00d3mnibus, pero el Gobierno \u201cNo negociar\u00e1 su norte\u201d<\/strong><\/p>\n<p>El Presidente de la C\u00e1mara de Diputados se\u00f1al\u00f3 que el proyecto que envi\u00f3 el Ejecutivo podr\u00eda contar con el apoyo necesario para su aprobaci\u00f3n con votos del PRO, el radicalismo, Innovaci\u00f3n y Cambio Federal.<\/p>\n<p>Menem dijo que es m\u00e1s que seguro que Uni\u00f3n por la Patria no acompa\u00f1ar\u00e1 la iniciativa y los critic\u00f3 por &#8220;atrasar 100 a\u00f1os con sus ideas econ\u00f3micas y pol\u00edticas&#8221;<\/p>\n<hr>\n<p><strong>La CGT le pidi\u00f3 a Mart\u00edn Menem participar del tratamiento de la Ley \u00d3mnibus<\/strong><\/p>\n<p>La central obrera le solicit\u00f3 al presidente de la C\u00e1mara de Diputados poder ser parte del debate parlamentario de la iniciativa enviada por el presidente Javier Milei porque creen que pueden contribuir a la discusi\u00f3n.<\/p>\n<p>Mediante un comunicado, informaron que el proyecto afecta y modifica los distintos aspectos de la vida social, laboral y econ\u00f3mica de los argentinos y que por eso es l\u00f3gica su participaci\u00f3n para garantizar la democracia.<\/p>\n<hr>\n<p><strong>Maximiliano Pullaro reivindic\u00f3 su postura contra el narcotr\u00e1fico tras las amenazas de muerte que recibi\u00f3&nbsp;<\/strong><\/p>\n<p>El gobernador de Santa Fe sostuvo que las advertencias \u201cno lo amedrantan\u201d y agreg\u00f3 que \u201cseguir\u00e1 trabajando para controlar a los violentos\u201d.<\/p>\n<p>Luego de sacar a su familia de Rosario tras recibir amenazas, Pullaro cuestion\u00f3 por Mitre la pol\u00edtica penitenciaria del anterior gobierno.<\/p>\n<p>Al respecto, Patricia Bullrich anunci\u00f3 medidas tras las amenazas que obligaron al gobernador de Santa Fe a sacar a su familia de Rosario.<\/p>\n<p>La ministra de Seguridad de la naci\u00f3n adelant\u00f3 que los presos de alto riesgo alojados en c\u00e1rceles federales ser\u00e1n pasados a aislamiento.<\/p>\n<hr>\n<p><strong>Para el ex director del FMI, Alejandro Werner, el organismo tiene dudas de la viabilidad del plan econ\u00f3mico de Javier Milei<\/strong><\/p>\n<p>Seg\u00fan el director del Instituto de las Am\u00e9ricas, el nuevo acuerdo con la entidad depender\u00e1 de la \u201ccapacidad del gobierno de ejecutar el ajuste anunciado\u201d.<\/p>\n<p>Por otro lado, Werner expres\u00f3 que \u201cMilei est\u00e1 comprometiendo un ajuste fiscal mayor\u201d de lo que pide el Fondo Monetario.<\/p>\n<hr>\n<p><strong>Levantaron el paro de colectivos en zona oeste<\/strong><\/p>\n<p>La medida reg\u00eda desde las 15hs del lunes.<\/p>\n<p>Los choferes reclamaban retraso en los pagos.<\/p>\n<p>Denunciaron no haber recibido el aguinaldo y solo el 40% del sueldo de diciembre.<\/p>\n<p>Desde la ma\u00f1ana del martes comenzaron a regularizarse los pagos.<\/p>\n<hr>\n<p><strong>El ente de turismo de Mar del Plata advirti\u00f3 una baja de visitantes en comparaci\u00f3n con la temporada anterior&nbsp;<\/strong><\/p>\n<p>Seg\u00fan inform\u00f3 el municipio, a pesar de que la cifra est\u00e1 por debajo de la que se alcanz\u00f3 el verano pasado, hay un s\u00f3lido comienzo de temporada.<\/p>\n<p>El ente indic\u00f3 que la ocupaci\u00f3n hotelera durante la primera semana fue de casi el 70 por ciento.<\/p>\n<p>Mar del Plata recibi\u00f3, hasta el momento, a 307.680 personas, es decir, unas 17.656 menos que a inicios del a\u00f1o pasado.<\/p>\n<hr>\n<p><strong>Ricardo Centuri\u00f3n no fue convocado para la pretemporada de V\u00e9lez en Uruguay<\/strong><\/p>\n<p>El futbolista se hab\u00eda reincorporado a los entrenamientos del club, sin embargo el nuevo entrenador, Gustavo Quinteros, no lo incluy\u00f3 entre los 31 convocados.<\/p>\n<p>De esta forma Centuri\u00f3n continuar\u00e1 trabajando en forma diferenciada e interdisciplinaria desde Argentina.<\/p>\n<p>El mediocampista tiene contrato con V\u00e9lez hasta diciembre de 2024 y viene de ser separado del plantel de Barracas Central debido a su falta de compromiso.<\/p>\n<h4>por Radio Perfil<\/h4>\n<div class=\"d-none \">\n<h3>Galer\u00eda de im\u00e1genes<\/h3>\n<div id=\"gallery-thumbnails\" class=\"bottom-gallery\">\n<a href=\"https:\/\/i0.wp.com\/fotos.perfil.com\/2023\/01\/27\/dolar-1499221.jpg?ssl=1\"><br \/>\n<img data-recalc-dims=\"1\" decoding=\"async\" src=\"https:\/\/i0.wp.com\/fotos.perfil.com\/2023\/01\/27\/cropped\/250\/250\/center\/dolar-1499221.jpg?w=640&#038;ssl=1\" alt=\"D\u00f3lar hoy.\"><br \/>\n<\/a>\n<\/div>\n<\/div>\n<p> <noscript><a href=\"https:\/\/ads.us.e-planning.net\/ei\/3\/294e2\/articulo\/teads?it=i&amp;rnd=$RANDOM\" target=\"_blank\" rel=\"noopener\"><img loading=\"lazy\" decoding=\"async\" width=\"1\" height=\"1\" alt=\"e-planning ad\" src=\"https:\/\/ads.us.e-planning.net\/eb\/3\/294e2\/articulo\/teads?o=i&amp;rnd=$RANDOM\" border=\"0\"><\/a><\/noscript> <\/p>\n","protected":false},"excerpt":{"rendered":"<p>El repaso de las noticias m\u00e1s destacadas del d\u00eda por el equipo period\u00edstico de Radio Perfil AM 1190. Escuch\u00e1 Radio Perfil en vivo haciendo click ac\u00e1 El Gobierno apunt\u00f3 contra el Congreso por la suba del d\u00f3lar El vocero presidencial, Manuel Adorni, asegur\u00f3 que el salto de los tipos de cambio paralelos se produjo por [&hellip;]<\/p>\n","protected":false},"author":2,"featured_media":6217,"comment_status":"closed","ping_status":"closed","sticky":false,"template":"","format":"standard","meta":{"jetpack_post_was_ever_published":false,"_jetpack_newsletter_access":"","_jetpack_dont_email_post_to_subs":false,"_jetpack_newsletter_tier_id":0,"_jetpack_memberships_contains_paywalled_content":false,"_jetpack_memberships_contains_paid_content":false,"footnotes":"","jetpack_publicize_message":"","jetpack_publicize_feature_enabled":true,"jetpack_social_post_already_shared":true,"jetpack_social_options":{"image_generator_settings":{"template":"highway","enabled":false},"version":2}},"categories":[17],"tags":[],"class_list":["post-6216","post","type-post","status-publish","format-standard","has-post-thumbnail","hentry","category-deportes"],"jetpack_publicize_connections":[],"jetpack_featured_media_url":"https:\/\/i0.wp.com\/infolanus.com\/wp-content\/uploads\/2024\/01\/el-gobierno-apunto-contra-el-congreso-por-la-suba-del-dolar.jpg?fit=250%2C250&ssl=1","jetpack_sharing_enabled":true,"jetpack_shortlink":"https:\/\/wp.me\/p9QtMr-1Cg","_links":{"self":[{"href":"https:\/\/infolanus.com\/index.php\/wp-json\/wp\/v2\/posts\/6216","targetHints":{"allow":["GET"]}}],"collection":[{"href":"https:\/\/infolanus.com\/index.php\/wp-json\/wp\/v2\/posts"}],"about":[{"href":"https:\/\/infolanus.com\/index.php\/wp-json\/wp\/v2\/types\/post"}],"author":[{"embeddable":true,"href":"https:\/\/infolanus.com\/index.php\/wp-json\/wp\/v2\/users\/2"}],"replies":[{"embeddable":true,"href":"https:\/\/infolanus.com\/index.php\/wp-json\/wp\/v2\/comments?post=6216"}],"version-history":[{"count":0,"href":"https:\/\/infolanus.com\/index.php\/wp-json\/wp\/v2\/posts\/6216\/revisions"}],"wp:featuredmedia":[{"embeddable":true,"href":"https:\/\/infolanus.com\/index.php\/wp-json\/wp\/v2\/media\/6217"}],"wp:attachment":[{"href":"https:\/\/infolanus.com\/index.php\/wp-json\/wp\/v2\/media?parent=6216"}],"wp:term":[{"taxonomy":"category","embeddable":true,"href":"https:\/\/infolanus.com\/index.php\/wp-json\/wp\/v2\/categories?post=6216"},{"taxonomy":"post_tag","embeddable":true,"href":"https:\/\/infolanus.com\/index.php\/wp-json\/wp\/v2\/tags?post=6216"}],"curies":[{"name":"wp","href":"https:\/\/api.w.org\/{rel}","templated":true}]}}