{"id":6222,"date":"2024-01-10T13:14:55","date_gmt":"2024-01-10T16:14:55","guid":{"rendered":"https:\/\/infolanus.com\/index.php\/2024\/01\/10\/nestor-grindetti-tajante-sobre-la-salida-de-juan-marconi-en-independiente-no-va-a-cambiar-nada\/"},"modified":"2024-01-10T13:14:55","modified_gmt":"2024-01-10T16:14:55","slug":"nestor-grindetti-tajante-sobre-la-salida-de-juan-marconi-en-independiente-no-va-a-cambiar-nada","status":"publish","type":"post","link":"https:\/\/infolanus.com\/index.php\/2024\/01\/10\/nestor-grindetti-tajante-sobre-la-salida-de-juan-marconi-en-independiente-no-va-a-cambiar-nada\/","title":{"rendered":"N\u00e9stor Grindetti tajante sobre la salida de Juan Marconi en Independiente: \u201cNo va a cambiar nada\u201d"},"content":{"rendered":"<div class=\"media_block\"><\/div>\n<div><img data-recalc-dims=\"1\" decoding=\"async\" src=\"https:\/\/i0.wp.com\/fotos.perfil.com\/2024\/01\/10\/trim\/1140\/641\/nestor-grindetti-juan-marconi-independiente-1735038.jpg?w=640&#038;ssl=1\" class=\"ff-og-image-inserted\"><\/div>\n<p>Lejos de ser un comienzo tranquilo del a\u00f1o para <a target=\"_blank\" href=\"https:\/\/442.perfil.com\/noticias\/futbol\/gabriel-avalos-se-convirtio-en-el-primer-refuerzo-de-independiente.phtml\" rel=\"noopener\"><strong>Independiente<\/strong><\/a>, sumado al inconveniente de \u00faltimo momento de no poder viajar a <strong>Estados Unidos<\/strong> a realizar su pretemporada, apareci\u00f3 la renuncia de <a target=\"_blank\" href=\"https:\/\/442.perfil.com\/noticias\/futbol\/juan-marconi-renuncio-como-vicepresidente-segundo-en-independiente.phtml\" rel=\"noopener\"><strong>Juan<\/strong> <strong>Marconi<\/strong><\/a> como vicepresidente segundo.<\/p>\n<p>Fue as\u00ed que el presidente del <em>Rojo<\/em>, <a target=\"_blank\" href=\"https:\/\/442.perfil.com\/noticias\/futbol\/la-respuesta-de-grindetti-a-bullrich-sobre-las-sad-lo-que-quiero-es-que-independiente-compre-al-chelsea.phtml\" rel=\"noopener\"><strong>N\u00e9stor Grindetti<\/strong><\/a>, se refiri\u00f3 a su salida apuntando en contra de \u00e9l y de <strong>Fabi\u00e1n Doman<\/strong>, quien presidi\u00f3 el club de octubre de 2022 a abril de 2023, haciendo referencia al corto per\u00edodo que estuvieron en el conjunto de <strong>Avellaneda<\/strong>: \u201cDoman se fue de un d\u00eda para el otro y Marconi ahora\u201d.<\/p>\n<p>&#8220;<strong>Vamos a ver qui\u00e9n va a reemplazar a Marconi. El telegrama de renuncia lleg\u00f3 reci\u00e9n hoy (martes) y en las pr\u00f3ximas horas veremos qu\u00e9 hacer. Estamos compactos, unidos y tomando las decisiones en conjunto, no va a cambiar para nada lo que venimos<\/strong> <strong>haciendo<\/strong>&#8220;, sostuvo <strong>Grindetti<\/strong> en en di\u00e1logo con <em>Radio La Red<\/em>.<\/p>\n<p>Y agreg\u00f3: &#8220;<strong>Me parece que hay que hacer algo para que estas situaciones no lleguen a los l\u00edmites. Aun en diferencias muy grandes, siempre hay un punto de encuentro entre las personas<\/strong>&#8220;.<\/p>\n<p>En cuanto a la gesti\u00f3n de la Comisi\u00f3n Directiva, que ya no cuenta con <strong>Fabi\u00e1n Doman<\/strong> y <strong>Marconi<\/strong>, se\u00f1al\u00f3: &#8220;<strong>Hemos cancelado much\u00edsima deuda, con la ayuda y la idea de (Santiago) Maratea y con todos los socios y simpatizantes que fueron colaborando. Estamos trabajando bien organizados y por eso organizamos muy bien los tiempos de cada uno<\/strong>&#8220;.<\/p>\n<h2>La explicaci\u00f3n de Marconi tras su salida de Independiente<\/h2>\n<p><strong>Marconi<\/strong> le puso punto final a su ciclo como vice tras anunciarlo este lunes: &#8220;<strong>La decisi\u00f3n ya est\u00e1 tomada. Hace rato que lo vengo meditando, pensando, en conjunto con la gente de Independiente Presente. No es una situaci\u00f3n ni una decisi\u00f3n f\u00e1cil, porque para m\u00ed Independiente es mi vida. Creo que esto es lo mejor, de lo m\u00e1s reciente para atr\u00e1s hay un mont\u00f3n de argumentos.<\/strong><strong> Creo que sobre todo los que merecen saberlo son todos los que fueron a votar, j\u00f3venes, mujeres y adultos<\/strong>&#8220;.<\/p>\n<p>En esa l\u00ednea, continu\u00f3: &#8220;<strong>Hay una Comisi\u00f3n Directiva que tiene una forma de conducir y yo me encuentro muy en contra de esa forma de conducir. Los respeto, pero estoy muy en desacuerdo y me encuentro muy solo, as\u00ed que prefiero correrme. Cuando uno propone, propone, lleva ideas, lleva proyectos y ninguno avanza, lo respeto. Pero me corresponde irme. En la \u00faltima reuni\u00f3n de CD se eligi\u00f3 a un vicepresidente primero que estuvo en las \u00faltimas dos gestiones de Hugo Moyano<\/strong>&#8220;.<\/p>\n<p>JP<\/p>\n","protected":false},"excerpt":{"rendered":"<p>Lejos de ser un comienzo tranquilo del a\u00f1o para Independiente, sumado al inconveniente de \u00faltimo momento de no poder viajar a Estados Unidos a realizar su pretemporada, apareci\u00f3 la renuncia de Juan Marconi como vicepresidente segundo. Fue as\u00ed que el presidente del Rojo, N\u00e9stor Grindetti, se refiri\u00f3 a su salida apuntando en contra de \u00e9l [&hellip;]<\/p>\n","protected":false},"author":2,"featured_media":6223,"comment_status":"closed","ping_status":"closed","sticky":false,"template":"","format":"standard","meta":{"jetpack_post_was_ever_published":false,"_jetpack_newsletter_access":"","_jetpack_dont_email_post_to_subs":false,"_jetpack_newsletter_tier_id":0,"_jetpack_memberships_contains_paywalled_content":false,"_jetpack_memberships_contains_paid_content":false,"footnotes":"","jetpack_publicize_message":"","jetpack_publicize_feature_enabled":true,"jetpack_social_post_already_shared":true,"jetpack_social_options":{"image_generator_settings":{"template":"highway","enabled":false},"version":2}},"categories":[17],"tags":[],"class_list":["post-6222","post","type-post","status-publish","format-standard","has-post-thumbnail","hentry","category-deportes"],"jetpack_publicize_connections":[],"jetpack_featured_media_url":"https:\/\/i0.wp.com\/infolanus.com\/wp-content\/uploads\/2024\/01\/nestor-grindetti-tajante-sobre-la-salida-de-juan-marconi-en-independiente-no-va-a-cambiar-nada.jpg?fit=1140%2C641&ssl=1","jetpack_sharing_enabled":true,"jetpack_shortlink":"https:\/\/wp.me\/p9QtMr-1Cm","_links":{"self":[{"href":"https:\/\/infolanus.com\/index.php\/wp-json\/wp\/v2\/posts\/6222","targetHints":{"allow":["GET"]}}],"collection":[{"href":"https:\/\/infolanus.com\/index.php\/wp-json\/wp\/v2\/posts"}],"about":[{"href":"https:\/\/infolanus.com\/index.php\/wp-json\/wp\/v2\/types\/post"}],"author":[{"embeddable":true,"href":"https:\/\/infolanus.com\/index.php\/wp-json\/wp\/v2\/users\/2"}],"replies":[{"embeddable":true,"href":"https:\/\/infolanus.com\/index.php\/wp-json\/wp\/v2\/comments?post=6222"}],"version-history":[{"count":0,"href":"https:\/\/infolanus.com\/index.php\/wp-json\/wp\/v2\/posts\/6222\/revisions"}],"wp:featuredmedia":[{"embeddable":true,"href":"https:\/\/infolanus.com\/index.php\/wp-json\/wp\/v2\/media\/6223"}],"wp:attachment":[{"href":"https:\/\/infolanus.com\/index.php\/wp-json\/wp\/v2\/media?parent=6222"}],"wp:term":[{"taxonomy":"category","embeddable":true,"href":"https:\/\/infolanus.com\/index.php\/wp-json\/wp\/v2\/categories?post=6222"},{"taxonomy":"post_tag","embeddable":true,"href":"https:\/\/infolanus.com\/index.php\/wp-json\/wp\/v2\/tags?post=6222"}],"curies":[{"name":"wp","href":"https:\/\/api.w.org\/{rel}","templated":true}]}}