{"id":6238,"date":"2024-01-11T23:05:41","date_gmt":"2024-01-12T02:05:41","guid":{"rendered":"https:\/\/infolanus.com\/index.php\/2024\/01\/11\/la-primera-lista-de-convocados-de-diego-martinez-en-boca-quienes-estan-para-el-primer-amistoso-ante-gimnasia-y-tiro\/"},"modified":"2024-01-11T23:05:41","modified_gmt":"2024-01-12T02:05:41","slug":"la-primera-lista-de-convocados-de-diego-martinez-en-boca-quienes-estan-para-el-primer-amistoso-ante-gimnasia-y-tiro","status":"publish","type":"post","link":"https:\/\/infolanus.com\/index.php\/2024\/01\/11\/la-primera-lista-de-convocados-de-diego-martinez-en-boca-quienes-estan-para-el-primer-amistoso-ante-gimnasia-y-tiro\/","title":{"rendered":"La primera lista de convocados de Diego Mart\u00ednez en Boca: qui\u00e9nes est\u00e1n para el primer amistoso ante Gimnasia y Tiro"},"content":{"rendered":"<div class=\"media_block\"><\/div>\n<div><img data-recalc-dims=\"1\" decoding=\"async\" src=\"https:\/\/i0.wp.com\/fotos.perfil.com\/2024\/01\/11\/trim\/1140\/641\/diego-martinez-convocados-1736206.jpg?w=640&#038;ssl=1\" class=\"ff-og-image-inserted\"><\/div>\n<p>De cara a este s\u00e1bado donde <a target=\"_blank\" href=\"https:\/\/442.perfil.com\/noticias\/futbol\/este-podria-ser-el-equipo-que-presentaria-diego-martinez-en-el-primer-amistoso-del-ano.phtml\" rel=\"noopener\"><strong>Boca Juniors<\/strong><\/a> se enfrentar\u00e1 a <strong>Gimnasia y Tiro de Salta<\/strong> por un amistoso de pretemporada, el nuevo t\u00e9cnico <em><strong>Xeneize<\/strong><\/em> <a target=\"_blank\" href=\"https:\/\/442.perfil.com\/noticias\/futbol\/todo-confirmado-cuando-debuta-diego-martinez-como-entrenador-en-boca.phtml\" rel=\"noopener\"><strong>Diego Mart\u00ednez<\/strong><\/a> <strong>defini\u00f3 su primera lista de convocados<\/strong>.<\/p>\n<p>Para ese encuentro en la provincia de <strong>Salta<\/strong>, los <strong>futbolistas convocados<\/strong> son: <strong>Sergio Romero, Javier Garc\u00eda, Nicol\u00e1s Figal, Marcos Rojo, Cristian Lema, Aaron Anselmino, Luis Adv\u00edncula, Marcelo Saracchi, Frank Fabra, Lucas Blondel, Marcelo Weigandt, Jorman Campuzano, Ezequiel Fern\u00e1ndez, Mauricio Ben\u00edtez, Juan Ram\u00edrez, Ezequiel Bullaude, Jaber Saralegui, Vicente Taborda, Lucas Janson, Luca Langoni, Miguel Merentiel, Dar\u00edo Benedetto y Norberto Briasco<\/strong>.<\/p>\n<p>La gran sorpresa de esta primera lista de convocados del a\u00f1o,<strong> es la ausencia de la figura mundial<\/strong> <strong>Edinson Cavani<\/strong>, quien ven\u00eda entrenando con el resto de los jugadores.<\/p>\n<p>A pesar de haber entrenado a la par de sus compa\u00f1eros, <strong>el uruguayo se estar\u00eda reponiendo de su f\u00edsico luego de la lesi\u00f3n muscular sufrida a fin de a\u00f1o<\/strong>.<\/p>\n<p><strong>Aaron Anselmino, Mauricio Ben\u00edtez y Jabes Saralegui<\/strong> son los<strong> \u00fanicos juveniles presentes en esta primera convocatoria<\/strong>. Esto se debe ya que tanto<strong> Leandro Brey , Nicol\u00e1s Valentini, Cristian Medina, Ezequiel Gonz\u00e1lez y Valent\u00edn Barco<\/strong>, se encuentran con<strong> Javier Mascherano<\/strong> para preparar el <strong>Preol\u00edmpico de la Selecci\u00f3n Argentina sub 23<\/strong>.<\/p>\n<p>Por otra parte, esta lista tambi\u00e9n cuenta con el reci\u00e9n ingresado al plantel, <strong>Cristian Lema<\/strong>, quien adem\u00e1s es hasta el momento <strong>el \u00fanico refuerzo de la instituci\u00f3n de la Ribera<\/strong>.<\/p>\n<p>FMZ<\/p>\n","protected":false},"excerpt":{"rendered":"<p>De cara a este s\u00e1bado donde Boca Juniors se enfrentar\u00e1 a Gimnasia y Tiro de Salta por un amistoso de pretemporada, el nuevo t\u00e9cnico Xeneize Diego Mart\u00ednez defini\u00f3 su primera lista de convocados. Para ese encuentro en la provincia de Salta, los futbolistas convocados son: Sergio Romero, Javier Garc\u00eda, Nicol\u00e1s Figal, Marcos Rojo, Cristian Lema, [&hellip;]<\/p>\n","protected":false},"author":2,"featured_media":6239,"comment_status":"closed","ping_status":"closed","sticky":false,"template":"","format":"standard","meta":{"jetpack_post_was_ever_published":false,"_jetpack_newsletter_access":"","_jetpack_dont_email_post_to_subs":false,"_jetpack_newsletter_tier_id":0,"_jetpack_memberships_contains_paywalled_content":false,"_jetpack_memberships_contains_paid_content":false,"footnotes":"","jetpack_publicize_message":"","jetpack_publicize_feature_enabled":true,"jetpack_social_post_already_shared":true,"jetpack_social_options":{"image_generator_settings":{"template":"highway","enabled":false},"version":2}},"categories":[17],"tags":[],"class_list":["post-6238","post","type-post","status-publish","format-standard","has-post-thumbnail","hentry","category-deportes"],"jetpack_publicize_connections":[],"jetpack_featured_media_url":"https:\/\/i0.wp.com\/infolanus.com\/wp-content\/uploads\/2024\/01\/la-primera-lista-de-convocados-de-diego-martinez-en-boca-quienes-estan-para-el-primer-amistoso-ante-gimnasia-y-tiro.jpg?fit=1140%2C641&ssl=1","jetpack_sharing_enabled":true,"jetpack_shortlink":"https:\/\/wp.me\/p9QtMr-1CC","_links":{"self":[{"href":"https:\/\/infolanus.com\/index.php\/wp-json\/wp\/v2\/posts\/6238","targetHints":{"allow":["GET"]}}],"collection":[{"href":"https:\/\/infolanus.com\/index.php\/wp-json\/wp\/v2\/posts"}],"about":[{"href":"https:\/\/infolanus.com\/index.php\/wp-json\/wp\/v2\/types\/post"}],"author":[{"embeddable":true,"href":"https:\/\/infolanus.com\/index.php\/wp-json\/wp\/v2\/users\/2"}],"replies":[{"embeddable":true,"href":"https:\/\/infolanus.com\/index.php\/wp-json\/wp\/v2\/comments?post=6238"}],"version-history":[{"count":0,"href":"https:\/\/infolanus.com\/index.php\/wp-json\/wp\/v2\/posts\/6238\/revisions"}],"wp:featuredmedia":[{"embeddable":true,"href":"https:\/\/infolanus.com\/index.php\/wp-json\/wp\/v2\/media\/6239"}],"wp:attachment":[{"href":"https:\/\/infolanus.com\/index.php\/wp-json\/wp\/v2\/media?parent=6238"}],"wp:term":[{"taxonomy":"category","embeddable":true,"href":"https:\/\/infolanus.com\/index.php\/wp-json\/wp\/v2\/categories?post=6238"},{"taxonomy":"post_tag","embeddable":true,"href":"https:\/\/infolanus.com\/index.php\/wp-json\/wp\/v2\/tags?post=6238"}],"curies":[{"name":"wp","href":"https:\/\/api.w.org\/{rel}","templated":true}]}}