{"id":6243,"date":"2024-01-12T17:35:29","date_gmt":"2024-01-12T20:35:29","guid":{"rendered":"https:\/\/www.inforegion.com.ar\/?p=294199"},"modified":"2024-01-12T17:35:29","modified_gmt":"2024-01-12T20:35:29","slug":"polemica-en-lanus-por-la-ola-de-inseguridad","status":"publish","type":"post","link":"https:\/\/infolanus.com\/index.php\/2024\/01\/12\/polemica-en-lanus-por-la-ola-de-inseguridad\/","title":{"rendered":"Pol\u00e9mica en Lan\u00fas por la ola de inseguridad"},"content":{"rendered":"<div><img data-recalc-dims=\"1\" decoding=\"async\" src=\"https:\/\/i0.wp.com\/www.inforegion.com.ar\/wp-content\/uploads\/2024\/01\/Seguridad-Lanus.jpg?w=640&#038;ssl=1\" class=\"ff-og-image-inserted\"><\/div>\n<p>En medio de una ola de inseguridad que azota el municipio de Lan\u00fas, el <a href=\"https:\/\/www.instagram.com\/bloquejuntoslanus\">bloque de concejales de Juntos por el Cambio<\/a> sali\u00f3 a <strong>cuestionar al intendente, el camporista Juli\u00e1n \u00c1lvarez, q<\/strong>uien enfrenta un incremento de casos de gran repercusi\u00f3n p\u00fablica.<\/p>\n<p>Entre esos casos, se destacan el <strong>asesinato de <a href=\"https:\/\/www.inforegion.com.ar\/2024\/01\/08\/asesinato-a-sangre-fria-en-lanus\/\">Eugenio Sipatov en Remedios de Escalada<\/a> y la cacer\u00eda por parte de motochorros, en pleno Lanusita <\/strong>a metros de la sede municipal y de la comisar\u00eda I, en una <a href=\"https:\/\/www.inforegion.com.ar\/2024\/01\/11\/salidera-bancaria-en-el-centro-de-lanus\/\">salidera bancaria<\/a> contra una persona que hab\u00eda retirado fondos para pagar sueldos.<\/p>\n<p>Mediante un comunicado difundido a trav\u00e9s de sus redes sociales, el bloque de concejales de Juntos por el Cambio en Lan\u00fas <strong>se manifest\u00f3 sobre la crisis de seguridad que atraviesa el distrito<\/strong>, y las versiones de que se disolver\u00eda el \u00e1rea de Seguridad Ciudadana.<\/p>\n<p>\u201cAnte el incremento de los hechos de inseguridad en Lan\u00fas y la inquietud que ha generado en los vecinos la <strong>presunta disoluci\u00f3n del \u00e1rea municipal de Seguridad Ciudadana<\/strong>, es que desde el bloque de concejales de Juntos por Lan\u00fas, manifestamos nuestra profunda preocupaci\u00f3n ante lo que ser\u00eda desarmar el esquema de seguridad que tantos a\u00f1os nos llev\u00f3 desarrollar y permiti\u00f3 bajar, considerablemente, la cantidad de delitos\u201d, precisa el comunicado.<\/p>\n<p>En ese sentido el texto agrega: \u201cEs en buena hora y nos alegra como vecinos del Lan\u00fas, que <strong>despu\u00e9s de cuatro a\u00f1os de reclamar por m\u00e1s efectivos y m\u00f3viles<\/strong>, el gobernador de la provincia de Buenos Aires, <a href=\"https:\/\/www.inforegion.com.ar\/2024\/01\/11\/inseguridad-en-lanus-julian-alvarez-se-reunio-con-el-ministro-de-seguridad-bonaerense\/\">Axel Kicillof, haya priorizado a nuestra ciudad y envi\u00e9 240 efectivos, 10 patrulleros y 12 motos<\/a>. Cantidades, que de ser cierta la disoluci\u00f3n del \u00e1rea de Protecci\u00f3n Ciudadana Municipal, no alcanzar\u00edan a cubrir a los agentes y los m\u00f3viles que nuestro gobierno dej\u00f3 disponibles\u201d.<\/p>\n<p>\u201cA\u00fan as\u00ed, le pedimos al intendente Juli\u00e1n \u00c1lvarez que <strong>p\u00fablicamente d\u00e9 a conocer, a todos los vecinos de Lan\u00fas, el Plan de Seguridad <\/strong>que desarroll\u00f3 para nuestra ciudad\u201d, desafiaron los ediles opositores.<\/p>\n","protected":false},"excerpt":{"rendered":"<p>En medio de una ola de inseguridad que azota el municipio de Lan\u00fas, el bloque de concejales de Juntos por el Cambio sali\u00f3 a cuestionar al intendente, el camporista Juli\u00e1n \u00c1lvarez, quien enfrenta un incremento de casos de gran repercusi\u00f3n p\u00fablica. Entre esos casos, se destacan el asesinato de Eugenio Sipatov en Remedios de Escalada [&hellip;]<\/p>\n","protected":false},"author":2,"featured_media":6244,"comment_status":"closed","ping_status":"closed","sticky":false,"template":"","format":"standard","meta":{"jetpack_post_was_ever_published":false,"_jetpack_newsletter_access":"","_jetpack_dont_email_post_to_subs":false,"_jetpack_newsletter_tier_id":0,"_jetpack_memberships_contains_paywalled_content":false,"_jetpack_memberships_contains_paid_content":false,"footnotes":"","jetpack_publicize_message":"","jetpack_publicize_feature_enabled":true,"jetpack_social_post_already_shared":true,"jetpack_social_options":{"image_generator_settings":{"template":"highway","enabled":false},"version":2}},"categories":[19],"tags":[773,774,305,427,1591,23,796],"class_list":["post-6243","post","type-post","status-publish","format-standard","has-post-thumbnail","hentry","category-municipio","tag-centrales","tag-destacadas","tag-inseguridad","tag-julian-alvarez","tag-juntos-por-elcambio","tag-lanus","tag-seguridad-y-justicia"],"jetpack_publicize_connections":[],"jetpack_featured_media_url":"https:\/\/i0.wp.com\/infolanus.com\/wp-content\/uploads\/2024\/01\/polemica-en-lanus-por-la-ola-de-inseguridad.jpg?fit=640%2C360&ssl=1","jetpack_sharing_enabled":true,"jetpack_shortlink":"https:\/\/wp.me\/p9QtMr-1CH","_links":{"self":[{"href":"https:\/\/infolanus.com\/index.php\/wp-json\/wp\/v2\/posts\/6243","targetHints":{"allow":["GET"]}}],"collection":[{"href":"https:\/\/infolanus.com\/index.php\/wp-json\/wp\/v2\/posts"}],"about":[{"href":"https:\/\/infolanus.com\/index.php\/wp-json\/wp\/v2\/types\/post"}],"author":[{"embeddable":true,"href":"https:\/\/infolanus.com\/index.php\/wp-json\/wp\/v2\/users\/2"}],"replies":[{"embeddable":true,"href":"https:\/\/infolanus.com\/index.php\/wp-json\/wp\/v2\/comments?post=6243"}],"version-history":[{"count":0,"href":"https:\/\/infolanus.com\/index.php\/wp-json\/wp\/v2\/posts\/6243\/revisions"}],"wp:featuredmedia":[{"embeddable":true,"href":"https:\/\/infolanus.com\/index.php\/wp-json\/wp\/v2\/media\/6244"}],"wp:attachment":[{"href":"https:\/\/infolanus.com\/index.php\/wp-json\/wp\/v2\/media?parent=6243"}],"wp:term":[{"taxonomy":"category","embeddable":true,"href":"https:\/\/infolanus.com\/index.php\/wp-json\/wp\/v2\/categories?post=6243"},{"taxonomy":"post_tag","embeddable":true,"href":"https:\/\/infolanus.com\/index.php\/wp-json\/wp\/v2\/tags?post=6243"}],"curies":[{"name":"wp","href":"https:\/\/api.w.org\/{rel}","templated":true}]}}