{"id":6251,"date":"2024-01-13T22:37:57","date_gmt":"2024-01-14T01:37:57","guid":{"rendered":"https:\/\/www.ambito.com\/mundo\/arremetida-narco-ecuador-liberan-41-rehenes-carceles-pero-136-siguen-retenidos-n5920914"},"modified":"2024-01-13T22:37:57","modified_gmt":"2024-01-14T01:37:57","slug":"arremetida-narco-en-ecuador-liberan-a-41-rehenes-en-carceles-pero-136-siguen-retenidos","status":"publish","type":"post","link":"https:\/\/infolanus.com\/index.php\/2024\/01\/13\/arremetida-narco-en-ecuador-liberan-a-41-rehenes-en-carceles-pero-136-siguen-retenidos\/","title":{"rendered":"Arremetida narco en Ecuador: liberan a 41 rehenes en c\u00e1rceles pero 136 siguen retenidos"},"content":{"rendered":"<div><img data-recalc-dims=\"1\" decoding=\"async\" src=\"https:\/\/i0.wp.com\/media.ambito.com\/p\/472b1ca20aeddc246119ebdb139a4cbd\/adjuntos\/239\/imagenes\/041\/256\/0041256492\/rehenesecuadorjpeg.jpeg?w=640&#038;ssl=1\" class=\"ff-og-image-inserted\"><\/div>\n<div id>\n<p>Una veintena de organizaciones siembran terror en el pa\u00eds y desde las c\u00e1rceles imponen su poder violento, en represalia por las pol\u00edticas de mano firme del gobierno para enfrentar a estos grupos, en <strong>un pa\u00eds que hasta hace pocos a\u00f1os era considerado tranquilo<\/strong>.<\/p>\n<\/div>\n<div id>\n<p>En balances que se publicados, el SNAI inform\u00f3 la <strong>liberaci\u00f3n de 24 guardias penitenciarios y 17 empleados administrativos.<\/strong> El pasado jueves hab\u00edan informado sobre 178 rehenes, y el viernes anunciaron la liberaci\u00f3n de tres de ellos.<\/p>\n<\/div>\n<div id>\n<p><strong>&#8220;Todo bien, todo bien, gracias&#8221;<\/strong>, expres\u00f3 no de los guardias carcelarios. Otro de los liberados luce sonriente, en un video divulgado por la policia.<\/p>\n<\/div>\n<div id>\n<p><strong>&#8220;Ya les vamos a traer hidrataci\u00f3n&#8221;<\/strong>, dice un agente, al paso de los liberados en una operaci\u00f3n que cont\u00f3 con el apoyo de la Iglesia cat\u00f3lica.<\/p>\n<p>De acuerdo al SNAI, 133 vigilantes y tres empleados siguen como rehenes dentro de las c\u00e1rceles.<\/p>\n<p>Tambi\u00e9n inform\u00f3 sobre <strong>la muerte de un guardia por enfrentamientos con presos <\/strong>este s\u00e1bado en El Oro (suroeste) fronterizo con Per\u00fa, lo que aumenta el balance de <strong>fallecidos a 19, entre civiles, guardias carcelarios, polic\u00edas y presos<\/strong>.<\/p>\n<h2>La violencia que se vive en Ecuador por la arremetida del narco<\/h2>\n<p>La reciente <strong>arremetida de la violencia vinculada al narcotr\u00e1fico<\/strong>, <a href=\"https:\/\/www.ambito.com\/mundo\/quien-es-fito-macias-la-mente-maestra-que-pone-jaque-ecuador-n5917919\" target=\"_blank\" rel=\"follow noopener\">luego de la fuga de Fito Mac\u00edas<\/a>, dej\u00f3 al menos diez muertos en Ecuador, cuyo presidente declar\u00f3 un &#8220;conflicto armado interno&#8221; y envi\u00f3 a los militares a las calles despu\u00e9s de que <a href=\"https:\/\/www.ambito.com\/mundo\/violencia-ecuador-grupo-armado-irrumpio-un-canal-tv-y-secuestro-los-empleados-n5917475\" target=\"_blank\" rel=\"follow noopener\">hombres armados irrumpieran en directo en un canal televisivo<\/a>. Adem\u00e1s, <a href=\"https:\/\/www.ambito.com\/mundo\/ola-violencia-ecuador-las-imagenes-que-recorren-el-n5917564\" target=\"_blank\" rel=\"follow noopener\">funcionarios de prisiones retenidos por presos, polic\u00edas secuestrados, ataques con explosivos y veh\u00edculos incendiados.<\/a><\/p>\n<p>Aunque la actividad se reanud\u00f3 casi por completo en las principales ciudades tras varios d\u00edas de confinamiento, el terror inunda las calles. A diario circulan videos en redes sociales sobre crueles asesinatos de miembros de la fuerza p\u00fablica, supuestos saqueos y ataques.<\/p>\n<p>Cientos de soldados y polic\u00edas buscan a Fito, mientras rige un estado de excepci\u00f3n en todo el pa\u00eds, incluidas las penitenciarias, y un toque de queda de seis horas, desde las 23H00 locales (04H00 GMT).<\/p>\n<p><strong>En los \u00faltimos cinco a\u00f1os, la tasa de homicidios por cada 100.000 habitantes pas\u00f3 de 6 a 46 en 2023<\/strong>.<\/p>\n<\/div>\n","protected":false},"excerpt":{"rendered":"<p>Una veintena de organizaciones siembran terror en el pa\u00eds y desde las c\u00e1rceles imponen su poder violento, en represalia por las pol\u00edticas de mano firme del gobierno para enfrentar a estos grupos, en un pa\u00eds que hasta hace pocos a\u00f1os era considerado tranquilo. En balances que se publicados, el SNAI inform\u00f3 la liberaci\u00f3n de 24 [&hellip;]<\/p>\n","protected":false},"author":2,"featured_media":6252,"comment_status":"closed","ping_status":"closed","sticky":false,"template":"","format":"standard","meta":{"jetpack_post_was_ever_published":false,"_jetpack_newsletter_access":"","_jetpack_dont_email_post_to_subs":false,"_jetpack_newsletter_tier_id":0,"_jetpack_memberships_contains_paywalled_content":false,"_jetpack_memberships_contains_paid_content":false,"footnotes":"","jetpack_publicize_message":"","jetpack_publicize_feature_enabled":true,"jetpack_social_post_already_shared":true,"jetpack_social_options":{"image_generator_settings":{"template":"highway","enabled":false},"version":2}},"categories":[20],"tags":[],"class_list":["post-6251","post","type-post","status-publish","format-standard","has-post-thumbnail","hentry","category-mundo"],"jetpack_publicize_connections":[],"jetpack_featured_media_url":"https:\/\/i0.wp.com\/infolanus.com\/wp-content\/uploads\/2024\/01\/arremetida-narco-en-ecuador-liberan-a-41-rehenes-en-carceles-pero-136-siguen-retenidos.jpg?fit=1200%2C675&ssl=1","jetpack_sharing_enabled":true,"jetpack_shortlink":"https:\/\/wp.me\/p9QtMr-1CP","_links":{"self":[{"href":"https:\/\/infolanus.com\/index.php\/wp-json\/wp\/v2\/posts\/6251","targetHints":{"allow":["GET"]}}],"collection":[{"href":"https:\/\/infolanus.com\/index.php\/wp-json\/wp\/v2\/posts"}],"about":[{"href":"https:\/\/infolanus.com\/index.php\/wp-json\/wp\/v2\/types\/post"}],"author":[{"embeddable":true,"href":"https:\/\/infolanus.com\/index.php\/wp-json\/wp\/v2\/users\/2"}],"replies":[{"embeddable":true,"href":"https:\/\/infolanus.com\/index.php\/wp-json\/wp\/v2\/comments?post=6251"}],"version-history":[{"count":0,"href":"https:\/\/infolanus.com\/index.php\/wp-json\/wp\/v2\/posts\/6251\/revisions"}],"wp:featuredmedia":[{"embeddable":true,"href":"https:\/\/infolanus.com\/index.php\/wp-json\/wp\/v2\/media\/6252"}],"wp:attachment":[{"href":"https:\/\/infolanus.com\/index.php\/wp-json\/wp\/v2\/media?parent=6251"}],"wp:term":[{"taxonomy":"category","embeddable":true,"href":"https:\/\/infolanus.com\/index.php\/wp-json\/wp\/v2\/categories?post=6251"},{"taxonomy":"post_tag","embeddable":true,"href":"https:\/\/infolanus.com\/index.php\/wp-json\/wp\/v2\/tags?post=6251"}],"curies":[{"name":"wp","href":"https:\/\/api.w.org\/{rel}","templated":true}]}}