{"id":6273,"date":"2024-01-15T11:34:58","date_gmt":"2024-01-15T14:34:58","guid":{"rendered":"https:\/\/www.inforegion.com.ar\/?p=294395"},"modified":"2024-01-15T11:34:58","modified_gmt":"2024-01-15T14:34:58","slug":"milei-compartio-un-hecho-de-crueldad-animal-para-dar-con-el-conductor-es-de-remedios-de-escalada","status":"publish","type":"post","link":"https:\/\/infolanus.com\/index.php\/2024\/01\/15\/milei-compartio-un-hecho-de-crueldad-animal-para-dar-con-el-conductor-es-de-remedios-de-escalada\/","title":{"rendered":"Milei comparti\u00f3 un hecho de crueldad animal para dar con el conductor: es de Remedios de Escalada"},"content":{"rendered":"<div><img data-recalc-dims=\"1\" decoding=\"async\" src=\"https:\/\/i0.wp.com\/www.inforegion.com.ar\/wp-content\/uploads\/2024\/01\/lo-mas-importante-es-que-hoy-todos-voten-segun-sus-convicciones-2024-01-15T113222.095.jpg?w=640&#038;ssl=1\" class=\"ff-og-image-inserted\"><\/div>\n<p>El presidente Javier Milei comparti\u00f3 en su perfil de la red social X un video donde se muestra un incidente en el que un <strong>autob\u00fas escolar atropella y causa la muerte de un perro<\/strong> en la localidad de <strong>Remedios de Escalada, partido de Lan\u00fas<\/strong>. Adem\u00e1s, s<strong>e uni\u00f3 a una campa\u00f1a liderada por otros usuarios para identificar al conductor involucrado.<\/strong><\/p>\n<p>Milei, conocido por expresar p\u00fablicamente su afecto hacia los perros en diversas ocasiones, retuite\u00f3 el mensaje de la cuenta @DiegoMac227, tambi\u00e9n conocida como Escuela Austr\u00edaca de Econom\u00eda en la esfera de Twitter. En dicho tuit,<strong> el usuario insta a la comunidad a buscar a la persona responsable del incidente, utilizando un t\u00e9rmino despectivo para describirla, y proporciona el n\u00famero de matr\u00edcula del veh\u00edculo involucrado.<\/strong><\/p>\n<p>\u201cCualquier informaci\u00f3n que sepan comenten que a&nbsp;<strong>este miserable pagar\u00e1 con l\u00e1grimas lo que hizo\u201d<\/strong>, apunta.<\/p>\n<p>La cuenta Escuela Austr\u00edaca de Econom\u00eda retuitea el mensaje de la usuaria @flogna75. Paola Flogna, quien se identifica como la autora del tuit,<strong> comparte un video donde se muestra el incidente en el que un autob\u00fas escolar atropella a un perro de color negro en plena calle<\/strong>. Adem\u00e1s, adjunta una fotograf\u00eda que muestra claramente la matr\u00edcula del veh\u00edculo involucrado.<\/p>\n<p><strong>Im\u00e1genes sensibles.<\/strong><\/p>\n<figure class=\"wp-block-video\"><video controls src=\"https:\/\/www.inforegion.com.ar\/wp-content\/uploads\/2024\/01\/ANIMAL\u00a1IndignanteUncolectiveroatropellaaunperritoenLanusElPresidenteJavierMileicompartioensucuentadeXelvideocaptadoporunacamaradeseguridadyrepudioelhecho.JusticiaParaLosAni.mp4\"><\/video><\/figure>\n<p>Flogna expres\u00f3 su indignaci\u00f3n al escribir: \u201c#Pelotudo no es la palabra, H,D,P esto pas\u00f3 en #Lan\u00fas. Que se haga viral @JMilei\u201d, haciendo un llamado al presidente Javier Milei para que tome conocimiento de la situaci\u00f3n y la difunda.<\/p>\n<p>El Presidente<strong>, impactado por la perturbadora conducta del conductor, comparti\u00f3 en su cuenta de la red social X la solicitud de identificaci\u00f3n del responsable y el llamado a que se haga justicia<\/strong> por el atropello del animal.<\/p>\n<p>El afecto de Milei hacia los animales se destac\u00f3 este fin de semana cuando comparti\u00f3 en redes sociales los progresos en la construcci\u00f3n de caniles destinados a albergar a sus mascotas durante su residencia en la Residencia de Olivos.<\/p>\n","protected":false},"excerpt":{"rendered":"<p>El presidente Javier Milei comparti\u00f3 en su perfil de la red social X un video donde se muestra un incidente en el que un autob\u00fas escolar atropella y causa la muerte de un perro en la localidad de Remedios de Escalada, partido de Lan\u00fas. Adem\u00e1s, se uni\u00f3 a una campa\u00f1a liderada por otros usuarios para [&hellip;]<\/p>\n","protected":false},"author":2,"featured_media":6274,"comment_status":"closed","ping_status":"closed","sticky":false,"template":"","format":"standard","meta":{"jetpack_post_was_ever_published":false,"_jetpack_newsletter_access":"","_jetpack_dont_email_post_to_subs":false,"_jetpack_newsletter_tier_id":0,"_jetpack_memberships_contains_paywalled_content":false,"_jetpack_memberships_contains_paid_content":false,"footnotes":"","jetpack_publicize_message":"","jetpack_publicize_feature_enabled":true,"jetpack_social_post_already_shared":true,"jetpack_social_options":{"image_generator_settings":{"template":"highway","enabled":false},"version":2}},"categories":[19],"tags":[1597,1598,773,774,23,42,788],"class_list":["post-6273","post","type-post","status-publish","format-standard","has-post-thumbnail","hentry","category-municipio","tag-atropello-a-un-perro","tag-autobus-escolar","tag-centrales","tag-destacadas","tag-lanus","tag-remedios-de-escalada","tag-sociedad"],"jetpack_publicize_connections":[],"jetpack_featured_media_url":"https:\/\/i0.wp.com\/infolanus.com\/wp-content\/uploads\/2024\/01\/milei-compartio-un-hecho-de-crueldad-animal-para-dar-con-el-conductor-es-de-remedios-de-escalada.jpg?fit=1200%2C675&ssl=1","jetpack_sharing_enabled":true,"jetpack_shortlink":"https:\/\/wp.me\/p9QtMr-1Db","_links":{"self":[{"href":"https:\/\/infolanus.com\/index.php\/wp-json\/wp\/v2\/posts\/6273","targetHints":{"allow":["GET"]}}],"collection":[{"href":"https:\/\/infolanus.com\/index.php\/wp-json\/wp\/v2\/posts"}],"about":[{"href":"https:\/\/infolanus.com\/index.php\/wp-json\/wp\/v2\/types\/post"}],"author":[{"embeddable":true,"href":"https:\/\/infolanus.com\/index.php\/wp-json\/wp\/v2\/users\/2"}],"replies":[{"embeddable":true,"href":"https:\/\/infolanus.com\/index.php\/wp-json\/wp\/v2\/comments?post=6273"}],"version-history":[{"count":0,"href":"https:\/\/infolanus.com\/index.php\/wp-json\/wp\/v2\/posts\/6273\/revisions"}],"wp:featuredmedia":[{"embeddable":true,"href":"https:\/\/infolanus.com\/index.php\/wp-json\/wp\/v2\/media\/6274"}],"wp:attachment":[{"href":"https:\/\/infolanus.com\/index.php\/wp-json\/wp\/v2\/media?parent=6273"}],"wp:term":[{"taxonomy":"category","embeddable":true,"href":"https:\/\/infolanus.com\/index.php\/wp-json\/wp\/v2\/categories?post=6273"},{"taxonomy":"post_tag","embeddable":true,"href":"https:\/\/infolanus.com\/index.php\/wp-json\/wp\/v2\/tags?post=6273"}],"curies":[{"name":"wp","href":"https:\/\/api.w.org\/{rel}","templated":true}]}}