{"id":6277,"date":"2024-01-16T21:28:00","date_gmt":"2024-01-17T00:28:00","guid":{"rendered":"https:\/\/www.ambito.com\/uruguay\/aerolineas-argentinas-cancelo-el-vuelo-directo-montevideo-y-mar-del-plata-n5923168"},"modified":"2024-01-16T21:28:00","modified_gmt":"2024-01-17T00:28:00","slug":"aerolineas-argentinas-cancelo-el-vuelo-directo-entre-montevideo-y-mar-del-plata","status":"publish","type":"post","link":"https:\/\/infolanus.com\/index.php\/2024\/01\/16\/aerolineas-argentinas-cancelo-el-vuelo-directo-entre-montevideo-y-mar-del-plata\/","title":{"rendered":"Aerol\u00edneas Argentinas cancel\u00f3 el vuelo directo entre Montevideo y Mar del Plata"},"content":{"rendered":"<div><img data-recalc-dims=\"1\" decoding=\"async\" src=\"https:\/\/i0.wp.com\/media.ambito.com\/p\/8b44c5f71de5cf2ebea5ff184b9584fa\/adjuntos\/351\/imagenes\/041\/261\/0041261894\/1200x675\/smart\/aerolineas-argentinasjpg.jpg?w=640&#038;ssl=1\" class=\"ff-og-image-inserted\"><\/div>\n<div id>\n<p>El <strong>Ministerio de Turismo <\/strong>confirm\u00f3 que el vuelo directo entre <strong>Montevideo <\/strong>y <strong>Mar del Plata <\/strong>fue suspendido por decisi\u00f3n de <strong>Aerol\u00edneas Argentinas,<\/strong> que hab\u00eda anunciado meses atr\u00e1s<a href=\"https:\/\/www.ambito.com\/uruguay\/aerolineas-argentinas-volara-montevideo-y-mar-del-plata-n5818857\" target=\"_blank\" rel=\"follow noopener\"> la apertura de esa ruta.<\/a><\/p>\n<\/p><\/div>\n<div id>\n<p>As\u00ed lo confirm\u00f3 el subsecretario de Turismo, <strong>Remo Monzeglio, <\/strong>quien dijo a Subrayado que la decisi\u00f3n fue previa a la asunci\u00f3n del presidente <strong>Javier Milei.<\/strong> De todos modos, destac\u00f3 <a href=\"https:\/\/www.ambito.com\/uruguay\/nuevas-rutas-aereas-y-mas-frecuencias-las-claves-atraer-turistas-este-verano-n5906518\" target=\"_blank\" rel=\"follow noopener\">la conectividad a\u00e9rea en <strong>Uruguay,<\/strong><\/a> con 12 aerol\u00edneas operando hacia 16 destinos.<\/p>\n<\/div>\n<div id>\n<p> &#8220;Aerol\u00edneas se replante\u00f3 determinadas cosas, por tanto nunca lleg\u00f3 a viajar de <strong>Mar del Plata\u201d, <\/strong>explic\u00f3 <strong>Monzeglio, <\/strong>quien aclar\u00f3 que la medida obedece al gobierno anterior y admiti\u00f3 que &#8220;obviamente que muchas cosas cambiaron en <strong>Argentina <\/strong>desde ese momento&#8221;, en referencia a las nuevas regulaciones en el pa\u00eds vecino.<\/p>\n<\/div>\n<div id>\n<p>En tanto, confirm\u00f3 que s\u00ed est\u00e1 operando la l\u00ednea que une a <strong>Montevideo y Bariloche. <\/strong>\u201cEn principio iban a ser dos frecuencias, por el momento es una y est\u00e1 funcionando bien&#8221;, precis\u00f3.<\/p>\n<\/div>\n<div id>\n<h2>Remo Monzeglio destac\u00f3 la conectividad a\u00e9rea uruguaya<\/h2>\n<p>Al destacar la conectividad a\u00e9rea, <strong>Monzeglio<\/strong> se centr\u00f3 en <a href=\"https:\/\/www.ambito.com\/uruguay\/sumo-24-nuevas-frecuencias-su-conectividad-aerea-2023-n5908005\" target=\"_blank\" rel=\"follow noopener\">la cantidad de rutas<\/a> para esta temporada. \u201cLa buena noticia es que hay 12 aerol\u00edneas volando a <strong>Uruguay<\/strong> con 16 destinos\u201d, resalt\u00f3.<\/p>\n<p>Y enumer\u00f3: \u201cHay conexiones directas con <strong>Lima, Santiago de Chile y Bogot\u00e1. <\/strong>Hoy est\u00e1n volando desde <strong>Curitiba <\/strong>en cuatro frecuencias, la l\u00ednea a\u00e9rea <strong>Azul <\/strong>est\u00e1 con conexiones a <strong>Recife, Porto Alegre <\/strong>y estamos volando directamente a <strong>R\u00edo de Janeiro\u201d.<\/strong><\/p>\n<p>Por \u00faltimo, el subsecretario de <strong>Turismo <\/strong>sostuvo que el mes pasado se registr\u00f3 un 90% m\u00e1s de conectividad con relaci\u00f3n a la <strong>pandemia,<\/strong> mientras aclar\u00f3 que al momento no existen los datos para comparar con respecto a enero de 2023.<\/p>\n<p>Finalmente, ante la pregunta por la suspensi\u00f3n de vuelos de <strong>Copa Airlines, <\/strong>precis\u00f3 que la situaci\u00f3n se da \u201cpor causas de fuerza mayor\u201d, debido a que un <strong>Boeing 737 MAX9 <\/strong>de <strong>Alaska Airlines <\/strong>perdi\u00f3 la ventanilla de seguridad y se defini\u00f3 esa medida por cuestiones de seguridad.<\/p>\n<\/div>\n","protected":false},"excerpt":{"rendered":"<p>El Ministerio de Turismo confirm\u00f3 que el vuelo directo entre Montevideo y Mar del Plata fue suspendido por decisi\u00f3n de Aerol\u00edneas Argentinas, que hab\u00eda anunciado meses atr\u00e1s la apertura de esa ruta. As\u00ed lo confirm\u00f3 el subsecretario de Turismo, Remo Monzeglio, quien dijo a Subrayado que la decisi\u00f3n fue previa a la asunci\u00f3n del presidente [&hellip;]<\/p>\n","protected":false},"author":2,"featured_media":6278,"comment_status":"closed","ping_status":"closed","sticky":false,"template":"","format":"standard","meta":{"jetpack_post_was_ever_published":false,"_jetpack_newsletter_access":"","_jetpack_dont_email_post_to_subs":false,"_jetpack_newsletter_tier_id":0,"_jetpack_memberships_contains_paywalled_content":false,"_jetpack_memberships_contains_paid_content":false,"footnotes":"","jetpack_publicize_message":"","jetpack_publicize_feature_enabled":true,"jetpack_social_post_already_shared":true,"jetpack_social_options":{"image_generator_settings":{"template":"highway","enabled":false},"version":2}},"categories":[20],"tags":[],"class_list":["post-6277","post","type-post","status-publish","format-standard","has-post-thumbnail","hentry","category-mundo"],"jetpack_publicize_connections":[],"jetpack_featured_media_url":"https:\/\/i0.wp.com\/infolanus.com\/wp-content\/uploads\/2024\/01\/aerolineas-argentinas-cancelo-el-vuelo-directo-entre-montevideo-y-mar-del-plata.jpg?fit=1200%2C675&ssl=1","jetpack_sharing_enabled":true,"jetpack_shortlink":"https:\/\/wp.me\/p9QtMr-1Df","_links":{"self":[{"href":"https:\/\/infolanus.com\/index.php\/wp-json\/wp\/v2\/posts\/6277","targetHints":{"allow":["GET"]}}],"collection":[{"href":"https:\/\/infolanus.com\/index.php\/wp-json\/wp\/v2\/posts"}],"about":[{"href":"https:\/\/infolanus.com\/index.php\/wp-json\/wp\/v2\/types\/post"}],"author":[{"embeddable":true,"href":"https:\/\/infolanus.com\/index.php\/wp-json\/wp\/v2\/users\/2"}],"replies":[{"embeddable":true,"href":"https:\/\/infolanus.com\/index.php\/wp-json\/wp\/v2\/comments?post=6277"}],"version-history":[{"count":0,"href":"https:\/\/infolanus.com\/index.php\/wp-json\/wp\/v2\/posts\/6277\/revisions"}],"wp:featuredmedia":[{"embeddable":true,"href":"https:\/\/infolanus.com\/index.php\/wp-json\/wp\/v2\/media\/6278"}],"wp:attachment":[{"href":"https:\/\/infolanus.com\/index.php\/wp-json\/wp\/v2\/media?parent=6277"}],"wp:term":[{"taxonomy":"category","embeddable":true,"href":"https:\/\/infolanus.com\/index.php\/wp-json\/wp\/v2\/categories?post=6277"},{"taxonomy":"post_tag","embeddable":true,"href":"https:\/\/infolanus.com\/index.php\/wp-json\/wp\/v2\/tags?post=6277"}],"curies":[{"name":"wp","href":"https:\/\/api.w.org\/{rel}","templated":true}]}}