{"id":6288,"date":"2024-01-18T17:26:11","date_gmt":"2024-01-18T20:26:11","guid":{"rendered":"https:\/\/www.inforegion.com.ar\/?p=294816"},"modified":"2024-01-18T17:26:11","modified_gmt":"2024-01-18T20:26:11","slug":"lanus-choco-contra-un-arbol-con-un-ladron-colgado-del-auto","status":"publish","type":"post","link":"https:\/\/infolanus.com\/index.php\/2024\/01\/18\/lanus-choco-contra-un-arbol-con-un-ladron-colgado-del-auto\/","title":{"rendered":"Lan\u00fas: Choc\u00f3 contra un \u00e1rbol con un ladr\u00f3n colgado del auto"},"content":{"rendered":"<div><img data-recalc-dims=\"1\" decoding=\"async\" src=\"https:\/\/i0.wp.com\/www.inforegion.com.ar\/wp-content\/uploads\/2024\/01\/robo-caraza.jpg?w=640&#038;ssl=1\" class=\"ff-og-image-inserted\"><\/div>\n<figure class=\"wp-block-video\"><video controls src=\"https:\/\/www.inforegion.com.ar\/wp-content\/uploads\/2024\/01\/lanus-inseguro-villa-caraza.mp4\"><\/video><\/figure>\n<p>Dos ladrones intentaron <strong>robar una utilitaria a punta de pistola en Villa Caraza, partido de Lan\u00fas, donde abordaron una camioneta<\/strong> que estaba estacionada a mitad de cuadra con su conductor dentro que evit\u00f3 el robo con una arriesgada maniobra en la que puso en juego su vida.<\/p>\n<p>El conductor estaba dentro de su Peugeot Partner sobre Santiago Plaul al 2800 leyendo los carteles y avisos de un centro de salud que estaba cerrado. Fue en ese momento del <strong>mi\u00e9rcoles por la tarde que lo atacaron dos ladrones que llegaron a pie desde Emilio Castro.<\/strong><\/p>\n<p>El hombre reaccion\u00f3 y mientras intent\u00f3 evadir a los malvivientes el vidrio de la ventana sub\u00eda de forma autom\u00e1tica lo que permiti\u00f3 que uno de <strong>los asaltantes lo amenace con un arma de fuego por la ventanilla de la que estaba colgado.<\/strong><\/p>\n<p>Mientras que algunos vecinos afirmaron que <strong>se escuch\u00f3 un disparo, el conductor, un hombre de edad madura, aceler\u00f3 con los dos ladrones colgados <\/strong>de la puerta, cuando perdi\u00f3 el control y fue a dar contra un \u00e1rbol de la vereda.<\/p>\n<p>La colisi\u00f3n espant\u00f3 a los ladrones y alert\u00f3 a los vecinos quienes llamaron al 911 aunque testimonios de los vecinos coincidieron en <strong>destacar que la polic\u00eda no lleg\u00f3<\/strong>, pese a que las comisar\u00edas 9 de Villa Caraza y 7 de Villa de los Industriales est\u00e1n a pocas cuadras.<\/p>\n<p>Por su parte, <strong>el conductor de la Partner se habr\u00eda ido por Carlos Tejedor y no ser\u00eda de la zona<\/strong>.<\/p>\n","protected":false},"excerpt":{"rendered":"<p>Dos ladrones intentaron robar una utilitaria a punta de pistola en Villa Caraza, partido de Lan\u00fas, donde abordaron una camioneta que estaba estacionada a mitad de cuadra con su conductor dentro que evit\u00f3 el robo con una arriesgada maniobra en la que puso en juego su vida. El conductor estaba dentro de su Peugeot Partner [&hellip;]<\/p>\n","protected":false},"author":2,"featured_media":6289,"comment_status":"closed","ping_status":"closed","sticky":false,"template":"","format":"standard","meta":{"jetpack_post_was_ever_published":false,"_jetpack_newsletter_access":"","_jetpack_dont_email_post_to_subs":false,"_jetpack_newsletter_tier_id":0,"_jetpack_memberships_contains_paywalled_content":false,"_jetpack_memberships_contains_paid_content":false,"footnotes":"","jetpack_publicize_message":"","jetpack_publicize_feature_enabled":true,"jetpack_social_post_already_shared":true,"jetpack_social_options":{"image_generator_settings":{"template":"highway","enabled":false},"version":2}},"categories":[19,547],"tags":[773,774,305,23,708,822,711],"class_list":["post-6288","post","type-post","status-publish","format-standard","has-post-thumbnail","hentry","category-municipio","category-policiales","tag-centrales","tag-destacadas","tag-inseguridad","tag-lanus","tag-motochorros","tag-policiales","tag-villa-caraza"],"jetpack_publicize_connections":[],"jetpack_featured_media_url":"https:\/\/i0.wp.com\/infolanus.com\/wp-content\/uploads\/2024\/01\/lanus-choco-contra-un-arbol-con-un-ladron-colgado-del-auto.jpg?fit=894%2C503&ssl=1","jetpack_sharing_enabled":true,"jetpack_shortlink":"https:\/\/wp.me\/p9QtMr-1Dq","_links":{"self":[{"href":"https:\/\/infolanus.com\/index.php\/wp-json\/wp\/v2\/posts\/6288","targetHints":{"allow":["GET"]}}],"collection":[{"href":"https:\/\/infolanus.com\/index.php\/wp-json\/wp\/v2\/posts"}],"about":[{"href":"https:\/\/infolanus.com\/index.php\/wp-json\/wp\/v2\/types\/post"}],"author":[{"embeddable":true,"href":"https:\/\/infolanus.com\/index.php\/wp-json\/wp\/v2\/users\/2"}],"replies":[{"embeddable":true,"href":"https:\/\/infolanus.com\/index.php\/wp-json\/wp\/v2\/comments?post=6288"}],"version-history":[{"count":0,"href":"https:\/\/infolanus.com\/index.php\/wp-json\/wp\/v2\/posts\/6288\/revisions"}],"wp:featuredmedia":[{"embeddable":true,"href":"https:\/\/infolanus.com\/index.php\/wp-json\/wp\/v2\/media\/6289"}],"wp:attachment":[{"href":"https:\/\/infolanus.com\/index.php\/wp-json\/wp\/v2\/media?parent=6288"}],"wp:term":[{"taxonomy":"category","embeddable":true,"href":"https:\/\/infolanus.com\/index.php\/wp-json\/wp\/v2\/categories?post=6288"},{"taxonomy":"post_tag","embeddable":true,"href":"https:\/\/infolanus.com\/index.php\/wp-json\/wp\/v2\/tags?post=6288"}],"curies":[{"name":"wp","href":"https:\/\/api.w.org\/{rel}","templated":true}]}}