{"id":6296,"date":"2024-01-17T10:40:27","date_gmt":"2024-01-17T13:40:27","guid":{"rendered":"https:\/\/www.inforegion.com.ar\/?p=294661"},"modified":"2024-01-17T10:40:27","modified_gmt":"2024-01-17T13:40:27","slug":"julian-alvarez-encabezo-una-capacitacion-para-la-policia-local-de-lanus","status":"publish","type":"post","link":"https:\/\/infolanus.com\/index.php\/2024\/01\/17\/julian-alvarez-encabezo-una-capacitacion-para-la-policia-local-de-lanus\/","title":{"rendered":"Juli\u00e1n \u00c1lvarez encabez\u00f3 una capacitaci\u00f3n para la Polic\u00eda local de Lan\u00fas"},"content":{"rendered":"<div><img data-recalc-dims=\"1\" decoding=\"async\" src=\"https:\/\/i0.wp.com\/www.inforegion.com.ar\/wp-content\/uploads\/2024\/01\/lo-mas-importante-es-que-hoy-todos-voten-segun-sus-convicciones-2024-01-17T103818.375.jpg?w=640&#038;ssl=1\" class=\"ff-og-image-inserted\"><\/div>\n<p><strong>El municipio de Lan\u00fas realiz\u00f3 un programa de formaci\u00f3n y capacitaci\u00f3n destinado a los agentes de la Polic\u00eda Local<\/strong> para mejorar la eficacia y eficiencia de sus trabajos.<\/p>\n<p>La primera reuni\u00f3n tuvo lugar en el Palacio Municipal, <strong>donde el intendente Juli\u00e1n \u00c1lvarez se reuni\u00f3 y dialog\u00f3 con los efectivos.<\/strong><\/p>\n<p>El jefe comunal enfatiz\u00f3 que \u201cal asumir nuestra gesti\u00f3n, nos encontramos con un dispositivo que operaba \u00fanicamente basado en <strong>la motivaci\u00f3n de sus trabajadores, careciendo de planificaci\u00f3n y de los recursos necesarios para realizar adecuadamente sus funciones\u201d.<\/strong><\/p>\n<p>Asimismo, destac\u00f3 que <strong>han implementado mejoras salariales para los miembros del cuerpo policial y que, en este primer mes, ya se han incrementado los insumos y el equipamiento. <\/strong><\/p>\n<p>\u00c1lvarez subray\u00f3 <strong>el compromiso continuo de trabajar para convertir a Lan\u00fas en una ciudad segura.<\/strong><\/p>\n<p>Durante la reuni\u00f3n, el intendente estuvo acompa\u00f1ado por el secretario de Seguridad de Lan\u00fas, Sebasti\u00e1n Castillo.<\/p>\n","protected":false},"excerpt":{"rendered":"<p>El municipio de Lan\u00fas realiz\u00f3 un programa de formaci\u00f3n y capacitaci\u00f3n destinado a los agentes de la Polic\u00eda Local para mejorar la eficacia y eficiencia de sus trabajos. La primera reuni\u00f3n tuvo lugar en el Palacio Municipal, donde el intendente Juli\u00e1n \u00c1lvarez se reuni\u00f3 y dialog\u00f3 con los efectivos. El jefe comunal enfatiz\u00f3 que \u201cal [&hellip;]<\/p>\n","protected":false},"author":2,"featured_media":6297,"comment_status":"closed","ping_status":"closed","sticky":false,"template":"","format":"standard","meta":{"jetpack_post_was_ever_published":false,"_jetpack_newsletter_access":"","_jetpack_dont_email_post_to_subs":false,"_jetpack_newsletter_tier_id":0,"_jetpack_memberships_contains_paywalled_content":false,"_jetpack_memberships_contains_paid_content":false,"footnotes":"","jetpack_publicize_message":"","jetpack_publicize_feature_enabled":true,"jetpack_social_post_already_shared":true,"jetpack_social_options":{"image_generator_settings":{"template":"highway","enabled":false},"version":2}},"categories":[19],"tags":[774,427,23,764,1600,788],"class_list":["post-6296","post","type-post","status-publish","format-standard","has-post-thumbnail","hentry","category-municipio","tag-destacadas","tag-julian-alvarez","tag-lanus","tag-municipio-de-lanus","tag-policia-local-de-lanus","tag-sociedad"],"jetpack_publicize_connections":[],"jetpack_featured_media_url":"https:\/\/i0.wp.com\/infolanus.com\/wp-content\/uploads\/2024\/01\/julian-alvarez-encabezo-una-capacitacion-para-la-policia-local-de-lanus.jpg?fit=1200%2C675&ssl=1","jetpack_sharing_enabled":true,"jetpack_shortlink":"https:\/\/wp.me\/p9QtMr-1Dy","_links":{"self":[{"href":"https:\/\/infolanus.com\/index.php\/wp-json\/wp\/v2\/posts\/6296","targetHints":{"allow":["GET"]}}],"collection":[{"href":"https:\/\/infolanus.com\/index.php\/wp-json\/wp\/v2\/posts"}],"about":[{"href":"https:\/\/infolanus.com\/index.php\/wp-json\/wp\/v2\/types\/post"}],"author":[{"embeddable":true,"href":"https:\/\/infolanus.com\/index.php\/wp-json\/wp\/v2\/users\/2"}],"replies":[{"embeddable":true,"href":"https:\/\/infolanus.com\/index.php\/wp-json\/wp\/v2\/comments?post=6296"}],"version-history":[{"count":0,"href":"https:\/\/infolanus.com\/index.php\/wp-json\/wp\/v2\/posts\/6296\/revisions"}],"wp:featuredmedia":[{"embeddable":true,"href":"https:\/\/infolanus.com\/index.php\/wp-json\/wp\/v2\/media\/6297"}],"wp:attachment":[{"href":"https:\/\/infolanus.com\/index.php\/wp-json\/wp\/v2\/media?parent=6296"}],"wp:term":[{"taxonomy":"category","embeddable":true,"href":"https:\/\/infolanus.com\/index.php\/wp-json\/wp\/v2\/categories?post=6296"},{"taxonomy":"post_tag","embeddable":true,"href":"https:\/\/infolanus.com\/index.php\/wp-json\/wp\/v2\/tags?post=6296"}],"curies":[{"name":"wp","href":"https:\/\/api.w.org\/{rel}","templated":true}]}}