{"id":6412,"date":"2024-02-04T00:56:00","date_gmt":"2024-02-04T03:56:00","guid":{"rendered":"https:\/\/infolanus.com\/index.php\/2024\/02\/04\/de-que-jugara-artime\/"},"modified":"2024-02-04T00:56:00","modified_gmt":"2024-02-04T03:56:00","slug":"de-que-jugara-artime","status":"publish","type":"post","link":"https:\/\/infolanus.com\/index.php\/2024\/02\/04\/de-que-jugara-artime\/","title":{"rendered":"\u00bfDe qu\u00e9 jugar\u00e1 Artime?"},"content":{"rendered":"<div class=\"media_block\"><\/div>\n<p>El mandato de Luis Fabi\u00e1n Artime ya est\u00e1 en tiempo de descuento. Esta semana se cumplen los tres a\u00f1os previstos por el estatuto del Club Atl\u00e9tico Belgrano para un per\u00edodo de gobierno, aunque en barrio Alberdi no hay alertas sobre esa ola de calor que caracteriza a los tiempos preelectorales.<\/p>\n<p>La gesti\u00f3n del \u2018Luifa\u2019 arranc\u00f3 el 6 de febrero de 2021, luego de los comicios que consagraron a \u2018Belgrano Primero\u2019, la lista en la que el hist\u00f3rico delantero jug\u00f3 como punta de lanza. En su debut electoral, la agrupaci\u00f3n obtuvo 5.004 votos contra 3.110 sufragios de \u2018Siempre Belgrano\u2019, la fuerza que lider\u00f3 Armando Valent\u00edn P\u00e9rez, exgerenciador y expresidente de la entidad celeste.<\/p>\n<p>A tres a\u00f1os de aquel cl\u00e1sico de la vida pol\u00edtica belgranense, todav\u00eda no hay precisiones sobre la fecha de la pr\u00f3xima asamblea de renovaci\u00f3n de autoridades. Alejandro Moyano, secretario del club, consider\u00f3 \u201cla \u00faltima semana de abril\u201d como la fecha m\u00e1s probable, teniendo en cuenta los plazos previstos por las normas que rigen a la instituci\u00f3n.<\/p>\n<p>\u201cDepender\u00e1 un poco del fixture del campeonato, pero lo m\u00e1s seguro es que sea un domingo en que Belgrano no juegue de local\u201d, puntualiz\u00f3 el exfiscal general de la Provincia.<\/p>\n<blockquote readability=\"7\">\n<p><strong>&#8220;El proyecto debe estar delante de todo; no vine para estar toda la vida\u201d, manifest\u00f3 &#8216;el Luifa&#8217; sobre la chance de una segunda postulaci\u00f3n presidencial.<\/strong><\/p>\n<\/blockquote>\n<p>Sin oposici\u00f3n a la vista, la continuidad de Artime como m\u00e1xima autoridad de Belgrano asoma como el principal dilema por resolver. Fue el propio presidente, a fines del a\u00f1o pasado, quien le puso interrogantes a la posibilidad de presentarse en una segunda candidatura: \u201cNo s\u00e9, capaz que hay uno mejor. El proyecto debe estar delante de todo; no vine para estar toda la vida\u201d.<\/p>\n<p><u><strong><img data-recalc-dims=\"1\" decoding=\"async\" alt=\"Artime 2021\" src=\"https:\/\/i0.wp.com\/fotos.perfil.com\/\/2024\/02\/03\/900\/0\/artime-2021-1749722.jpg?w=640&#038;ssl=1\" loading=\"lazy\"><\/strong><\/u><\/p>\n<p><u><strong>ELECCIONES POST-PANDEMIA. \u2018El Luifa\u2019 en las urnas, el 6 de febrero de 2021. Esta semana se cumple el plazo establecido para su mandato. \/\/\/ FOTO: CEDOC PERFIL<\/strong><\/u><\/p>\n<p><strong>\u00bfQui\u00e9n define?<\/strong><\/p>\n<p>Aunque no habr\u00e1 absoluta certeza hasta 12 d\u00edas antes de la fecha que estipule Inspecci\u00f3n de Personas Jur\u00eddicas (IPJ), cuando expirar\u00e1 el plazo para la presentaci\u00f3n de listas, todo indica que la conformaci\u00f3n de la nueva conducci\u00f3n de Belgrano se resolver\u00e1 puertas adentro, sin necesidad de acudir al voto de los socios.<\/p>\n<p>\u201cSeguramente lo definir\u00e1 la mesa chiquita\u201d, se\u00f1alan en la intimidad de la instituci\u00f3n de barrio Alberdi. La alusi\u00f3n involucra al propio Artime y al influyente grupo de directivos conocido puertas adentro como \u2018Los Cuatro\u2019: el vicepresidente 1\u00b0 Antonio Mariano, el vicepresidente 2\u00b0 H\u00e9ctor Baistrocchi, el tesorero Diego Merlino y el vocal Pablo Siciliano.<\/p>\n<blockquote readability=\"8\">\n<p><strong>Alejandro Moyano, secretario del club, consider\u00f3 \u201cla \u00faltima semana de abril\u201d como la fecha m\u00e1s probable para la asamblea de recambio de autoridades.<\/strong><\/p>\n<\/blockquote>\n<p>Por lo pronto, desde el entorno de Armando P\u00e9rez descartaron de plano que el empresario que condujo los destinos del Pirata entre 2005 y 2017 vuelva a dar batalla en las urnas. \u201cHoy el hombre tiene otras prioridades\u201d, se\u00f1alan.<\/p>\n<p>Sergio Villella, quien fue vicepresidente en el mandato de Jorge Franceschi (2017-2021), tambi\u00e9n desech\u00f3 un posible retorno a la arena pol\u00edtica, una opci\u00f3n que se barajaba entre los conocedores de la vida pol\u00edtica celeste: \u201cNi me voy a sumar a la actual comisi\u00f3n, ni voy a armar algo por afuera\u201d.<\/p>\n<p>\u201cA uno le gusta, pero la dirigencia te exige una dedicaci\u00f3n full time para que las cosas funcionen y se vienen tiempos complejos, que me exigir\u00e1n estar muy abocado a mi laburo\u201d, destac\u00f3 el emprendedor inmobiliario. \u201cCreo que el club est\u00e1 muy bien conducido, y me parece que lo normal y l\u00f3gico ser\u00eda que \u2018Luifa\u2019 continuara, junto a todo su equipo. En mi caso, seguir\u00e9 yendo a la cancha y colaborando como un socio m\u00e1s\u201d, puntualiz\u00f3 el exdirectivo.<\/p>\n<p>El economista Santiago Montoya, quien tuvo una activa participaci\u00f3n como opositor durante las gestiones de P\u00e9rez y de Franceschi, no respondi\u00f3 a la consulta de PERFIL C\u00d3RDOBA sobre una eventual postulaci\u00f3n.<\/p>\n<p><u><strong><img data-recalc-dims=\"1\" decoding=\"async\" alt=\"Armando P\u00e9rez\" src=\"https:\/\/i0.wp.com\/fotos.perfil.com\/\/2024\/02\/03\/900\/0\/armando-perez-1749723.jpg?w=640&#038;ssl=1\" loading=\"lazy\"><\/strong><\/u><\/p>\n<p><u><strong>SIN REVANCHA EN LAS URNAS. Desde el entorno de Armando P\u00e9rez descartaron de plano un posible regreso a la arena pol\u00edtica del exgerenciador y expresidente. \/\/\/ FOTO: CEDOC PERFIL<\/strong><\/u><\/p>\n<p><strong>Enroque corto<\/strong><\/p>\n<p>De cara a la asamblea que se llevar\u00e1 a cabo dentro de dos meses, la \u00fanica certeza que hasta el momento tienen Artime y sus pares es que deber\u00e1n presentar la Memoria y Balance de su tercer a\u00f1o de gesti\u00f3n. All\u00ed se expondr\u00e1n los n\u00fameros finales del mandato, que en el primer ejercicio arrojaron un d\u00e9ficit de $341 millones y que al a\u00f1o siguiente marcaron un super\u00e1vit de $ 119 millones.<\/p>\n<p>Si no hay compulsa electoral, el paso siguiente ser\u00e1 la oficializaci\u00f3n de la \u2018s\u00e1bana\u2019 oficialista, que incluir\u00e1 los nombres de las autoridades que administrar\u00e1n al club durante el per\u00edodo 2024-2027.<\/p>\n<p>La alternancia en los cargos es una posibilidad que se baraja desde hace tiempo en la actual dirigencia de Belgrano, y que recobr\u00f3 fuerza a partir de una realidad en la que no se avizora la expectativa de una puja electoral.<\/p>\n<blockquote readability=\"8\">\n<p><strong>La figura de Artime es la que, en la consideraci\u00f3n de la AFA, pone a Belgrano a mitad de camino entre la cercan\u00eda con Instituto y la distancia con Talleres.<\/strong><\/p>\n<\/blockquote>\n<p>El amplio consenso que la gesti\u00f3n ha logrado entre socios y simpatizantes genera dos \u2018bibliotecas\u2019: una que apela a la conocida m\u00e1xima futbolera \u2018equipo que gana, no se toca\u2019 y otra que promueve un reacomodamiento de piezas. En este sentido, la hip\u00f3tesis que m\u00e1s se baraja es un enroque entre Artime y Mariano, el ide\u00f3logo de \u2018Belgrano Primero\u2019.<\/p>\n<p>\u201cTodav\u00eda no se ha definido nada\u201d, apunt\u00f3 un miembro de la comisi\u00f3n. Ante las consultas sobre un eventual recambio de la figura presidencial, hubo otro apellido que empez\u00f3 a sonar con insistencia en los \u00faltimos d\u00edas: Baistrocchi.<\/p>\n<p>Los movimientos internos del Pirata no son indiferentes para la Asociaci\u00f3n del F\u00fatbol Argentino (AFA), donde es la figura de Artime la que, en la consideraci\u00f3n de sus principales directivos, pone a Belgrano a mitad de camino entre la cercan\u00eda con Instituto y la distancia con Talleres. Los popes m\u00e1s cercanos a Claudio \u2018Chiqui\u2019 Tapia valoran el recorrido dirigencial del \u2018Luifa\u2019, al que aluden como \u2018El Gerente\u2019, pero no ocultan cierto recelo respecto al entramado empresarial y pol\u00edtico que apuntala al \u00eddolo celeste.<\/p>\n<p>Con la Copa de la Liga en marcha, la Copa Argentina a la vuelta de la esquina y la Copa Sudamericana en el horizonte inmediato, Belgrano ya tiene encaminado su 2024 futbol\u00edstico. En lo dirigencial, el libro de pases tambi\u00e9n parece cerrado. No habr\u00e1 grandes cambios en el plantel, aunque puede variar la formaci\u00f3n inicial. \u00bfDe qu\u00e9 jugar\u00e1 Artime?, es la pregunta del mill\u00f3n.<\/p>\n<div class=\"article__tags\">\n<p>En esta Nota<\/p>\n<\/p><\/div>\n","protected":false},"excerpt":{"rendered":"<p>El mandato de Luis Fabi\u00e1n Artime ya est\u00e1 en tiempo de descuento. Esta semana se cumplen los tres a\u00f1os previstos por el estatuto del Club Atl\u00e9tico Belgrano para un per\u00edodo de gobierno, aunque en barrio Alberdi no hay alertas sobre esa ola de calor que caracteriza a los tiempos preelectorales. La gesti\u00f3n del \u2018Luifa\u2019 arranc\u00f3 [&hellip;]<\/p>\n","protected":false},"author":2,"featured_media":6413,"comment_status":"closed","ping_status":"closed","sticky":false,"template":"","format":"standard","meta":{"jetpack_post_was_ever_published":false,"_jetpack_newsletter_access":"","_jetpack_dont_email_post_to_subs":false,"_jetpack_newsletter_tier_id":0,"_jetpack_memberships_contains_paywalled_content":false,"_jetpack_memberships_contains_paid_content":false,"footnotes":"","jetpack_publicize_message":"","jetpack_publicize_feature_enabled":true,"jetpack_social_post_already_shared":true,"jetpack_social_options":{"image_generator_settings":{"template":"highway","enabled":false},"version":2}},"categories":[17],"tags":[],"class_list":["post-6412","post","type-post","status-publish","format-standard","has-post-thumbnail","hentry","category-deportes"],"jetpack_publicize_connections":[],"jetpack_featured_media_url":"https:\/\/i0.wp.com\/infolanus.com\/wp-content\/uploads\/2024\/02\/de-que-jugara-artime.jpg?fit=900%2C600&ssl=1","jetpack_sharing_enabled":true,"jetpack_shortlink":"https:\/\/wp.me\/p9QtMr-1Fq","_links":{"self":[{"href":"https:\/\/infolanus.com\/index.php\/wp-json\/wp\/v2\/posts\/6412","targetHints":{"allow":["GET"]}}],"collection":[{"href":"https:\/\/infolanus.com\/index.php\/wp-json\/wp\/v2\/posts"}],"about":[{"href":"https:\/\/infolanus.com\/index.php\/wp-json\/wp\/v2\/types\/post"}],"author":[{"embeddable":true,"href":"https:\/\/infolanus.com\/index.php\/wp-json\/wp\/v2\/users\/2"}],"replies":[{"embeddable":true,"href":"https:\/\/infolanus.com\/index.php\/wp-json\/wp\/v2\/comments?post=6412"}],"version-history":[{"count":0,"href":"https:\/\/infolanus.com\/index.php\/wp-json\/wp\/v2\/posts\/6412\/revisions"}],"wp:featuredmedia":[{"embeddable":true,"href":"https:\/\/infolanus.com\/index.php\/wp-json\/wp\/v2\/media\/6413"}],"wp:attachment":[{"href":"https:\/\/infolanus.com\/index.php\/wp-json\/wp\/v2\/media?parent=6412"}],"wp:term":[{"taxonomy":"category","embeddable":true,"href":"https:\/\/infolanus.com\/index.php\/wp-json\/wp\/v2\/categories?post=6412"},{"taxonomy":"post_tag","embeddable":true,"href":"https:\/\/infolanus.com\/index.php\/wp-json\/wp\/v2\/tags?post=6412"}],"curies":[{"name":"wp","href":"https:\/\/api.w.org\/{rel}","templated":true}]}}