{"id":6441,"date":"2024-02-07T16:24:04","date_gmt":"2024-02-07T19:24:04","guid":{"rendered":"https:\/\/infolanus.com\/index.php\/2024\/02\/07\/detuvieron-a-un-barra-de-aldosivi-por-dispararle-a-la-faccion-rival\/"},"modified":"2024-02-07T16:24:04","modified_gmt":"2024-02-07T19:24:04","slug":"detuvieron-a-un-barra-de-aldosivi-por-dispararle-a-la-faccion-rival","status":"publish","type":"post","link":"https:\/\/infolanus.com\/index.php\/2024\/02\/07\/detuvieron-a-un-barra-de-aldosivi-por-dispararle-a-la-faccion-rival\/","title":{"rendered":"Detuvieron a un barra de Aldosivi por dispararle a la facci\u00f3n rival"},"content":{"rendered":"<div class=\"media_block\"><\/div>\n<div><img data-recalc-dims=\"1\" decoding=\"async\" src=\"https:\/\/i0.wp.com\/fotos.perfil.com\/2024\/02\/07\/trim\/1140\/641\/facundo-emiliano-vanega-1752007.jpg?w=640&#038;ssl=1\" class=\"ff-og-image-inserted\"><\/div>\n<p>La polic\u00eda de Mar del Plata detuvo&nbsp;a un barra del club<strong> <a target=\"_blank\" href=\"https:\/\/442.perfil.com\/noticias\/futbol\/se-suicido-un-jugador-de-las-inferiores-de-aldosivi-tras-quedar-libre.phtml\" rel=\"noopener\">Aldosivi<\/a><\/strong>, que el s\u00e1bado pasado en el marco del partido contra<strong> Atl\u00e9tico de Rafaela<\/strong> por la Primera Nacional, <strong>efectu\u00f3 disparos con un arma de fuego contra una facci\u00f3n rival <\/strong>en las adyacencias del estadio Jos\u00e9 Mar\u00eda Minella.<\/p>\n<p>Tras realizar un allanamiento en el barrio Juramento,&nbsp;<strong>Facundo Emiliano Vanega<\/strong>&nbsp;de 20 a\u00f1os, <strong>integrante de la facci\u00f3n denominada &#8220;La pesada del Puerto&#8221;<\/strong>, fue detenido.&nbsp;<\/p>\n<p>El s\u00e1bado pasado, a unos 500 metros del acceso al primer cord\u00f3n policial, <strong>el&nbsp;hincha vestido con los colores de Aldosivi extrajo un arma de fuego y efectu\u00f3 disparos hacia un grupo de personas.<\/strong><\/p>\n<p>Seg\u00fan los testimonios que recab\u00f3 la polic\u00eda,<strong> se produjo una pelea entre facciones opuestas de la barra brava del <em>Tibur\u00f3n<\/em>,<\/strong> y al analizar las c\u00e1maras de la zona pudieron individualizar al autor de los disparos.<\/p>\n<p>Con esos datos, y con intervenci\u00f3n de la Fiscal\u00eda 7 a cargo de <strong>Leandro Ar\u00e9valo<\/strong>, la polic\u00eda solicit\u00f3 \u00f3rdenes de allanamiento y una orden de detenci\u00f3n para el barra identificado como autor de los disparos.<\/p>\n<p>La polic\u00eda busc\u00f3 en dos viviendas, una ubicada en el barrio Cerrito Sur, donde el resultado fue negativo. En la otra, ubicada en el barrio Juramento, los polic\u00edas detuvieron a Vanega, y secuestraron un tel\u00e9fono y prendas de vestir.<strong> La causa fue caratulada como abuso de arma agravado <\/strong>y el acusado fue derivado a la Unidad Penal 44 de Bat\u00e1n.<\/p>\n<h2>El momento en el que Vergara efectu\u00f3 los disparos<\/h2>\n<blockquote class=\"twitter-tweet\" readability=\"3.7113402061856\">\n<p lang=\"es\" dir=\"ltr\">Desde la polic\u00eda se di\u00f3 a conocer el v\u00eddeo de lo ocurrido en el partido de Aldosivi.<a href=\"https:\/\/twitter.com\/hashtag\/Aldosivi?src=hash&amp;ref_src=twsrc%5Etfw\">#Aldosivi<\/a> <a href=\"https:\/\/t.co\/iYOnQL2fU0\">https:\/\/t.co\/iYOnQL2fU0<\/a> <a href=\"https:\/\/t.co\/2SeynvsoUp\">pic.twitter.com\/2SeynvsoUp<\/a><\/p>\n<p>\u2014 LaVozDelEstadio (@LVDEMDQ) <a href=\"https:\/\/twitter.com\/LVDEMDQ\/status\/1754904239086743788?ref_src=twsrc%5Etfw\">February 6, 2024<\/a><\/p><\/blockquote>\n<p>BP<\/p>\n","protected":false},"excerpt":{"rendered":"<p>La polic\u00eda de Mar del Plata detuvo&nbsp;a un barra del club Aldosivi, que el s\u00e1bado pasado en el marco del partido contra Atl\u00e9tico de Rafaela por la Primera Nacional, efectu\u00f3 disparos con un arma de fuego contra una facci\u00f3n rival en las adyacencias del estadio Jos\u00e9 Mar\u00eda Minella. Tras realizar un allanamiento en el barrio [&hellip;]<\/p>\n","protected":false},"author":2,"featured_media":6442,"comment_status":"closed","ping_status":"closed","sticky":false,"template":"","format":"standard","meta":{"jetpack_post_was_ever_published":false,"_jetpack_newsletter_access":"","_jetpack_dont_email_post_to_subs":false,"_jetpack_newsletter_tier_id":0,"_jetpack_memberships_contains_paywalled_content":false,"_jetpack_memberships_contains_paid_content":false,"footnotes":"","jetpack_publicize_message":"","jetpack_publicize_feature_enabled":true,"jetpack_social_post_already_shared":true,"jetpack_social_options":{"image_generator_settings":{"template":"highway","enabled":false},"version":2}},"categories":[17],"tags":[],"class_list":["post-6441","post","type-post","status-publish","format-standard","has-post-thumbnail","hentry","category-deportes"],"jetpack_publicize_connections":[],"jetpack_featured_media_url":"https:\/\/i0.wp.com\/infolanus.com\/wp-content\/uploads\/2024\/02\/detuvieron-a-un-barra-de-aldosivi-por-dispararle-a-la-faccion-rival.jpg?fit=1140%2C641&ssl=1","jetpack_sharing_enabled":true,"jetpack_shortlink":"https:\/\/wp.me\/p9QtMr-1FT","_links":{"self":[{"href":"https:\/\/infolanus.com\/index.php\/wp-json\/wp\/v2\/posts\/6441","targetHints":{"allow":["GET"]}}],"collection":[{"href":"https:\/\/infolanus.com\/index.php\/wp-json\/wp\/v2\/posts"}],"about":[{"href":"https:\/\/infolanus.com\/index.php\/wp-json\/wp\/v2\/types\/post"}],"author":[{"embeddable":true,"href":"https:\/\/infolanus.com\/index.php\/wp-json\/wp\/v2\/users\/2"}],"replies":[{"embeddable":true,"href":"https:\/\/infolanus.com\/index.php\/wp-json\/wp\/v2\/comments?post=6441"}],"version-history":[{"count":0,"href":"https:\/\/infolanus.com\/index.php\/wp-json\/wp\/v2\/posts\/6441\/revisions"}],"wp:featuredmedia":[{"embeddable":true,"href":"https:\/\/infolanus.com\/index.php\/wp-json\/wp\/v2\/media\/6442"}],"wp:attachment":[{"href":"https:\/\/infolanus.com\/index.php\/wp-json\/wp\/v2\/media?parent=6441"}],"wp:term":[{"taxonomy":"category","embeddable":true,"href":"https:\/\/infolanus.com\/index.php\/wp-json\/wp\/v2\/categories?post=6441"},{"taxonomy":"post_tag","embeddable":true,"href":"https:\/\/infolanus.com\/index.php\/wp-json\/wp\/v2\/tags?post=6441"}],"curies":[{"name":"wp","href":"https:\/\/api.w.org\/{rel}","templated":true}]}}