{"id":6453,"date":"2024-02-09T10:58:43","date_gmt":"2024-02-09T13:58:43","guid":{"rendered":"https:\/\/infolanus.com\/index.php\/2024\/02\/09\/laguna-la-brava-se-prepara-para-la-gran-fiesta-del-flecha-de-plata\/"},"modified":"2024-02-09T10:58:43","modified_gmt":"2024-02-09T13:58:43","slug":"laguna-la-brava-se-prepara-para-la-gran-fiesta-del-flecha-de-plata","status":"publish","type":"post","link":"https:\/\/infolanus.com\/index.php\/2024\/02\/09\/laguna-la-brava-se-prepara-para-la-gran-fiesta-del-flecha-de-plata\/","title":{"rendered":"Laguna La Brava se prepara para la gran fiesta del Flecha de Plata"},"content":{"rendered":"<div class=\"media_block\"><\/div>\n<p>En la sede de calle 25 y esquina 8, en pleno coraz\u00f3n de la ciudad de <strong>Balcarce<\/strong>, la noche del mi\u00e9rcoles hubo <strong>aroma a pejerrey, <\/strong>con la presentaci\u00f3n oficial de lo que ser\u00e1 una nueva edici\u00f3n del tradicional <strong>concurso de pesca<\/strong> que dieron en llamar <strong>\u201cFlecha de Plata\u201d, <\/strong>y que, en esta oportunidad, tendr\u00e1 su tercera edici\u00f3n, entre el <strong>s\u00e1bado 9 y el domingo 10 de marzo,<\/strong>&nbsp;en la bella <strong>laguna La Brava<\/strong>, bajo la organizaci\u00f3n del <strong>Club de Pesca Balcarce <\/strong>y que incluir\u00e1 adem\u00e1s una serie de actividades complementarias. Entre ellas, la realizaci\u00f3n de espect\u00e1culos musicales.&nbsp;<\/p>\n<p><img data-recalc-dims=\"1\" decoding=\"async\" alt=\"0802_balcarce\" src=\"https:\/\/i0.wp.com\/fotos.perfil.com\/\/2024\/02\/08\/900\/0\/0802balcarce-1752261.jpg?w=640&#038;ssl=1\"><\/p>\n<p>El titular de la entidad, Miguel \u00c1ngel Cassibba, acompa\u00f1ado por Diego Mancino y otros dirigentes, brindaron detalles de esta realizaci\u00f3n en el transcurso de una conferencia de prensa. Este a\u00f1o, el evento comprender\u00e1 <strong>entretenimientos para ni\u00f1os, paseos en lancha, presencia de food trucks y feria de artesanos<\/strong>. Entre las presentaciones en vivo se incluyen Agust\u00edn Al Fin, Le\u00f3n Vald\u00e9s, El Gordo R\u00e9cord, en la jornada sabatina, a partir de las 18 horas, Confluencia y Maxi Daruch, quien tendr\u00e1 a su cargo el cierre el domingo, desde las 18.30. Asimismo, el s\u00e1bado 9 de marzo se presentar\u00e1 la <strong>escuela de la Asociaci\u00f3n Marplatense de Kayak y la escuela de veleros;<\/strong> mientras que a las 17 habr\u00e1 un <strong>desfile de lanchas.<\/strong> La <strong>entrada ser\u00e1 libre, <\/strong>con opci\u00f3n para acampar.<\/p>\n<p><img data-recalc-dims=\"1\" decoding=\"async\" alt=\"0802_balcarce\" src=\"https:\/\/i0.wp.com\/fotos.perfil.com\/\/2024\/02\/08\/900\/0\/0802balcarce-1752265.jpg?w=640&#038;ssl=1\"><\/p>\n<p><strong>El plato fuerte <\/strong>para los pescadores ser\u00e1 el <strong>domingo 10, <\/strong>desde las <strong>9 de la ma\u00f1ana, <\/strong>cuando se lleve a cabo el<strong> concurso de pesca <\/strong>que tendr\u00e1 como objetivo la <strong>b\u00fasqueda del pejerrey de mayor peso, <\/strong>una pieza que, de seguir los rindes que se vienen dando, ser\u00e1 de muy buen porte. Para esta jornada se esperan m\u00e1s de 300 aficionados de toda la regi\u00f3n que se embarcar\u00e1n y competir\u00e1n, durante 4 horas, en pos de las mejores capturas.&nbsp;Para el torneo se fij\u00f3 <strong>una inscripci\u00f3n de $ 16.000<\/strong> y habr\u00e1 un <strong>premio principal de $ 800.000,<\/strong> con gratificaciones en efectivo hasta el d\u00e9cimo clasificado, la dama, el cadete y el bagre de mayor peso.&nbsp;<\/p>\n<p><img data-recalc-dims=\"1\" decoding=\"async\" alt=\"0802_balcarce\" src=\"https:\/\/i0.wp.com\/fotos.perfil.com\/\/2024\/02\/08\/900\/0\/0802balcarce-1752262.jpg?w=640&#038;ssl=1\"><\/p>\n<p>Recordar que,&nbsp;en la <strong>\u00faltima edici\u00f3n,<\/strong> celebrada en marzo del a\u00f1o pasado, fue el tandilense <strong>Francisco Corvi, <\/strong>quien obtuvo el premio mayor de $ 300.000, tras haber capturado un <strong>pejerrey de 685 gramos.<\/strong><\/p>\n<p><img data-recalc-dims=\"1\" decoding=\"async\" alt=\"0802_balcarce\" src=\"https:\/\/i0.wp.com\/fotos.perfil.com\/\/2024\/02\/08\/900\/0\/0802balcarce-1752264.jpg?w=640&#038;ssl=1\"><\/p>\n<p><strong>Tras el concurso,<\/strong> la actividad del domingo se centrar\u00e1 a partir de las 16 hs, cuando est\u00e1 previsto la entrega de distinciones a los equipos de pesca locales y la premiaci\u00f3n a los campeones de los torneos locales de 2023; adem\u00e1s de otros reconocimientos. Seguidamente ser\u00e1 la <strong>entrega de premios del \u201cFlecha de Plata\u201d<\/strong>, evento que cuenta con el acompa\u00f1amiento de Revista Weekend.<\/p>\n<h2>Informes y consultas:<\/h2>\n<ul>\n<li>Club de Pesca Balcarce. Tel.: ( 02266) 520863.<\/li>\n<\/ul>\n<div class=\"col-12\">\n<h3>Galer\u00eda de im\u00e1genes<\/h3>\n<\/p><\/div>\n<p> <noscript><a href=\"https:\/\/ads.us.e-planning.net\/ei\/3\/259a6\/articulo\/teads?it=i&amp;rnd=$RANDOM\" target=\"_blank\" rel=\"noopener\"><img loading=\"lazy\" decoding=\"async\" width=\"1\" height=\"1\" alt=\"e-planning ad\" src=\"https:\/\/ads.us.e-planning.net\/eb\/3\/259a6\/articulo\/teads?o=i&amp;rnd=$RANDOM\" border=\"0\"><\/a><\/noscript> <\/p>\n","protected":false},"excerpt":{"rendered":"<p>En la sede de calle 25 y esquina 8, en pleno coraz\u00f3n de la ciudad de Balcarce, la noche del mi\u00e9rcoles hubo aroma a pejerrey, con la presentaci\u00f3n oficial de lo que ser\u00e1 una nueva edici\u00f3n del tradicional concurso de pesca que dieron en llamar \u201cFlecha de Plata\u201d, y que, en esta oportunidad, tendr\u00e1 su [&hellip;]<\/p>\n","protected":false},"author":2,"featured_media":6454,"comment_status":"closed","ping_status":"closed","sticky":false,"template":"","format":"standard","meta":{"jetpack_post_was_ever_published":false,"_jetpack_newsletter_access":"","_jetpack_dont_email_post_to_subs":false,"_jetpack_newsletter_tier_id":0,"_jetpack_memberships_contains_paywalled_content":false,"_jetpack_memberships_contains_paid_content":false,"footnotes":"","jetpack_publicize_message":"","jetpack_publicize_feature_enabled":true,"jetpack_social_post_already_shared":true,"jetpack_social_options":{"image_generator_settings":{"template":"highway","enabled":false},"version":2}},"categories":[17],"tags":[],"class_list":["post-6453","post","type-post","status-publish","format-standard","has-post-thumbnail","hentry","category-deportes"],"jetpack_publicize_connections":[],"jetpack_featured_media_url":"https:\/\/i0.wp.com\/infolanus.com\/wp-content\/uploads\/2024\/02\/laguna-la-brava-se-prepara-para-la-gran-fiesta-del-flecha-de-plata.jpg?fit=900%2C505&ssl=1","jetpack_sharing_enabled":true,"jetpack_shortlink":"https:\/\/wp.me\/p9QtMr-1G5","_links":{"self":[{"href":"https:\/\/infolanus.com\/index.php\/wp-json\/wp\/v2\/posts\/6453","targetHints":{"allow":["GET"]}}],"collection":[{"href":"https:\/\/infolanus.com\/index.php\/wp-json\/wp\/v2\/posts"}],"about":[{"href":"https:\/\/infolanus.com\/index.php\/wp-json\/wp\/v2\/types\/post"}],"author":[{"embeddable":true,"href":"https:\/\/infolanus.com\/index.php\/wp-json\/wp\/v2\/users\/2"}],"replies":[{"embeddable":true,"href":"https:\/\/infolanus.com\/index.php\/wp-json\/wp\/v2\/comments?post=6453"}],"version-history":[{"count":0,"href":"https:\/\/infolanus.com\/index.php\/wp-json\/wp\/v2\/posts\/6453\/revisions"}],"wp:featuredmedia":[{"embeddable":true,"href":"https:\/\/infolanus.com\/index.php\/wp-json\/wp\/v2\/media\/6454"}],"wp:attachment":[{"href":"https:\/\/infolanus.com\/index.php\/wp-json\/wp\/v2\/media?parent=6453"}],"wp:term":[{"taxonomy":"category","embeddable":true,"href":"https:\/\/infolanus.com\/index.php\/wp-json\/wp\/v2\/categories?post=6453"},{"taxonomy":"post_tag","embeddable":true,"href":"https:\/\/infolanus.com\/index.php\/wp-json\/wp\/v2\/tags?post=6453"}],"curies":[{"name":"wp","href":"https:\/\/api.w.org\/{rel}","templated":true}]}}