{"id":6455,"date":"2024-02-09T19:01:06","date_gmt":"2024-02-09T22:01:06","guid":{"rendered":"https:\/\/www.inforegion.com.ar\/?p=296987"},"modified":"2024-02-09T19:01:06","modified_gmt":"2024-02-09T22:01:06","slug":"la-pelada-y-un-tatuaje-claves-en-la-identificacion-del-ex-comisario-detenido-por-el-crimen-del-monaguillo-en-lanus","status":"publish","type":"post","link":"https:\/\/infolanus.com\/index.php\/2024\/02\/09\/la-pelada-y-un-tatuaje-claves-en-la-identificacion-del-ex-comisario-detenido-por-el-crimen-del-monaguillo-en-lanus\/","title":{"rendered":"La pelada y un tatuaje, claves en la identificaci\u00f3n del ex comisario detenido por el crimen del Monaguillo en Lan\u00fas"},"content":{"rendered":"<div><img data-recalc-dims=\"1\" decoding=\"async\" src=\"https:\/\/i0.wp.com\/www.inforegion.com.ar\/wp-content\/uploads\/2024\/02\/Monaguillo-y-acusado.jpg?w=640&#038;ssl=1\" class=\"ff-og-image-inserted\"><\/div>\n<p>Un trabajo de seguimiento y an\u00e1lisis de c\u00e1maras de seguridad fue clave para identificar al excomisario <a href=\"https:\/\/www.inforegion.com.ar\/2024\/02\/09\/un-ex-comisario-bonaerense-fue-detenido-por-el-doble-crimen-del-monagillo-de-lanus\/\">Adri\u00e1n Francisco Brulc, detenido este jueves,<\/a> como principal sospechoso del doble crimen del monaguillo Germ\u00e1n Zucarelli y su t\u00eda Ana Russo. <\/p>\n<p><strong>Las im\u00e1genes captaron a un hombre calvo, con un tatuaje en la pantorrilla, abandonando el auto utilizado en el crimen a siete cuadras de la casa de Brulc en Villa Centenario, partido de Lomas de Zamora.<\/strong> Estas caracter\u00edsticas f\u00edsicas, que coinciden con las del excomisario, dieron los primeros indicios a los investigadores.<\/p>\n<p><strong>Adem\u00e1s, otro elemento clave en la investigaci\u00f3n fue el hallazgo de una caja de municiones calibre .22 en la vivienda de Brulc<\/strong>, la misma utilizada en el asesinato. La caja ten\u00eda 12 proyectiles faltantes, que coincide con la cantidad de balas disparadas contra Zucarelli y Russo. La prueba fue obtenida por los efectivos de la Delegaci\u00f3n Departamental de Investigaciones (DDI) de Avellaneda-Lan\u00fas en el allanamiento del domicilio del detenido, en la calle Darwin al 1100 de Villa Centenario.<\/p>\n<p><strong>Brulc, de 54 a\u00f1os, se encontraba desafectado de la polic\u00eda bonaerense desde 2019<\/strong> tras ser detenido en una causa federal por lavado de activos del narcotr\u00e1fico.<\/p>\n<p><strong>La fiscal Silvia Bussano, a cargo de la UFI 7 de Lan\u00fas, lo indagar\u00e1 en las pr\u00f3ximas horas por el delito de \u201cdoble homicidio agravado por el uso de arma de fuego\u201d.<\/strong><\/p>\n<p><strong>Las pesquisas tambi\u00e9n se centran en determinar el m\u00f3vil del doble homicidio y analizan si Brulc ten\u00eda alg\u00fan v\u00ednculo con las v\u00edctimas o si un pleito por dinero y propiedades podr\u00eda estar relacionado al crimen.<\/strong> La investigaci\u00f3n contin\u00faa para esclarecer el m\u00f3vil del crimen y determinar si Brulc actu\u00f3 solo o con la colaboraci\u00f3n de otras personas.<\/p>\n","protected":false},"excerpt":{"rendered":"<p>Un trabajo de seguimiento y an\u00e1lisis de c\u00e1maras de seguridad fue clave para identificar al excomisario Adri\u00e1n Francisco Brulc, detenido este jueves, como principal sospechoso del doble crimen del monaguillo Germ\u00e1n Zucarelli y su t\u00eda Ana Russo. Las im\u00e1genes captaron a un hombre calvo, con un tatuaje en la pantorrilla, abandonando el auto utilizado en [&hellip;]<\/p>\n","protected":false},"author":2,"featured_media":6456,"comment_status":"closed","ping_status":"closed","sticky":false,"template":"","format":"standard","meta":{"jetpack_post_was_ever_published":false,"_jetpack_newsletter_access":"","_jetpack_dont_email_post_to_subs":false,"_jetpack_newsletter_tier_id":0,"_jetpack_memberships_contains_paywalled_content":false,"_jetpack_memberships_contains_paid_content":false,"footnotes":"","jetpack_publicize_message":"","jetpack_publicize_feature_enabled":true,"jetpack_social_post_already_shared":true,"jetpack_social_options":{"image_generator_settings":{"template":"highway","enabled":false},"version":2}},"categories":[19],"tags":[773,774,1623,23,1616,1624],"class_list":["post-6455","post","type-post","status-publish","format-standard","has-post-thumbnail","hentry","category-municipio","tag-centrales","tag-destacadas","tag-doble-crimen","tag-lanus","tag-monaguillo","tag-monaguillo-de-lanus"],"jetpack_publicize_connections":[],"jetpack_featured_media_url":"https:\/\/i0.wp.com\/infolanus.com\/wp-content\/uploads\/2024\/02\/la-pelada-y-un-tatuaje-claves-en-la-identificacion-del-ex-comisario-detenido-por-el-crimen-del-monaguillo-en-lanus.jpg?fit=1280%2C720&ssl=1","jetpack_sharing_enabled":true,"jetpack_shortlink":"https:\/\/wp.me\/p9QtMr-1G7","_links":{"self":[{"href":"https:\/\/infolanus.com\/index.php\/wp-json\/wp\/v2\/posts\/6455","targetHints":{"allow":["GET"]}}],"collection":[{"href":"https:\/\/infolanus.com\/index.php\/wp-json\/wp\/v2\/posts"}],"about":[{"href":"https:\/\/infolanus.com\/index.php\/wp-json\/wp\/v2\/types\/post"}],"author":[{"embeddable":true,"href":"https:\/\/infolanus.com\/index.php\/wp-json\/wp\/v2\/users\/2"}],"replies":[{"embeddable":true,"href":"https:\/\/infolanus.com\/index.php\/wp-json\/wp\/v2\/comments?post=6455"}],"version-history":[{"count":0,"href":"https:\/\/infolanus.com\/index.php\/wp-json\/wp\/v2\/posts\/6455\/revisions"}],"wp:featuredmedia":[{"embeddable":true,"href":"https:\/\/infolanus.com\/index.php\/wp-json\/wp\/v2\/media\/6456"}],"wp:attachment":[{"href":"https:\/\/infolanus.com\/index.php\/wp-json\/wp\/v2\/media?parent=6455"}],"wp:term":[{"taxonomy":"category","embeddable":true,"href":"https:\/\/infolanus.com\/index.php\/wp-json\/wp\/v2\/categories?post=6455"},{"taxonomy":"post_tag","embeddable":true,"href":"https:\/\/infolanus.com\/index.php\/wp-json\/wp\/v2\/tags?post=6455"}],"curies":[{"name":"wp","href":"https:\/\/api.w.org\/{rel}","templated":true}]}}