{"id":6467,"date":"2024-02-11T18:42:38","date_gmt":"2024-02-11T21:42:38","guid":{"rendered":"https:\/\/www.inforegion.com.ar\/?p=297077"},"modified":"2024-02-11T18:42:38","modified_gmt":"2024-02-11T21:42:38","slug":"julian-alvarez-denuncio-a-diego-kravetz-por-invadir-lanus","status":"publish","type":"post","link":"https:\/\/infolanus.com\/index.php\/2024\/02\/11\/julian-alvarez-denuncio-a-diego-kravetz-por-invadir-lanus\/","title":{"rendered":"Juli\u00e1n \u00c1lvarez denunci\u00f3 a Diego Kravetz por invadir Lan\u00fas"},"content":{"rendered":"<div><img data-recalc-dims=\"1\" decoding=\"async\" src=\"https:\/\/i0.wp.com\/www.inforegion.com.ar\/wp-content\/uploads\/2024\/02\/Invasion-a-Lanus.jpg?w=640&#038;ssl=1\" class=\"ff-og-image-inserted\"><\/div>\n<p>El intendente de Lan\u00fas, Juli\u00e1n \u00c1lvarez, anunci\u00f3 hoy que inici\u00f3 las \u201cactuaciones judiciales pertinentes\u201d contra el titular de la polic\u00eda porte\u00f1a y excandidato a jefe comunal de Lan\u00fas, <strong>Diego Kravetz, al que acusan por un supuesto control por parte de la fuerza de seguridad de la ciudad de Buenos Aires de los ingresos y egresos al Puente Ol\u00edmpico en territorio de la comuna lanusense<\/strong>. <\/p>\n<p>\u201cLa fuerza comandada por Diego Kravetz cometi\u00f3 un delito, <strong>llevando adelante en Lan\u00fas un operativo ilegal e inconsulto. <\/strong>Por eso me comuniqu\u00e9 con las autoridades judiciales e inici\u00e9 las actuaciones penales correspondientes\u201d, explic\u00f3 Juli\u00e1n \u00c1lvarez en sus redes.<\/p>\n<p>Seg\u00fan el funcionario camporista durante la medianoche del hoy y mientras \u00c1lvarez junto a su secretario de Seguridad, Sebasti\u00e1n Castillo, <strong>supervisaban un operativo de saturaci\u00f3n vehicular en el barrio Villa Jard\u00edn<\/strong>, identificaron que la Polic\u00eda de la Ciudad cortaba los ingresos y egresos al Puente Ol\u00edmpico pero desde el territorio de Lan\u00fas.<\/p>\n<figure class=\"wp-block-embed is-type-rich is-provider-twitter wp-block-embed-twitter\">\n<div class=\"wp-block-embed__wrapper\">\n<blockquote class=\"twitter-tweet\" data-width=\"550\" data-dnt=\"true\">\n<p lang=\"es\" dir=\"ltr\">Este domingo, mientras supervis\u00e1bamos un operativo de saturaci\u00f3n vehicular en Villa Jard\u00edn, identificamos que la Polic\u00eda de la Ciudad se encontraba cortando los ingresos y egresos al Puente Ol\u00edmpico en territorio de nuestro distrito. <a href=\"https:\/\/t.co\/eceLBusK4e\">pic.twitter.com\/eceLBusK4e<\/a><\/p>\n<p>\u2014 Juli\u00e1n \u00c1lvarez (@aJulianAlvarez) <a href=\"https:\/\/twitter.com\/aJulianAlvarez\/status\/1756724444620320776?ref_src=twsrc%5Etfw\">February 11, 2024<\/a><\/p><\/blockquote>\n<\/div>\n<\/figure>\n<p>\u201cEl<strong> ilegal y desprolijo accionar de Diego Kravetz <\/strong>se suma a lo acontecido durante el reciente robo sufrido por el secretario del Concejo Deliberante de Lan\u00fas Gabriel Sandoval, cuando la Polic\u00eda de la Ciudad no dej\u00f3 actuar a la Polic\u00eda Bonaerense, durante la persecuci\u00f3n de los delincuentes que se dirig\u00edan hacia la Capital Federal, lugar donde resid\u00edan\u201d, afirmaron desde la comuna mediante un comunicado.<\/p>\n<p>Y acus\u00f3: \u201cEn paralelo con este hecho, d\u00edas atr\u00e1s, <strong>Diego Kravetz envi\u00f3 a sus militantes a <a href=\"https:\/\/www.inforegion.com.ar\/2024\/02\/09\/lanus-el-municipio-exonera-a-25-agentes-de-seguridad-ciudadana\/\">acuartelarse en la Base Operativa de Seguridad Ciudadana<\/a> de Lan\u00fas <\/strong>para que los agentes no pudieran salir a patrullar, 24 horas despu\u00e9s de que el intendente hab\u00eda comunicado un aumento salarial del 95 % para todo el personal de la fuerza\u201d.<\/p>\n<p>\u201cLe pedimos a Diego Kravetz que sea responsable y que deje gestionar al gobierno que fue elegido por el voto popular de Lan\u00fas\u201d, enfatiz\u00f3 el intendente quien, mientras, enfrenta una ola de <a href=\"https:\/\/www.inforegion.com.ar\/2024\/01\/28\/la-inseguridad-en-lanus-llego-a-la-mesa-de-mirtha-legrand\/\">cr\u00edmenes de alta resonancia p\u00fablica<\/a>, parece decido a <a href=\"https:\/\/www.inforegion.com.ar\/2024\/01\/12\/polemica-en-lanus-por-la-ola-de-inseguridad\/\">confrontar con el exintendente N\u00e9stor Grindetti<\/a> y su delf\u00edn, Kravetz,sobre una materia en la que los delitos parecen arreciar donde algunos&nbsp;<strong>asesinatos como el del&nbsp;<a href=\"https:\/\/www.inforegion.com.ar\/2024\/02\/05\/lanus-acribillaron-a-un-monaguillo-y-a-su-tia\/\">monaguillo y su t\u00eda<\/a>&nbsp;o el de&nbsp;<a href=\"https:\/\/www.inforegion.com.ar\/2024\/01\/17\/esposa-ruso-asesinado-en-lanus\/\">Eugenio Sipatov<\/a>&nbsp;pusieron el tema en la agenda p\u00fablica.<\/strong><\/p>\n","protected":false},"excerpt":{"rendered":"<p>El intendente de Lan\u00fas, Juli\u00e1n \u00c1lvarez, anunci\u00f3 hoy que inici\u00f3 las \u201cactuaciones judiciales pertinentes\u201d contra el titular de la polic\u00eda porte\u00f1a y excandidato a jefe comunal de Lan\u00fas, Diego Kravetz, al que acusan por un supuesto control por parte de la fuerza de seguridad de la ciudad de Buenos Aires de los ingresos y egresos [&hellip;]<\/p>\n","protected":false},"author":2,"featured_media":6468,"comment_status":"closed","ping_status":"closed","sticky":false,"template":"","format":"standard","meta":{"jetpack_post_was_ever_published":false,"_jetpack_newsletter_access":"","_jetpack_dont_email_post_to_subs":false,"_jetpack_newsletter_tier_id":0,"_jetpack_memberships_contains_paywalled_content":false,"_jetpack_memberships_contains_paid_content":false,"footnotes":"","jetpack_publicize_message":"","jetpack_publicize_feature_enabled":true,"jetpack_social_post_already_shared":true,"jetpack_social_options":{"image_generator_settings":{"template":"highway","enabled":false},"version":2}},"categories":[19],"tags":[773,774,213,305,427,23,796],"class_list":["post-6467","post","type-post","status-publish","format-standard","has-post-thumbnail","hentry","category-municipio","tag-centrales","tag-destacadas","tag-diego-kravetz","tag-inseguridad","tag-julian-alvarez","tag-lanus","tag-seguridad-y-justicia"],"jetpack_publicize_connections":[],"jetpack_featured_media_url":"https:\/\/i0.wp.com\/infolanus.com\/wp-content\/uploads\/2024\/02\/julian-alvarez-denuncio-a-diego-kravetz-por-invadir-lanus.jpg?fit=640%2C360&ssl=1","jetpack_sharing_enabled":true,"jetpack_shortlink":"https:\/\/wp.me\/p9QtMr-1Gj","_links":{"self":[{"href":"https:\/\/infolanus.com\/index.php\/wp-json\/wp\/v2\/posts\/6467","targetHints":{"allow":["GET"]}}],"collection":[{"href":"https:\/\/infolanus.com\/index.php\/wp-json\/wp\/v2\/posts"}],"about":[{"href":"https:\/\/infolanus.com\/index.php\/wp-json\/wp\/v2\/types\/post"}],"author":[{"embeddable":true,"href":"https:\/\/infolanus.com\/index.php\/wp-json\/wp\/v2\/users\/2"}],"replies":[{"embeddable":true,"href":"https:\/\/infolanus.com\/index.php\/wp-json\/wp\/v2\/comments?post=6467"}],"version-history":[{"count":0,"href":"https:\/\/infolanus.com\/index.php\/wp-json\/wp\/v2\/posts\/6467\/revisions"}],"wp:featuredmedia":[{"embeddable":true,"href":"https:\/\/infolanus.com\/index.php\/wp-json\/wp\/v2\/media\/6468"}],"wp:attachment":[{"href":"https:\/\/infolanus.com\/index.php\/wp-json\/wp\/v2\/media?parent=6467"}],"wp:term":[{"taxonomy":"category","embeddable":true,"href":"https:\/\/infolanus.com\/index.php\/wp-json\/wp\/v2\/categories?post=6467"},{"taxonomy":"post_tag","embeddable":true,"href":"https:\/\/infolanus.com\/index.php\/wp-json\/wp\/v2\/tags?post=6467"}],"curies":[{"name":"wp","href":"https:\/\/api.w.org\/{rel}","templated":true}]}}