{"id":6509,"date":"2024-02-17T21:19:00","date_gmt":"2024-02-18T00:19:00","guid":{"rendered":"https:\/\/www.ambito.com\/uruguay\/la-vicepresidenta-venezuela-volvio-atacar-lacalle-pou-y-escala-la-tension-diplomatica-n5947567"},"modified":"2024-02-17T21:19:00","modified_gmt":"2024-02-18T00:19:00","slug":"la-vicepresidenta-de-venezuela-volvio-a-atacar-a-lacalle-pou-y-escala-la-tension-diplomatica","status":"publish","type":"post","link":"https:\/\/infolanus.com\/index.php\/2024\/02\/17\/la-vicepresidenta-de-venezuela-volvio-a-atacar-a-lacalle-pou-y-escala-la-tension-diplomatica\/","title":{"rendered":"La vicepresidenta de Venezuela volvi\u00f3 a atacar a Lacalle Pou y escala la tensi\u00f3n diplom\u00e1tica"},"content":{"rendered":"<div><img data-recalc-dims=\"1\" decoding=\"async\" src=\"https:\/\/i0.wp.com\/media.ambito.com\/p\/dfdfd4c45dc25e3d8dcb7895c3378f65\/adjuntos\/351\/imagenes\/040\/778\/0040778358\/1200x675\/smart\/luis-lacalle-pou-joe-biden-uruguay-estados-unidos.jpg?w=640&#038;ssl=1\" class=\"ff-og-image-inserted\"><\/div>\n<div id>\n<p>La vicepresidenta de <strong>Venezuela, Delcy Rodr\u00edguez, <\/strong>volvi\u00f3 a apuntar contra el presidente <strong>Luis Lacalle Pou <\/strong>y sigue escalando la tensi\u00f3n diplom\u00e1tica entre ambos pa\u00edses, en momentos donde el gobierno llam\u00f3 en consultas al embajador en ese pa\u00eds, <strong>Eber Da Rosa.<\/strong><\/p>\n<\/p><\/div>\n<div id>\n<p><strong>Rodr\u00edguez <\/strong>ya hab\u00eda llamado \u201clacayo\u201d a <strong>Lacalle Pou, <\/strong>luego de que el mandatario dijera que <a href=\"https:\/\/www.ambito.com\/uruguay\/lacalle-pou-aseguro-que-rompe-los-ojos-que-venezuela-hay-una-dictadura-n5943919\" target=\"_blank\" rel=\"follow noopener\"> \u201crompe los ojos\u201d <\/a>que en <strong>Venezuela <\/strong>\u201chay una dictadura. Ahora, lo cuestion\u00f3 por su v\u00ednculo con <strong>Estados Unidos, <\/strong>luego de la visita del canciller <strong>Omar Paganini <\/strong>a ese pa\u00eds.<\/p>\n<\/div>\n<div id>\n<p> \u201cFueron rapidito a pagar por sus servicios a <strong>Luis Lacalle Pou\u201d, <\/strong>sostuvo por medio de su cuenta de X la vicepresidenta venezolana, al hacerse eco del mensaje de <strong>Brian Nichols, <\/strong>diplom\u00e1tico estadounidense, sobre el avance de la relaci\u00f3n entre ambos pa\u00edses.<\/p>\n<\/div>\n<div id>\n<p>La jerarca venezolana hab\u00eda llamado \u201clacayo\u201d de <strong>Estados Unidos <\/strong>al mandatario y, en alusi\u00f3n a esa frase, agreg\u00f3: \u201cLa descripci\u00f3n que hicimos de \u00e9l hace apenas unos d\u00edas fue copia al calco\u201d.<\/p>\n<\/div>\n<div id>\n<div contenteditable=\"false\" class=\"embed_cont type_freetext\" rel=\"freetext\" id=\"embed7092_wrap\" data-provider=\"Twitter\" readability=\"29.420118343195\">\n<p>Embed &#8211; https:\/\/publish.twitter.com\/oembed?url=https:\/\/twitter.com\/delcyrodriguezv\/status\/1758877791372657038&amp;partner=&amp;hide_thread=false<span onclick=\"parent.parent.TinyMCETdcuerpo.preview_embed('embed7092')\" class=\"embed_colapse less\" id=\"embed7092_colapse\"><\/span><span onclick=\"parent.parent.TinyMCETdcuerpo.delete_embed('embed7092')\" class=\"embed_delete less\" id=\"embed7092_delete\"><\/span><\/p>\n<div id=\"embed7092_content\" class=\"embed_content\">\n<div id=\"embed7092_embed\" readability=\"6.8108108108108\">\n<blockquote data-td-script-src=\"https:\/\/platform.twitter.com\/widgets.js\" class=\"twitter-tweet\" readability=\"7.6621621621622\">\n<p dir=\"ltr\" lang=\"es\"> Fueron rapidito a pagar por sus servicios a <a href=\"https:\/\/twitter.com\/LuisLacallePou?ref_src=twsrc%5Etfw\">@LuisLacallePou<\/a> \/ la descripci\u00f3n que hicimos de \u00e9l hace apenas unos d\u00edas fue copia al calco. Quienes salen a defenderlo ser\u00e1n juzgados por la historia, muy particularmente por haber sido promotor y patrocinador de uno de los lacayos m\u00e1s\u2026 <a href=\"https:\/\/t.co\/Y6Xt7tdZvK\">https:\/\/t.co\/Y6Xt7tdZvK<\/a><\/p>\n<p> \u2014 Delcy Rodr\u00edguez (@delcyrodriguezv) <a href=\"https:\/\/twitter.com\/delcyrodriguezv\/status\/1758877791372657038?ref_src=twsrc%5Etfw\">February 17, 2024<\/a><\/p><\/blockquote>\n<\/div><\/div>\n<\/p><\/div>\n<h2>\u00bfHubo una cr\u00edtica velada a Jos\u00e9 Mujica?<\/h2>\n<p>Las duras acusaciones de <strong>Rodr\u00edguez <\/strong>motivaron d\u00edas atr\u00e1s reacciones del oficialismo y la oposici\u00f3n, que salieron a respaldar la investidura presidencial, entre ellos el expresidente <strong>Jos\u00e9 Mujica, <\/strong>quien sostuvo que en ese pa\u00eds hay <a href=\"https:\/\/www.ambito.com\/uruguay\/en-venezuela-hay-un-gobierno-autoritario-se-lo-puede-llamar-dictador-aseguro-mujica-n5947162\" target=\"_blank\" rel=\"follow noopener\">&#8220;un gobierno autoritario&#8221;.<\/a><\/p>\n<p>En un mensaje al arco pol\u00edtico uruguayo y tal vez una cr\u00edtica velada contra el exmandatario, la jerarca venezolana apunt\u00f3: \u201cQuienes salen a defenderlo ser\u00e1n juzgados por la historia\u201d.<\/p>\n<p>Adem\u00e1s, la vicepresidenta acus\u00f3 a Lacalle Pou de \u201chaber sido promotor y patrocinador de uno de los lacayos m\u00e1s serviles contra Am\u00e9rica Latina, <strong>Luis Almagro\u201d.<\/strong> \u201cVenezuela jam\u00e1s se doblegar\u00e1 ni ante el hegem\u00f3n ni ante sus estriberos\u201d, concluy\u00f3 Rodr\u00edguez, en un mensaje por dem\u00e1s subido de tono.<\/p>\n<h2>Preocupaci\u00f3n en Venezuela por la detenci\u00f3n de una activista<\/h2>\n<p><strong>Venezuela <\/strong>tendr\u00e1 elecciones este a\u00f1o y en ese marco fue inhabilitada la principal candidata opositora, <strong>Mar\u00eda Corina Machado, <\/strong>mientras que en las \u00faltimas horas se denunci\u00f3 <a href=\"https:\/\/www.ambito.com\/uruguay\/exhibio-una-profunda-preocupacion-la-detencion-una-activista-venezuela-n5946418\" target=\"_blank\" rel=\"follow noopener\">la detenci\u00f3n de una activista,<\/a> la defensora de Derechos Humanos, <strong>Roc\u00edo San Miguel.<\/strong><\/p>\n<p>En ese marco, el gobierno de <strong>Nicol\u00e1s Maduro <\/strong>suspendi\u00f3 las operaciones del <strong>Alto Comisionado de Naciones Unidas para los Derechos Humanos <\/strong>(Acnudh), que deber\u00e1 cesar las actividades en 72 horas.<\/p>\n<p>&#8220;Nuestro principio rector ha sido y sigue siendo la promoci\u00f3n y protecci\u00f3n de los Derechos Humanos del pueblo de Venezuela&#8221;, explic\u00f3 la portavoz de Acnudh, <strong>Ravina Shamdasani,<\/strong> en un comunicado.<\/p>\n<p>Sobre la activista, apunt\u00f3: &#8220;Su paradero sigue siendo desconocido, lo que podr\u00eda calificar su detenci\u00f3n como una <strong>desaparici\u00f3n forzada&#8221;. <\/strong>A continuaci\u00f3n, pidi\u00f3 su liberaci\u00f3n inmediata y que se respete su derecho a la defensa jur\u00eddica.<\/p>\n<\/div>\n","protected":false},"excerpt":{"rendered":"<p>La vicepresidenta de Venezuela, Delcy Rodr\u00edguez, volvi\u00f3 a apuntar contra el presidente Luis Lacalle Pou y sigue escalando la tensi\u00f3n diplom\u00e1tica entre ambos pa\u00edses, en momentos donde el gobierno llam\u00f3 en consultas al embajador en ese pa\u00eds, Eber Da Rosa. Rodr\u00edguez ya hab\u00eda llamado \u201clacayo\u201d a Lacalle Pou, luego de que el mandatario dijera que [&hellip;]<\/p>\n","protected":false},"author":2,"featured_media":6510,"comment_status":"closed","ping_status":"closed","sticky":false,"template":"","format":"standard","meta":{"jetpack_post_was_ever_published":false,"_jetpack_newsletter_access":"","_jetpack_dont_email_post_to_subs":false,"_jetpack_newsletter_tier_id":0,"_jetpack_memberships_contains_paywalled_content":false,"_jetpack_memberships_contains_paid_content":false,"footnotes":"","jetpack_publicize_message":"","jetpack_publicize_feature_enabled":true,"jetpack_social_post_already_shared":true,"jetpack_social_options":{"image_generator_settings":{"template":"highway","enabled":false},"version":2}},"categories":[20],"tags":[],"class_list":["post-6509","post","type-post","status-publish","format-standard","has-post-thumbnail","hentry","category-mundo"],"jetpack_publicize_connections":[],"jetpack_featured_media_url":"https:\/\/i0.wp.com\/infolanus.com\/wp-content\/uploads\/2024\/02\/la-vicepresidenta-de-venezuela-volvio-a-atacar-a-lacalle-pou-y-escala-la-tension-diplomatica.jpg?fit=1200%2C675&ssl=1","jetpack_sharing_enabled":true,"jetpack_shortlink":"https:\/\/wp.me\/p9QtMr-1GZ","_links":{"self":[{"href":"https:\/\/infolanus.com\/index.php\/wp-json\/wp\/v2\/posts\/6509","targetHints":{"allow":["GET"]}}],"collection":[{"href":"https:\/\/infolanus.com\/index.php\/wp-json\/wp\/v2\/posts"}],"about":[{"href":"https:\/\/infolanus.com\/index.php\/wp-json\/wp\/v2\/types\/post"}],"author":[{"embeddable":true,"href":"https:\/\/infolanus.com\/index.php\/wp-json\/wp\/v2\/users\/2"}],"replies":[{"embeddable":true,"href":"https:\/\/infolanus.com\/index.php\/wp-json\/wp\/v2\/comments?post=6509"}],"version-history":[{"count":0,"href":"https:\/\/infolanus.com\/index.php\/wp-json\/wp\/v2\/posts\/6509\/revisions"}],"wp:featuredmedia":[{"embeddable":true,"href":"https:\/\/infolanus.com\/index.php\/wp-json\/wp\/v2\/media\/6510"}],"wp:attachment":[{"href":"https:\/\/infolanus.com\/index.php\/wp-json\/wp\/v2\/media?parent=6509"}],"wp:term":[{"taxonomy":"category","embeddable":true,"href":"https:\/\/infolanus.com\/index.php\/wp-json\/wp\/v2\/categories?post=6509"},{"taxonomy":"post_tag","embeddable":true,"href":"https:\/\/infolanus.com\/index.php\/wp-json\/wp\/v2\/tags?post=6509"}],"curies":[{"name":"wp","href":"https:\/\/api.w.org\/{rel}","templated":true}]}}