{"id":6514,"date":"2024-02-18T13:56:32","date_gmt":"2024-02-18T16:56:32","guid":{"rendered":"https:\/\/infolanus.com\/?p=6514"},"modified":"2024-02-18T13:56:33","modified_gmt":"2024-02-18T16:56:33","slug":"masivo-repudio-de-la-comunidad-de-lanus-conta-macri-y-kravetz-por-el-operativo-en-el-puente-olimpico","status":"publish","type":"post","link":"https:\/\/infolanus.com\/index.php\/2024\/02\/18\/masivo-repudio-de-la-comunidad-de-lanus-conta-macri-y-kravetz-por-el-operativo-en-el-puente-olimpico\/","title":{"rendered":"Masivo repudio de la comunidad de Lanus conta Macri y Kravetz por el operativo en el Puente Olimpico"},"content":{"rendered":"\n<p>Organizaciones sindicales, estudiantes secundarios y universitarios, centros de jubilados, ex combatientes de Malvinas, clubes de barrio y diferentes sectores de la comunidad de Lan\u00fas expresaron su repudio contra el accionar del jefe de Gobierno Jorge Macri y del secretario de Seguridad de la Ciudad Diego Kravetz, quienes durante la madrugada de los d\u00edas domingo y lunes llevaron adelante un operativo ilegal e inconsulto cortando los ingresos y egresos al Puente Ol\u00edmpico en territorio del distrito de Lan\u00fas.<\/p>\n\n\n\n<p>\u201cLos vecinos de Lan\u00fas y sus representantes no podemos permitir que se traspasen peligrosamente los l\u00edmites jurisdiccionales de su territorio. Le pedimos al jefe de Gobierno Jorge Macri que deje de pasear por Roma e instituya a su fuerza para que se dedique a lo que le compete: la seguridad de los habitantes de la ciudad. No puede mantenerse en el tiempo este antecedente que configura ya un conflicto Interprovincial.\u201d, expres\u00f3 el concejal de la UCR Lan\u00fas Emiliano Bursese.<\/p>\n\n\n\n<p>Por su parte, las Centrales Obreras de Lan\u00fas solicitaron \u201ccon car\u00e1cter de urgente a las autoridades que se responsabilicen de terminar con tal intromisi\u00f3n que no hace m\u00e1s que dejar en claro su proceder antidemocr\u00e1tico. Las Centrales Obreras junto a los y las trabajadoras nos ponemos en estado de alerta brindando nuestro total respaldo y apoyo al intendente Juli\u00e1n \u00c1lvarez y exigimos que se respete la jurisdicci\u00f3n de nuestro distrito de Lan\u00fas.\u201d<\/p>\n\n\n\n<p>Lo propio hicieron los representantes de instituciones barriales como el Frente Popular de Clubes de Lan\u00fas: \u201dRechazamos este tipo de acciones mezquinas que no persiguen otro objetivo que el intentar desestabilizar pol\u00edticamente a nuestro intendente utilizando la seguridad como excusa. La hipocres\u00eda y el resentimiento de Diego Kravetz no tienen l\u00edmites.\u201d<\/p>\n\n\n\n<p>El Sindicato de Empleados Municipales de Lan\u00fas y la Federaci\u00f3n de Sindicatos Municipales Bonaerenses tambi\u00e9n declararon su descontento: \u201dDebemos expresar nuestro en\u00e9rgico repudio ante el accionar de Diego Kravetz. Entendiendo que este es un proceder ilegal y antidemocr\u00e1tico, expresamos nuestra total solidaridad con el intendente y con la comunidad lanusenses, siempre en defensa de nuestra autonom\u00eda, nuestro territorio y nuestra integridad como pueblo autodeterminado.\u201d.<\/p>\n\n\n\n<p>Mientras que desde el Sindicato de Trabajadores Municipales de Lan\u00fas se declararon \u201den estado de alerta para defender la democracia que tanto nos cost\u00f3 a los lanusenses a los largo de la historia.\u201d<\/p>\n\n\n\n<p>\u201dEntendemos que este accionar, lejos de contribuir en la prevenci\u00f3n de delito y la paz social, puede implicar una pr\u00e1ctica abusiva e irrespetuosa de los derechos elementales de la ciudadan\u00eda.\u201d, declar\u00f3 en su comunicado el Colegio de la Abogac\u00eda Avellaneda Lan\u00fas.<\/p>\n\n\n\n<p>En sus redes sociales la Federaci\u00f3n Universitaria de Lan\u00fas expres\u00f3: \u201dLas y los estudiantes repudiamos el accionar invasivo y prepotente de las autoridades de la Ciudad Buenos Aires, as\u00ed como les pedimos reflexionar sobre estas pr\u00e1cticas mezquinas que solo buscan desestabilizar al gobierno local elegido por la mayor\u00eda de las vecinas y vecinos de Lan\u00fas.\u201d<\/p>\n\n\n\n<p>Por su parte, la Uni\u00f3n de Trabajadoras y Trabajadores de la Econom\u00eda Popular de Lan\u00fas indic\u00f3 que \u201desta intromisi\u00f3n, que fue realizada sin consultar y sin dar explicaciones, cruza un l\u00edmite peligro.\u201d<\/p>\n\n\n\n<p>Tambi\u00e9n se hicieron eco del repudio dirigentes y personalidades del distrito: la agrupaci\u00f3n De Lan\u00fas para Lan\u00fas; el Frente Renovador de Lan\u00fas; el Centro de Ex Combatientes de Lan\u00fas; la Federaci\u00f3n de Estudiantes Secundarios de Lan\u00fas; el Partido Justicialista de Lan\u00fas; y el Ateneo N\u00e9stor Kirchner de Lan\u00fas; entre otros.<\/p>\n","protected":false},"excerpt":{"rendered":"<p>Organizaciones sindicales, estudiantes secundarios y universitarios, centros de jubilados, ex combatientes de Malvinas, clubes de barrio y diferentes sectores de la comunidad de Lan\u00fas expresaron su repudio contra el accionar del jefe de Gobierno Jorge Macri y del secretario de Seguridad de la Ciudad Diego Kravetz, quienes durante la madrugada de los d\u00edas domingo y [&hellip;]<\/p>\n","protected":false},"author":2,"featured_media":6515,"comment_status":"open","ping_status":"open","sticky":false,"template":"","format":"standard","meta":{"jetpack_post_was_ever_published":false,"_jetpack_newsletter_access":"","_jetpack_dont_email_post_to_subs":false,"_jetpack_newsletter_tier_id":0,"_jetpack_memberships_contains_paywalled_content":false,"_jetpack_memberships_contains_paid_content":false,"footnotes":"","jetpack_publicize_message":"","jetpack_publicize_feature_enabled":true,"jetpack_social_post_already_shared":true,"jetpack_social_options":{"image_generator_settings":{"template":"highway","enabled":false},"version":2}},"categories":[19],"tags":[213],"class_list":["post-6514","post","type-post","status-publish","format-standard","has-post-thumbnail","hentry","category-municipio","tag-diego-kravetz"],"jetpack_publicize_connections":[],"jetpack_featured_media_url":"https:\/\/i0.wp.com\/infolanus.com\/wp-content\/uploads\/2024\/02\/Diego-Kravetz.jpg?fit=700%2C466&ssl=1","jetpack_sharing_enabled":true,"jetpack_shortlink":"https:\/\/wp.me\/p9QtMr-1H4","_links":{"self":[{"href":"https:\/\/infolanus.com\/index.php\/wp-json\/wp\/v2\/posts\/6514","targetHints":{"allow":["GET"]}}],"collection":[{"href":"https:\/\/infolanus.com\/index.php\/wp-json\/wp\/v2\/posts"}],"about":[{"href":"https:\/\/infolanus.com\/index.php\/wp-json\/wp\/v2\/types\/post"}],"author":[{"embeddable":true,"href":"https:\/\/infolanus.com\/index.php\/wp-json\/wp\/v2\/users\/2"}],"replies":[{"embeddable":true,"href":"https:\/\/infolanus.com\/index.php\/wp-json\/wp\/v2\/comments?post=6514"}],"version-history":[{"count":1,"href":"https:\/\/infolanus.com\/index.php\/wp-json\/wp\/v2\/posts\/6514\/revisions"}],"predecessor-version":[{"id":6516,"href":"https:\/\/infolanus.com\/index.php\/wp-json\/wp\/v2\/posts\/6514\/revisions\/6516"}],"wp:featuredmedia":[{"embeddable":true,"href":"https:\/\/infolanus.com\/index.php\/wp-json\/wp\/v2\/media\/6515"}],"wp:attachment":[{"href":"https:\/\/infolanus.com\/index.php\/wp-json\/wp\/v2\/media?parent=6514"}],"wp:term":[{"taxonomy":"category","embeddable":true,"href":"https:\/\/infolanus.com\/index.php\/wp-json\/wp\/v2\/categories?post=6514"},{"taxonomy":"post_tag","embeddable":true,"href":"https:\/\/infolanus.com\/index.php\/wp-json\/wp\/v2\/tags?post=6514"}],"curies":[{"name":"wp","href":"https:\/\/api.w.org\/{rel}","templated":true}]}}