{"id":6543,"date":"2024-02-22T12:38:00","date_gmt":"2024-02-22T15:38:00","guid":{"rendered":"https:\/\/www.ambito.com\/uruguay\/la-causa-el-estadio-antel-arena-fue-archivada-la-fiscalia-n5951300"},"modified":"2024-02-22T12:38:00","modified_gmt":"2024-02-22T15:38:00","slug":"la-causa-por-el-estadio-antel-arena-fue-archivada-por-la-fiscalia","status":"publish","type":"post","link":"https:\/\/infolanus.com\/index.php\/2024\/02\/22\/la-causa-por-el-estadio-antel-arena-fue-archivada-por-la-fiscalia\/","title":{"rendered":"La causa por el estadio Antel Arena fue archivada por la Fiscal\u00eda"},"content":{"rendered":"<div><img data-recalc-dims=\"1\" decoding=\"async\" src=\"https:\/\/i0.wp.com\/media.ambito.com\/p\/3ccfe96af9706c7ee8c376cfb66b274e\/adjuntos\/351\/imagenes\/041\/339\/0041339487\/1200x675\/smart\/antel-arena-montevideojpg.jpg?w=640&#038;ssl=1\" class=\"ff-og-image-inserted\"><\/div>\n<div id>\n<p>La <strong>Fiscal\u00eda de Delitos Econ\u00f3micos <\/strong>decidi\u00f3 archivar la denuncia por la construcci\u00f3n del <strong>Antel Arena<\/strong> en <strong>Montevideo,<\/strong> la cual hab\u00eda sido presentada por el directorio de la empresa de telefon\u00eda estatal de <strong>Uruguay,<\/strong> entonces presidida por el ahora <a href=\"https:\/\/www.google.com\/url?client=internal-element-cse&amp;cx=008892114045256532459:e63xqbr3i5i&amp;q=https:\/\/www.ambito.com\/uruguay\/gurmendez-comparo-cosse-cristina-kirchner-ya-vimos-esa-pelicula-n5900872&amp;sa=U&amp;ved=2ahUKEwjE3tn4pb-EAxVCl5UCHQ00BHYQFnoECAYQAg&amp;usg=AOvVaw2CUDoJdLDU2lgwJ4uYb_oX\" target=\"_blank\" rel=\"follow noopener\">precandidato del <\/a><strong><a href=\"https:\/\/www.google.com\/url?client=internal-element-cse&amp;cx=008892114045256532459:e63xqbr3i5i&amp;q=https:\/\/www.ambito.com\/uruguay\/gurmendez-comparo-cosse-cristina-kirchner-ya-vimos-esa-pelicula-n5900872&amp;sa=U&amp;ved=2ahUKEwjE3tn4pb-EAxVCl5UCHQ00BHYQFnoECAYQAg&amp;usg=AOvVaw2CUDoJdLDU2lgwJ4uYb_oX\" target=\"_blank\" rel=\"follow noopener\">Partido Colorado Gabriel Gurm\u00e9ndez<\/a>.<\/strong> Para el titular de la dependencia judicial, <strong>Alejandro Machado,<\/strong> no hubo delitos.<\/p>\n<\/div>\n<div id>\n<p>La larga causa en torno al <strong>Antel Arena<\/strong> y <a href=\"https:\/\/www.google.com\/url?client=internal-element-cse&amp;cx=008892114045256532459:e63xqbr3i5i&amp;q=https:\/\/www.ambito.com\/uruguay\/el-presidente-antel-respondio-los-dichos-carolina-cosse-y-aseguro-que-no-dice-la-verdad-n5813460&amp;sa=U&amp;ved=2ahUKEwjE3tn4pb-EAxVCl5UCHQ00BHYQFnoECAAQAg&amp;usg=AOvVaw1wNyzv_FO9teyMiT9EchZ0\" target=\"_blank\" rel=\"follow noopener\">contra la gesti\u00f3n de la intendenta de <strong>Montevideo<\/strong><\/a> y precandidata presidencial por el <strong>Frente Amplio, Carolina Cosse,<\/strong> lleg\u00f3 a su fin en el comienzo del a\u00f1o electoral luego de que la Fiscal\u00eda de Delitos Econ\u00f3micos decidiera archivar la investigaci\u00f3n.<\/p>\n<\/div>\n<div id>\n<p> La noticia fue informada en primera instancia por la periodista <strong>Viviana Ruggiero<\/strong> de Canal 4, y luego fue confirmada por la misma Fiscal\u00eda a trav\u00e9s de su vocero, <strong>Javier Benech.<\/strong> Si bien todav\u00eda resta conocer la resoluci\u00f3n del fiscal Machado que fundamente la decisi\u00f3n, se adelant\u00f3 que, tras el an\u00e1lisis de la documentaci\u00f3n correspondiente a la causa y las declaraciones de los involucrados, no se encontr\u00f3 que se haya cometido alg\u00fan tipo de delito.<\/p>\n<\/div>\n<div id>\n<p>La denuncia penal archivada hab\u00eda sido presentada en octubre del 2021 por parte del directorio de la empresa estatal, que alegaba presuntas <strong>irregularidades<\/strong> en la construcci\u00f3n del <strong>Antel Arena.<\/strong> El escrito elaborado por <strong>Gustavo Bordes,<\/strong> que lider\u00f3 el equipo de abogados de la compa\u00f1\u00eda de telecomunicaciones, se bas\u00f3 en las conclusiones de dos auditor\u00edas que se realizaron en los meses anteriores y en el informe de la <strong>Junta de Transparencia y \u00c9tica P\u00fablica (Jutep)<\/strong>.<\/p>\n<\/div>\n<div id>\n<p>En ese entonces, Bordes se\u00f1al\u00f3 que dicho informe hac\u00eda \u201creferencia no solo a irregularidades e ilegalidades\u201d, sino que, a partir de lo concluido, habr\u00eda que \u201canalizar la <strong>responsabilidad civil y penal<\/strong> de las personas involucradas\u201d.<\/p>\n<p>Finalmente, y tras m\u00e1s de dos a\u00f1os de investigaci\u00f3n, la Fiscal\u00eda de Delitos Econ\u00f3micos archiv\u00f3 la causa tras no encontrar delitos.<\/p>\n<h2><strong>Una \u201copereta pol\u00edtica\u201d y una investigaci\u00f3n &#8220;medio dormida&#8221;<\/strong><\/h2>\n<p>Tras presentarse la denuncia en el 2021, el entonces fiscal especializado en Delitos Econ\u00f3micos de primer turno, <strong>Enrique Rodr\u00edguez,<\/strong> cit\u00f3 a declarar a los denunciantes \u2014que integraban el directorio de Antel en aquel momento\u2014 y a jerarcas y exjerarcas del Frente Amplio; entre ellos, la intendenta <strong>Carolina Cosse.<\/strong><\/p>\n<p>Luego de declarar en Fiscal\u00eda, la actual intendenta capitalina y precandidata frenteamplista sostuvo que <a href=\"https:\/\/www.google.com\/url?client=internal-element-cse&amp;cx=008892114045256532459:e63xqbr3i5i&amp;q=https:\/\/www.ambito.com\/uruguay\/cosse-califico-barbaridad-al-juicio-politico-y-opereta-la-auditoria-antel-n5680507&amp;sa=U&amp;ved=2ahUKEwjj-Kvppb-EAxV3q5UCHVnmAAIQFnoECAAQAg&amp;usg=AOvVaw25TAFZ9TCzy5vGCNP1tntB\" target=\"_blank\" rel=\"follow noopener\">la denuncia era \u201cuna opereta pol\u00edtica<\/a>\u201d por parte de los partidos tradicionales.<\/p>\n<p>En agosto del 2023, fue el ministro de Ambiente y exvicepresidente de <strong>Antel<\/strong> desde el 2020 hasta su asunci\u00f3n el frente de la cartera ambiental, <strong>Robert Bouvier,<\/strong> quien declar\u00f3 y sostuvo estar convencido de que el proceso de la construcci\u00f3n del <strong>Antel Arena<\/strong> tuvo \u201cunos cu\u00e1ntos vicios importantes\u201d.<\/p>\n<p>Sin embargo, tras dichas declaraciones la investigaci\u00f3n no habr\u00eda avanzado m\u00e1s. \u201cven\u00edamos muy bien hasta que casualmente se cambia al fiscal y se designa a Alejandro Machado, y no pasa nada en un a\u00f1o\u201d, cuestion\u00f3 Gurm\u00e9ndez en enero. \u201cSiento que la causa qued\u00f3 medio dormida\u201d, hab\u00eda reprochado el precandidato colorado, en di\u00e1logo con Telemundo.<\/p>\n<p>\u201cHay otras causas que tienen velocidad de v\u00e9rtigo, como la de <strong>Marset,<\/strong> entre otras, con otra velocidad, otro ritmo, filtraciones, mucha publicidad. A m\u00ed me hubiera gustado que una causa de 120 millones de d\u00f3lares de los uruguayos tuviera la misma rapidez, el mismo tratamiento, pero siento que este a\u00f1o que pas\u00f3 no avanz\u00f3 mucho la cosa y realmente est\u00e1 como media dormida, como que va a un archivo a fuego lento\u201d, a\u00f1adi\u00f3, entonces, adelantando el desenlace de la causa.<\/p>\n<\/div>\n","protected":false},"excerpt":{"rendered":"<p>La Fiscal\u00eda de Delitos Econ\u00f3micos decidi\u00f3 archivar la denuncia por la construcci\u00f3n del Antel Arena en Montevideo, la cual hab\u00eda sido presentada por el directorio de la empresa de telefon\u00eda estatal de Uruguay, entonces presidida por el ahora precandidato del Partido Colorado Gabriel Gurm\u00e9ndez. Para el titular de la dependencia judicial, Alejandro Machado, no hubo [&hellip;]<\/p>\n","protected":false},"author":2,"featured_media":6544,"comment_status":"closed","ping_status":"closed","sticky":false,"template":"","format":"standard","meta":{"jetpack_post_was_ever_published":false,"_jetpack_newsletter_access":"","_jetpack_dont_email_post_to_subs":false,"_jetpack_newsletter_tier_id":0,"_jetpack_memberships_contains_paywalled_content":false,"_jetpack_memberships_contains_paid_content":false,"footnotes":"","jetpack_publicize_message":"","jetpack_publicize_feature_enabled":true,"jetpack_social_post_already_shared":true,"jetpack_social_options":{"image_generator_settings":{"template":"highway","enabled":false},"version":2}},"categories":[20],"tags":[],"class_list":["post-6543","post","type-post","status-publish","format-standard","has-post-thumbnail","hentry","category-mundo"],"jetpack_publicize_connections":[],"jetpack_featured_media_url":"https:\/\/i0.wp.com\/infolanus.com\/wp-content\/uploads\/2024\/02\/la-causa-por-el-estadio-antel-arena-fue-archivada-por-la-fiscalia.jpg?fit=1200%2C675&ssl=1","jetpack_sharing_enabled":true,"jetpack_shortlink":"https:\/\/wp.me\/p9QtMr-1Hx","_links":{"self":[{"href":"https:\/\/infolanus.com\/index.php\/wp-json\/wp\/v2\/posts\/6543","targetHints":{"allow":["GET"]}}],"collection":[{"href":"https:\/\/infolanus.com\/index.php\/wp-json\/wp\/v2\/posts"}],"about":[{"href":"https:\/\/infolanus.com\/index.php\/wp-json\/wp\/v2\/types\/post"}],"author":[{"embeddable":true,"href":"https:\/\/infolanus.com\/index.php\/wp-json\/wp\/v2\/users\/2"}],"replies":[{"embeddable":true,"href":"https:\/\/infolanus.com\/index.php\/wp-json\/wp\/v2\/comments?post=6543"}],"version-history":[{"count":0,"href":"https:\/\/infolanus.com\/index.php\/wp-json\/wp\/v2\/posts\/6543\/revisions"}],"wp:featuredmedia":[{"embeddable":true,"href":"https:\/\/infolanus.com\/index.php\/wp-json\/wp\/v2\/media\/6544"}],"wp:attachment":[{"href":"https:\/\/infolanus.com\/index.php\/wp-json\/wp\/v2\/media?parent=6543"}],"wp:term":[{"taxonomy":"category","embeddable":true,"href":"https:\/\/infolanus.com\/index.php\/wp-json\/wp\/v2\/categories?post=6543"},{"taxonomy":"post_tag","embeddable":true,"href":"https:\/\/infolanus.com\/index.php\/wp-json\/wp\/v2\/tags?post=6543"}],"curies":[{"name":"wp","href":"https:\/\/api.w.org\/{rel}","templated":true}]}}