{"id":6556,"date":"2024-02-24T21:28:00","date_gmt":"2024-02-25T00:28:00","guid":{"rendered":"https:\/\/infolanus.com\/index.php\/2024\/02\/24\/en-parque-patricios-huracan-y-san-lorenzo-empataron-en-la-nueva-edicion-del-clasico-porteno\/"},"modified":"2024-02-24T21:28:00","modified_gmt":"2024-02-25T00:28:00","slug":"en-parque-patricios-huracan-y-san-lorenzo-empataron-en-la-nueva-edicion-del-clasico-porteno","status":"publish","type":"post","link":"https:\/\/infolanus.com\/index.php\/2024\/02\/24\/en-parque-patricios-huracan-y-san-lorenzo-empataron-en-la-nueva-edicion-del-clasico-porteno\/","title":{"rendered":"En Parque Patricios, Hurac\u00e1n y San Lorenzo empataron en la nueva edici\u00f3n del cl\u00e1sico porte\u00f1o"},"content":{"rendered":"<div class=\"media_block\"><\/div>\n<div><img data-recalc-dims=\"1\" decoding=\"async\" src=\"https:\/\/i0.wp.com\/fotos.perfil.com\/2024\/02\/23\/trim\/1140\/641\/huracan-casla-1760098.jpg?w=640&#038;ssl=1\" class=\"ff-og-image-inserted\"><\/div>\n<p><strong><a target=\"_blank\" href=\"https:\/\/442.perfil.com\/noticias\/futbol\/san-lorenzo-se-recupero-luego-de-su-triunfo-por-2-a-0-sobre-tigre.phtml\" rel=\"noopener\">San Lorenzo<\/a> <\/strong>visitar\u00e1 a <a target=\"_blank\" href=\"https:\/\/442.perfil.com\/noticias\/futbol\/facundo-sava-tras-la-derrota-ante-velez-habria-dejado-de-ser-entrenador-de-huracan.phtml\" rel=\"noopener\"><strong>Hurac\u00e1n <\/strong><\/a>este en el cl\u00e1sico de barrio m\u00e1s grande del mundo, el cual estar\u00e1 marcado por las urgencias que tienen ambos equipos de empezar a cosechar triunfos luego de un pobre arranque en la <a target=\"_blank\" href=\"https:\/\/442.perfil.com\/noticias\/futbol\/el-cronograma-de-la-fecha-de-los-clasicos-dias-horarios-y-tv.phtml\" rel=\"noopener\"><strong>Copa de la Liga Profesional<\/strong><\/a>, en un encuentro v\u00e1lido por la s\u00e9ptima fecha.<\/p>\n<p>El partido se disputar\u00e1 en el estadio Tom\u00e1s Adolfo Duc\u00f3<strong> desde las 19.30<\/strong>, tendr\u00e1 como <strong>\u00e1rbitro <\/strong>principal a <strong>Nazareno Arasa<\/strong>, mientras que en el <strong>VAR <\/strong>dar\u00e1 el presente <strong>Ariel Penel <\/strong>y contar\u00e1 con la <strong>televisaci\u00f3n <\/strong>en directo de la se\u00f1al <strong><em>ESPN Premium<\/em><\/strong>.&nbsp; &nbsp;<\/p>\n<h2>Hurac\u00e1n, en crisis y sin entrenador, quiere sacar pecho con una victoria en el cl\u00e1sico&nbsp;<\/h2>\n<p><strong>Hurac\u00e1n <\/strong>atraviesa un p\u00e9simo momento, ya que llega a este encuentro luego de perder ante <strong>V\u00e9lez <\/strong>por 1 a 0 y quedarse sin entrenador tras la renuncia de <strong>Facundo Sava <\/strong>por la falta de resultados positivos.<\/p>\n<p>El ahora ex t\u00e9cnico del equipo de Parque de los Patricios dur\u00f3 tan solo seis jornadas en el cargo: sum\u00f3 un triunfo ante Banfield, en la primera jornada y luego acumul\u00f3 cuatro derrotas y un empate.<\/p>\n<p>Ante este panorama, el encargado de comandar al <strong>Hurac\u00e1n <\/strong>ser\u00e1 <strong>Walter Coyette<\/strong>, quien se desempe\u00f1a como coordinador general de inferiores y, aunque no dio indicios del posible equipo, se estima que no cambiar\u00eda muchas piezas en el armado.<\/p>\n<h2>San Lorenzo busca encadenar otra victoria para empezar a consolidarse<\/h2>\n<p>Por su parte, <strong><a target=\"_blank\" href=\"https:\/\/442.perfil.com\/noticias\/futbol\/marcelo-moretti-presidente-de-san-lorenzo-picante-en-la-previa-del-duelo-con-huracan-para-mi-boca-es-mas-importante-como-clasico.phtml\" rel=\"noopener\">San Lorenzo<\/a> <\/strong>tambi\u00e9n gan\u00f3 un solo partido en esta <strong>Copa de la Liga<\/strong> y fue en el \u00faltimo compromiso ante <strong>Tigre<\/strong>, rival que super\u00f3 por 2 a 0.<\/p>\n<p>Si bien un magro resultado no significar\u00eda la salida de<a target=\"_blank\" href=\"https:\/\/442.perfil.com\/noticias\/futbol\/la-tremenda-chicana-del-gallego-insua-huracan-es-clasico-de-barrio-con-boca-es-nacional.phtml\" rel=\"noopener\"> <strong>Ruben Dar\u00edo Insua<\/strong><\/a>, lo cierto es que el entrenador est\u00e1 atravesando sus primeras turbulencias al mando del plantel que tom\u00f3 a mediados de 2022.<\/p>\n<p>El conjunto de Boedo marcha noveno en la Zona B, con seis unidades, producto de una victoria, tres empates y dos derrotas.<\/p>\n<h2>Probables formaciones<\/h2>\n<p><strong>Hurac\u00e1n<\/strong>: Hern\u00e1n Gal\u00edndez; Hern\u00e1n De La Fuente, Fabio Pereyra, Lucas Carrizo, C\u00e9sar Ib\u00e1\u00f1ez, H\u00e9ctor F\u00e9rtoli, Williams Alarc\u00f3n, Rodrigo Echeverr\u00eda, Alan So\u00f1ora, Walter Mazzantti y Leandro Garate. <strong>DT<\/strong>: <strong>Walter Coyette<\/strong>.<\/p>\n<p><strong>San Lorenzo<\/strong>: Facundo Altamirano; Johan Roma\u00f1a, Gonzalo Luj\u00e1n, Gast\u00f3n Hern\u00e1ndez; Agust\u00edn Giay, Francisco Perruzzi, Elian Irala, Malcom Braida; Iv\u00e1n Leguizam\u00f3n, Adam Bareiro y Nahuel Barrios. <strong>DT<\/strong>: <strong>Ruben Dar\u00edo Insua<\/strong>.<\/p>\n<p>SP<\/p>\n","protected":false},"excerpt":{"rendered":"<p>San Lorenzo visitar\u00e1 a Hurac\u00e1n este en el cl\u00e1sico de barrio m\u00e1s grande del mundo, el cual estar\u00e1 marcado por las urgencias que tienen ambos equipos de empezar a cosechar triunfos luego de un pobre arranque en la Copa de la Liga Profesional, en un encuentro v\u00e1lido por la s\u00e9ptima fecha. El partido se disputar\u00e1 [&hellip;]<\/p>\n","protected":false},"author":2,"featured_media":6557,"comment_status":"closed","ping_status":"closed","sticky":false,"template":"","format":"standard","meta":{"jetpack_post_was_ever_published":false,"_jetpack_newsletter_access":"","_jetpack_dont_email_post_to_subs":false,"_jetpack_newsletter_tier_id":0,"_jetpack_memberships_contains_paywalled_content":false,"_jetpack_memberships_contains_paid_content":false,"footnotes":"","jetpack_publicize_message":"","jetpack_publicize_feature_enabled":true,"jetpack_social_post_already_shared":true,"jetpack_social_options":{"image_generator_settings":{"template":"highway","enabled":false},"version":2}},"categories":[17],"tags":[],"class_list":["post-6556","post","type-post","status-publish","format-standard","has-post-thumbnail","hentry","category-deportes"],"jetpack_publicize_connections":[],"jetpack_featured_media_url":"https:\/\/i0.wp.com\/infolanus.com\/wp-content\/uploads\/2024\/02\/en-parque-patricios-huracan-y-san-lorenzo-empataron-en-la-nueva-edicion-del-clasico-porteno.jpg?fit=1140%2C641&ssl=1","jetpack_sharing_enabled":true,"jetpack_shortlink":"https:\/\/wp.me\/p9QtMr-1HK","_links":{"self":[{"href":"https:\/\/infolanus.com\/index.php\/wp-json\/wp\/v2\/posts\/6556","targetHints":{"allow":["GET"]}}],"collection":[{"href":"https:\/\/infolanus.com\/index.php\/wp-json\/wp\/v2\/posts"}],"about":[{"href":"https:\/\/infolanus.com\/index.php\/wp-json\/wp\/v2\/types\/post"}],"author":[{"embeddable":true,"href":"https:\/\/infolanus.com\/index.php\/wp-json\/wp\/v2\/users\/2"}],"replies":[{"embeddable":true,"href":"https:\/\/infolanus.com\/index.php\/wp-json\/wp\/v2\/comments?post=6556"}],"version-history":[{"count":0,"href":"https:\/\/infolanus.com\/index.php\/wp-json\/wp\/v2\/posts\/6556\/revisions"}],"wp:featuredmedia":[{"embeddable":true,"href":"https:\/\/infolanus.com\/index.php\/wp-json\/wp\/v2\/media\/6557"}],"wp:attachment":[{"href":"https:\/\/infolanus.com\/index.php\/wp-json\/wp\/v2\/media?parent=6556"}],"wp:term":[{"taxonomy":"category","embeddable":true,"href":"https:\/\/infolanus.com\/index.php\/wp-json\/wp\/v2\/categories?post=6556"},{"taxonomy":"post_tag","embeddable":true,"href":"https:\/\/infolanus.com\/index.php\/wp-json\/wp\/v2\/tags?post=6556"}],"curies":[{"name":"wp","href":"https:\/\/api.w.org\/{rel}","templated":true}]}}