{"id":6588,"date":"2024-02-28T19:51:00","date_gmt":"2024-02-28T22:51:00","guid":{"rendered":"https:\/\/www.ambito.com\/uruguay\/los-aeropuertos-durazno-paysandu-y-melo-quedaran-inaugurados-este-ano-n5956125"},"modified":"2024-02-28T19:51:00","modified_gmt":"2024-02-28T22:51:00","slug":"los-aeropuertos-de-durazno-paysandu-y-melo-quedaran-inaugurados-este-ano","status":"publish","type":"post","link":"https:\/\/infolanus.com\/index.php\/2024\/02\/28\/los-aeropuertos-de-durazno-paysandu-y-melo-quedaran-inaugurados-este-ano\/","title":{"rendered":"Los aeropuertos de Durazno, Paysand\u00fa y Melo quedar\u00e1n inaugurados este a\u00f1o"},"content":{"rendered":"<div><img data-recalc-dims=\"1\" decoding=\"async\" src=\"https:\/\/i0.wp.com\/media.ambito.com\/p\/33dbe69a4637fee0136f3aed2c3701fb\/adjuntos\/351\/imagenes\/041\/004\/0041004133\/1200x675\/smart\/aeropuerto-saltojpg.jpg?w=640&#038;ssl=1\" class=\"ff-og-image-inserted\"><\/div>\n<div id>\n<p>Con un total de cuatro <strong>aeropuertos<\/strong> renovados terminar\u00eda <strong>Uruguay<\/strong> este a\u00f1o 2024, entre ellos, <strong>Salto<\/strong> &#8211; recientemente inaugurado -, <strong>Paysand\u00fa, Melo<\/strong> y <strong>Durazno,<\/strong> un programa que desde el primer a\u00f1o incluy\u00f3 los aeropuertos de <strong>Carmelo<\/strong> y <strong>Rivera<\/strong> que ya <a href=\"https:\/\/www.ambito.com\/uruguay\/se-inaugura-el-nuevo-aeropuerto-salto-n5951288\" target=\"_blank\" rel=\"follow noopener\">fueron inaugurados. <\/a><\/p>\n<\/p><\/div>\n<div id>\n<p>El gerente de <strong>Infraestructura y Mantenimiento de Aeropuertos Uruguay<\/strong>, <strong>Jorge Navarro<\/strong>, explic\u00f3 c\u00f3mo avanza <a href=\"https:\/\/www.ambito.com\/uruguay\/el-aeropuerto-salto-podra-recibir-vuelos-regionales-noviembre-n5830468\" target=\"_blank\" rel=\"follow noopener\"> el cronograma establecido <\/a>en el contrato inicial y el programa de inversi\u00f3n. As\u00ed, el funcionario aclar\u00f3 a Informativo <strong>Uruguay<\/strong> que este fue &#8220;un proyecto ambicioso, ya que inclu\u00eda un aeropuerto el primer a\u00f1o, el de <strong>Carmelo;<\/strong> el segundo a\u00f1o, <strong>Rivera<\/strong> y <strong>Salto;<\/strong> y este a\u00f1o en agosto se culminar\u00e1n las obras en <strong>Melo,<\/strong> en octubre en <strong>Paysand\u00fa<\/strong> y en diciembre en <strong>Durazno\u201d.<\/strong><\/p>\n<\/p><\/div>\n<div id>\n<p> En ese sentido, Navarro explic\u00f3 que el pr\u00f3ximo a inaugurarse ser\u00e1 el <strong>aeropuerto<\/strong> de <strong>Melo,<\/strong> que tiene fecha para el mes de agosto. &#8220;Las obras son de <strong>remodelaci\u00f3n<\/strong> ya que existe una construcci\u00f3n muy s\u00f3lida. Es similar a la obra en el aeropuerto de Rivera y no incluye tanta obra nueva como en el de Salto. Si se realizar\u00e1n obras en la <strong>plataforma,<\/strong> nivelaci\u00f3n de franja de <strong>pista,<\/strong> cerco perimetral, entre otras\u201d.<\/p>\n<\/div>\n<div id>\n<p>Por su parte, se espera que el aeropuerto de <strong>Paysand\u00fa<\/strong> pueda inaugurarse a partir del mes de octubre mientras que el de Durazno se espera que pueda ser en el mes diciembre.<\/p>\n<\/div>\n<div id>\n<h2>Las claves del aeropuerto de Salto<\/h2>\n<p>El viernes pasado qued\u00f3 inaugurado el aeropuerto internacional de <strong>Salto,<\/strong> donde se llev\u00f3 a cabo la puesta en funcionamiento que tuvo la presencia del presidente Luis <strong>Lacalle Pou<\/strong>.<\/p>\n<p>Las mayores obras correspondieron a la refacci\u00f3n de las <strong>pistas de<\/strong> <strong>aterrizaje,<\/strong> de las cuales la principal tiene 1.600 metros de longitud y la secundaria unos 750 metros. Adem\u00e1s, se remodel\u00f3 la terminal de pasajeros.<\/p>\n<p>&#8220;Es una remodelaci\u00f3n importante en la terminal de <strong>pasajeros,<\/strong> que ahora es de 780 metros cuadrados. La vieja terminal se remodel\u00f3 para oficinas. Se hizo tambi\u00e9n un recapado de <strong>pista,<\/strong> plataforma, sistema de iluminaci\u00f3n led de pista y de plataforma, torre de control a nuevo, la terminal incluye espacio para un free shop\u201d, explic\u00f3 Navarro.<\/p>\n<p>Por otro lado, el funcionario destac\u00f3 la construcci\u00f3n de un nuevo destacamento de <strong>Bomberos,<\/strong> los cuales son obligatorios por normativa internacional. \u201cSon 7 combatientes las 24 horas, se adquiri\u00f3 un nuevo cami\u00f3n de bomberos que trabaja con espuma y agua y herramientas de rescate y trajes\u201d, asegur\u00f3 Navarro.<\/p>\n<p>Adem\u00e1s, entre la nueva tecnolog\u00eda que se incorporar\u00e1 se encuentra la colocaci\u00f3n de un <strong>sistema LED<\/strong>. El mismo tipo de iluminaci\u00f3n se utilizar\u00e1 en la plataforma y la terminal.<\/p>\n<\/div>\n","protected":false},"excerpt":{"rendered":"<p>Con un total de cuatro aeropuertos renovados terminar\u00eda Uruguay este a\u00f1o 2024, entre ellos, Salto &#8211; recientemente inaugurado -, Paysand\u00fa, Melo y Durazno, un programa que desde el primer a\u00f1o incluy\u00f3 los aeropuertos de Carmelo y Rivera que ya fueron inaugurados. El gerente de Infraestructura y Mantenimiento de Aeropuertos Uruguay, Jorge Navarro, explic\u00f3 c\u00f3mo avanza [&hellip;]<\/p>\n","protected":false},"author":2,"featured_media":6589,"comment_status":"closed","ping_status":"closed","sticky":false,"template":"","format":"standard","meta":{"jetpack_post_was_ever_published":false,"_jetpack_newsletter_access":"","_jetpack_dont_email_post_to_subs":false,"_jetpack_newsletter_tier_id":0,"_jetpack_memberships_contains_paywalled_content":false,"_jetpack_memberships_contains_paid_content":false,"footnotes":"","jetpack_publicize_message":"","jetpack_publicize_feature_enabled":true,"jetpack_social_post_already_shared":true,"jetpack_social_options":{"image_generator_settings":{"template":"highway","enabled":false},"version":2}},"categories":[20],"tags":[],"class_list":["post-6588","post","type-post","status-publish","format-standard","has-post-thumbnail","hentry","category-mundo"],"jetpack_publicize_connections":[],"jetpack_featured_media_url":"https:\/\/i0.wp.com\/infolanus.com\/wp-content\/uploads\/2024\/02\/los-aeropuertos-de-durazno-paysandu-y-melo-quedaran-inaugurados-este-ano.jpg?fit=1200%2C675&ssl=1","jetpack_sharing_enabled":true,"jetpack_shortlink":"https:\/\/wp.me\/p9QtMr-1Ig","_links":{"self":[{"href":"https:\/\/infolanus.com\/index.php\/wp-json\/wp\/v2\/posts\/6588","targetHints":{"allow":["GET"]}}],"collection":[{"href":"https:\/\/infolanus.com\/index.php\/wp-json\/wp\/v2\/posts"}],"about":[{"href":"https:\/\/infolanus.com\/index.php\/wp-json\/wp\/v2\/types\/post"}],"author":[{"embeddable":true,"href":"https:\/\/infolanus.com\/index.php\/wp-json\/wp\/v2\/users\/2"}],"replies":[{"embeddable":true,"href":"https:\/\/infolanus.com\/index.php\/wp-json\/wp\/v2\/comments?post=6588"}],"version-history":[{"count":0,"href":"https:\/\/infolanus.com\/index.php\/wp-json\/wp\/v2\/posts\/6588\/revisions"}],"wp:featuredmedia":[{"embeddable":true,"href":"https:\/\/infolanus.com\/index.php\/wp-json\/wp\/v2\/media\/6589"}],"wp:attachment":[{"href":"https:\/\/infolanus.com\/index.php\/wp-json\/wp\/v2\/media?parent=6588"}],"wp:term":[{"taxonomy":"category","embeddable":true,"href":"https:\/\/infolanus.com\/index.php\/wp-json\/wp\/v2\/categories?post=6588"},{"taxonomy":"post_tag","embeddable":true,"href":"https:\/\/infolanus.com\/index.php\/wp-json\/wp\/v2\/tags?post=6588"}],"curies":[{"name":"wp","href":"https:\/\/api.w.org\/{rel}","templated":true}]}}