{"id":6618,"date":"2024-03-04T21:16:00","date_gmt":"2024-03-05T00:16:00","guid":{"rendered":"https:\/\/www.ambito.com\/uruguay\/carolina-cosse-comenzo-su-campana-electoral-criticas-la-derecha-nacional-n5959763"},"modified":"2024-03-04T21:16:00","modified_gmt":"2024-03-05T00:16:00","slug":"carolina-cosse-comenzo-su-campana-electoral-con-criticas-a-la-derecha-nacional","status":"publish","type":"post","link":"https:\/\/infolanus.com\/index.php\/2024\/03\/04\/carolina-cosse-comenzo-su-campana-electoral-con-criticas-a-la-derecha-nacional\/","title":{"rendered":"Carolina Cosse comenz\u00f3 su campa\u00f1a electoral con cr\u00edticas a la derecha nacional"},"content":{"rendered":"<div><img data-recalc-dims=\"1\" decoding=\"async\" src=\"https:\/\/i0.wp.com\/media.ambito.com\/p\/3748ac2b1a91c6e7891ce20fb99885f7\/adjuntos\/351\/imagenes\/041\/361\/0041361663\/1200x675\/smart\/precandidata-presidencial-intendenta-carolina-cosse.jpg?w=640&#038;ssl=1\" class=\"ff-og-image-inserted\"><\/div>\n<div id>\n<p>La <a href=\"https:\/\/www.ambito.com\/uruguay\/cosse-anuncio-una-rebaja-impuestos-su-despedida-la-intendencia-montevideo-n5957931\" target=\"_blank\" rel=\"follow noopener\">intendenta de <strong>Montevideo<\/strong><\/a> y <strong>precandidata presidencial por el Frente Amplio (FA), Carolina Cosse<\/strong>, lanz\u00f3 oficialmente su campa\u00f1a electoral con cr\u00edticas a &#8220;la derecha&#8221; nacional, y el camino hist\u00f3rico que recorri\u00f3 el <strong>Uruguay<\/strong> bajo los gobiernos del <strong>Partido Colorado (PC)<\/strong> y del <strong>Partido Nacional (PN)<\/strong>, previo a que su fuerza pol\u00edtica alcanzara el poder en el a\u00f1o 2005.<\/p>\n<\/div>\n<div id>\n<p>En ese sentido, la jerarca departamental se\u00f1al\u00f3 que las pr\u00f3ximas <strong>elecciones 2024<\/strong> se traducen en una disyuntiva entre &#8220;tomar el camino de las grandes mayor\u00edas&#8221; o &#8220;el camino del retroceso, el de la derecha&#8221;.<\/p>\n<\/div>\n<div id>\n<p> &#8220;Uruguay vivi\u00f3 muchos a\u00f1os el camino de la derecha&#8221;, coment\u00f3 la pol\u00edtica frenteamplista quien indic\u00f3 que con ello &#8220;tuvimos un sistema de salud inestable, que se derru\u00eda&#8221;.<\/p>\n<\/div>\n<div id>\n<h2>&#8220;El pa\u00eds deambul\u00f3 hasta la crisis de 2002&#8221;<\/h2>\n<p>Cosse fue m\u00e1s all\u00e1 y dijo que la salud p\u00fablica era &#8220;vergonzosa&#8221;, que la educaci\u00f3n estaba &#8220;subsumida en la miseria&#8221;, que existieron &#8220;faltas de inversi\u00f3n en la energ\u00eda&#8221;, que las administraciones anteriores &#8220;prepararon a las empresas p\u00fablicas para venderlas&#8221; y que &#8220;el pa\u00eds deambul\u00f3&#8221; hasta la crisis bancaria por insolvencia financiera del a\u00f1o 2002.<\/p>\n<\/div>\n<div id>\n<p>&#8220;Todo ese derrotero le pas\u00f3 al pa\u00eds transitando el camino de la derecha, sin Consejos de Salarios, sin distribuci\u00f3n&#8221;, enfatiz\u00f3 Cosse, antes de a\u00f1adir: &#8220;En el 2005 <strong>Uruguay<\/strong> decidi\u00f3 cambiar y decidi\u00f3 tomar el camino de la izquierda&#8221;.<\/p>\n<p>Asimismo, la intendenta capitalina se\u00f1al\u00f3 que durante los tres mandatos del FA, el presupuesto de la Administraci\u00f3n de los Servicios de Salud del Estado (ASSE) se multiplic\u00f3 por tres, as\u00ed presupuesto destinado a la educaci\u00f3n p\u00fablica.<\/p>\n<p>&#8220;Cuando Uruguay tom\u00f3 el camino de la izquierda se armaron los consejos de salarios, pero adem\u00e1s se desarroll\u00f3 una pol\u00edtica econ\u00f3mica de crecimiento, de est\u00edmulo a la inversi\u00f3n y de apertura de alrededor de 60 mercados&#8221;, expres\u00f3 la precandidata antes de aseverar que todo esto estuvo acompa\u00f1ado por &#8220;un aumento sostenido del salario real&#8221;.<\/p>\n<p>En lo que respecta a la energ\u00eda, Cosse se\u00f1al\u00f3 que durante los gobiernos de derecha &#8220;hubo cero inversi\u00f3n&#8221;, pero que en los gobiernos del FA &#8220;defini\u00f3 un cambio en la matriz energ\u00e9tica&#8221; y una transici\u00f3n a las energ\u00edas renovables a trav\u00e9s de <strong>UTE<\/strong>.<\/p>\n<h2>&#8220;Hoy el c\u00edrculo virtuoso entre crecimiento y distribuci\u00f3n se rompi\u00f3&#8221;<\/h2>\n<p>En esa misma l\u00ednea, afirm\u00f3 que durante el actual gobierno del <strong>presidente Luis Lacalle Pou<\/strong> &#8220;el c\u00edrculo virtuoso entre crecimiento y distribuci\u00f3n se rompi\u00f3&#8221;, y que hoy empresas p\u00fablicas como Antel &#8220;est\u00e1n en el quietismo&#8221;, o &#8220;faltan remedios&#8221; en la Salud P\u00fablica.<\/p>\n<p>&#8220;Parece bastante obvio que cuando Uruguay toma el camino de la derecha no nos va bien&#8221;, dispar\u00f3 Cosse, quien llam\u00f3 a &#8220;tomar el camino de la izquierda a la uruguaya&#8221;, el cual est\u00e1 &#8220;inspirado en el ideario artiguista&#8221; y detr\u00e1s de &#8220;la bandera de (<strong>Fernando<\/strong>) <strong>Otorgu\u00e9s<\/strong>&#8220;.<\/p>\n<\/div>\n","protected":false},"excerpt":{"rendered":"<p>La intendenta de Montevideo y precandidata presidencial por el Frente Amplio (FA), Carolina Cosse, lanz\u00f3 oficialmente su campa\u00f1a electoral con cr\u00edticas a &#8220;la derecha&#8221; nacional, y el camino hist\u00f3rico que recorri\u00f3 el Uruguay bajo los gobiernos del Partido Colorado (PC) y del Partido Nacional (PN), previo a que su fuerza pol\u00edtica alcanzara el poder en [&hellip;]<\/p>\n","protected":false},"author":2,"featured_media":6619,"comment_status":"closed","ping_status":"closed","sticky":false,"template":"","format":"standard","meta":{"jetpack_post_was_ever_published":false,"_jetpack_newsletter_access":"","_jetpack_dont_email_post_to_subs":false,"_jetpack_newsletter_tier_id":0,"_jetpack_memberships_contains_paywalled_content":false,"_jetpack_memberships_contains_paid_content":false,"footnotes":"","jetpack_publicize_message":"","jetpack_publicize_feature_enabled":true,"jetpack_social_post_already_shared":true,"jetpack_social_options":{"image_generator_settings":{"template":"highway","enabled":false},"version":2}},"categories":[20],"tags":[],"class_list":["post-6618","post","type-post","status-publish","format-standard","has-post-thumbnail","hentry","category-mundo"],"jetpack_publicize_connections":[],"jetpack_featured_media_url":"https:\/\/i0.wp.com\/infolanus.com\/wp-content\/uploads\/2024\/03\/carolina-cosse-comenzo-su-campana-electoral-con-criticas-a-la-derecha-nacional.jpg?fit=1200%2C675&ssl=1","jetpack_sharing_enabled":true,"jetpack_shortlink":"https:\/\/wp.me\/p9QtMr-1IK","_links":{"self":[{"href":"https:\/\/infolanus.com\/index.php\/wp-json\/wp\/v2\/posts\/6618","targetHints":{"allow":["GET"]}}],"collection":[{"href":"https:\/\/infolanus.com\/index.php\/wp-json\/wp\/v2\/posts"}],"about":[{"href":"https:\/\/infolanus.com\/index.php\/wp-json\/wp\/v2\/types\/post"}],"author":[{"embeddable":true,"href":"https:\/\/infolanus.com\/index.php\/wp-json\/wp\/v2\/users\/2"}],"replies":[{"embeddable":true,"href":"https:\/\/infolanus.com\/index.php\/wp-json\/wp\/v2\/comments?post=6618"}],"version-history":[{"count":0,"href":"https:\/\/infolanus.com\/index.php\/wp-json\/wp\/v2\/posts\/6618\/revisions"}],"wp:featuredmedia":[{"embeddable":true,"href":"https:\/\/infolanus.com\/index.php\/wp-json\/wp\/v2\/media\/6619"}],"wp:attachment":[{"href":"https:\/\/infolanus.com\/index.php\/wp-json\/wp\/v2\/media?parent=6618"}],"wp:term":[{"taxonomy":"category","embeddable":true,"href":"https:\/\/infolanus.com\/index.php\/wp-json\/wp\/v2\/categories?post=6618"},{"taxonomy":"post_tag","embeddable":true,"href":"https:\/\/infolanus.com\/index.php\/wp-json\/wp\/v2\/tags?post=6618"}],"curies":[{"name":"wp","href":"https:\/\/api.w.org\/{rel}","templated":true}]}}