{"id":6634,"date":"2024-03-07T17:48:49","date_gmt":"2024-03-07T20:48:49","guid":{"rendered":"https:\/\/www.ambito.com\/uruguay\/el-dolar-retrocedio-y-se-interno-la-franja-los-38-n5961622"},"modified":"2024-03-07T17:48:49","modified_gmt":"2024-03-07T20:48:49","slug":"el-dolar-retrocedio-y-se-interno-en-la-franja-de-los-38","status":"publish","type":"post","link":"https:\/\/infolanus.com\/index.php\/2024\/03\/07\/el-dolar-retrocedio-y-se-interno-en-la-franja-de-los-38\/","title":{"rendered":"El d\u00f3lar retrocedi\u00f3 y se intern\u00f3 en la franja de los $ 38"},"content":{"rendered":"<p><!-- { REGION4 --> <\/p>\n<header class=\"news-headline\" readability=\"1.8164251207729\">\n<div class=\"news-headline__topics-and-date-wrapper\"> <span class=\"news-headline__publication-date\"> 7 de marzo 2024 &#8211; 17:48 <\/span><\/div>\n<h2 class=\"news-headline__article-summary\" readability=\"24\">\n<p>La divisa estadounidense cay\u00f3 un 0,52% y contin\u00faa transitando el mes de marzo en terreno negativo.<\/p>\n<\/h2>\n<\/header>\n<div class=\"detail-highlighted-multimedia content-protected-false\">\n<figure class=\"detail-highlighted-multimedia__figure\"> <img data-recalc-dims=\"1\" loading=\"lazy\" decoding=\"async\" src=\"https:\/\/i0.wp.com\/media.ambito.com\/p\/94855a835dbd07985caf67b8003bc23b\/adjuntos\/351\/imagenes\/041\/368\/0041368800\/655x368\/smart\/dolar-tipo-cambio-divisa-mano.jpg?resize=640%2C360&#038;ssl=1\" class=\"detail-highlighted-multimedia__figure-img img-fluid\" alt=\"El d\u00f3lar volvi\u00f3 a caer en Uruguay.\" width=\"640\" height=\"360\"><figcaption class=\"detail-highlighted-multimedia__figcaption\" readability=\"-24\"> <span class=\"detail-highlighted-multimedia__copyright\">Foto: Vecteezy<\/span><\/figcaption><\/figure>\n<\/div>\n<article class=\"article-body article-body--first-paragraph content-protected-false\" data-td-script-src=\"https:\/\/www.ambito.com\/td\/modulos\/encuestas\/js\/function-embeds-min-version-1709784454.js\" readability=\"29.325\">\n<p>El <strong>d\u00f3lar<\/strong> cay\u00f3 un 0,52% <a href=\"https:\/\/www.ambito.com\/uruguay\/el-dolar-volvio-caer-la-franja-los-38-n5960952\" target=\"_blank\" rel=\"follow noopener\">con respecto al pasado mi\u00e9rcoles<\/a>, cerrando en 38,761 pesos, seg\u00fan la cotizaci\u00f3n oficial del <strong>Banco Central del Uruguay (BCU)<\/strong>, encadenando as\u00ed dos jornadas a la baja y e intern\u00e1ndose en la franja de los 38 pesos.<\/p>\n<\/article>\n<article class=\"article-body article-body--second-paragraph content-protected-false\" readability=\"27.78021978022\">\n<p><a href=\"https:\/\/www.ambito.com\/uruguay\/el-dolar-global-cayo-y-arrastro-el-tipo-cambio-local-n5961186\" target=\"_blank\" rel=\"follow noopener\">La divisa estadounidense<\/a> acumula un retroceso mensual del 0,73% en lo que va de marzo, y a nivel anual uno del 0,67% tras bajar 0,26 pesos desde la \u00faltima jornada cambiaria de 2023.<\/p>\n<\/article>\n<section class=\"related-news\"> <span class=\"related-news__title\">Informate m\u00e1s<\/span> <\/p>\n<div class=\"row row--eq-height\">\n<div class=\"col-12 col-md-6\">\n<article class=\"news-article news-article--landscape-news news-article--landscape-news\">\n<figure class=\"news-article__figure figure\"> <a href=\"https:\/\/www.ambito.com\/uruguay\/el-dolar-global-cayo-y-arrastro-el-tipo-cambio-local-n5961186\" target title=\"\u00e1mbito.com | El d\u00f3lar global cay\u00f3 y arrastr\u00f3 el tipo de cambio local\" alt=\"\u00e1mbito.com | El d\u00f3lar global cay\u00f3 y arrastr\u00f3 el tipo de cambio local\" rel=\"noindex nofollow noreferrer\"> <img loading=\"lazy\" decoding=\"async\" src=\"https:\/\/www.ambito.com\/css-custom\/351\/lazy.svg\" data-td-src-property=\"https:\/\/media.ambito.com\/p\/f0eadc975787af90f1c4806c764bd8d6\/adjuntos\/351\/imagenes\/041\/321\/0041321178\/93x52\/smart\/dolar-mercado-estados-unidosjpg.jpg\" alt=\"La ca\u00edda del d\u00f3lar global arrastr\u00f3 la cotizaci\u00f3n de la divisa en el mercado cambiario uruguayo.\" title=\"La ca\u00edda del d\u00f3lar global arrastr\u00f3 la cotizaci\u00f3n de la divisa en el mercado cambiario uruguayo.\" width=\"93\" height=\"52\" class=\"news-article__figure-img figure-img img-fluid\"> <\/a><\/figure>\n<\/article><\/div>\n<div class=\"col-12 col-md-6\">\n<article class=\"news-article news-article--landscape-news news-article--landscape-news\">\n<figure class=\"news-article__figure figure\"> <a href=\"https:\/\/www.ambito.com\/uruguay\/el-dolar-regreso-la-franja-los-39-su-segunda-suba-consecutiva-n5960186\" target title=\"\u00e1mbito.com | El d\u00f3lar regres\u00f3 a la franja de los $ 39 con su segunda suba consecutiva\" alt=\"\u00e1mbito.com | El d\u00f3lar regres\u00f3 a la franja de los $ 39 con su segunda suba consecutiva\" rel=\"noindex nofollow noreferrer\"> <img loading=\"lazy\" decoding=\"async\" src=\"https:\/\/www.ambito.com\/css-custom\/351\/lazy.svg\" data-td-src-property=\"https:\/\/media.ambito.com\/p\/babf9dc698a4c7fa7261f584f31b0cd0\/adjuntos\/351\/imagenes\/041\/356\/0041356722\/93x52\/smart\/dolar-billete-tipo-cambio-2jpg.jpg\" alt=\"El d\u00f3lar sum\u00f3 su segunda jornada al alza y retorn\u00f3 a la franja de los 39 pesos.\" title=\"El d\u00f3lar sum\u00f3 su segunda jornada al alza y retorn\u00f3 a la franja de los 39 pesos.\" width=\"93\" height=\"52\" class=\"news-article__figure-img figure-img img-fluid\"> <\/a><\/figure>\n<\/article><\/div>\n<\/div>\n<\/section>\n<article class=\"article-body article-body--third-paragraph content-protected-false\" readability=\"35\">\n<div contenteditable=\"false\" class=\"embed_cont type_imagen\" id=\"7909986-Libre-1453042133_wrap\">\n<p> Bevsa.jpg <span onclick=\"parent.parent.TinyMCETdcuerpo.preview_embed('7909986-Libre-1453042133')\" class=\"embed_colapse less\" id=\"7909986-Libre-1453042133_colapse\"><\/span> <span onclick=\"parent.parent.TinyMCETdcuerpo.delete_embed('7909986-Libre-1453042133')\" class=\"embed_delete less\" id=\"7909986-Libre-1453042133_delete\"><\/span><\/p>\n<div id=\"7909986-Libre-1453042133_content\" class=\"embed_content\"><img decoding=\"async\" src=\"https:\/\/www.ambito.com\/css-custom\/351\/lazy.svg\" data-td-src-property=\"https:\/\/media.ambito.com\/p\/aa76d24bee5ba70bb695b1f61887f4c9\/adjuntos\/351\/imagenes\/041\/368\/0041368753\/730x0\/smart\/bevsajpg.jpg\" alt title width=\"730\" height=\"undefined\" id=\"7909986-Libre-1453042133_embed\"><\/div>\n<\/p><\/div>\n<h2>El billete minorista se vende por debajo de los 40 pesos<\/h2>\n<p>En la pizarra de referencia del <strong>Banco Rep\u00fablica (BROU)<\/strong>, el <strong> d\u00f3lar<\/strong> billete minorista se ofreci\u00f3 a 37,55 pesos para la compra y 39,95 pesos para la venta. Por su parte, el valor preferencial del <strong>D\u00f3lar eBROU<\/strong> estuvo en 38,05 pesos para la compra y en 39,45 pesos para la venta.<\/p>\n<\/article>\n<article class=\"article-body article-body--fourth-paragraph content-protected-false\" readability=\"38\">\n<p>El precio de cierre de la jornada en la <strong>Bolsa Electr\u00f3nica de Valores del Uruguay (Bevsa)<\/strong> fue de 38,700 pesos, mientras que el precio m\u00e1ximo fue de 38,910 pesos, y el m\u00ednimo de 38,700 pesos. En este d\u00eda, el n\u00famero de transacciones fueron un total de 59, con un monto de operaciones de 29,5 millones de d\u00f3lares.<\/p>\n<\/article>\n<article class=\"article-body article-body--remaining-paragraph content-protected-false\" readability=\"40.282101167315\">\n<p>La cripto <strong>Tether (USDT)<\/strong>, de paridad 1 a 1 con <a href=\"https:\/\/www.ambito.com\/uruguay\/con-un-dolar-planchado-se-puede-revertir-el-atraso-cambiario-2024-n5958338\" target=\"_blank\" rel=\"follow noopener\">el <strong>d\u00f3lar<\/strong><\/a>, cotiz\u00f3 hoy en un promedio de 42,26 pesos para la compra en l\u00ednea mediante un banco o con tarjeta, y desde los 41,18 pesos hasta los 42,96 pesos en el mercado peer-to-peer (P2P) de Binance.<\/p>\n<p>La cotizaci\u00f3n del <strong>d\u00f3lar Prex<\/strong> estuvo en 38,61 pesos para la compra, y en 38,99 pesos para la venta.<\/p>\n<h2>El d\u00f3lar a lo largo de las pasadas cinco jornadas<\/h2>\n<ul>\n<li>29 de febrero \u2014 39,047<\/li>\n<li>1\u00b0 de marzo \u2014 38,927<\/li>\n<li>4 de marzo \u2014 38,998<\/li>\n<li>5 de marzo \u2014 39,051<\/li>\n<li>6 de marzo \u2014 38,962<\/li>\n<\/ul>\n<\/article>\n<p> <!-- REGION4 } --> <\/p>\n","protected":false},"excerpt":{"rendered":"<p>7 de marzo 2024 &#8211; 17:48 La divisa estadounidense cay\u00f3 un 0,52% y contin\u00faa transitando el mes de marzo en terreno negativo. Foto: Vecteezy El d\u00f3lar cay\u00f3 un 0,52% con respecto al pasado mi\u00e9rcoles, cerrando en 38,761 pesos, seg\u00fan la cotizaci\u00f3n oficial del Banco Central del Uruguay (BCU), encadenando as\u00ed dos jornadas a la baja [&hellip;]<\/p>\n","protected":false},"author":2,"featured_media":6635,"comment_status":"closed","ping_status":"closed","sticky":false,"template":"","format":"standard","meta":{"jetpack_post_was_ever_published":false,"_jetpack_newsletter_access":"","_jetpack_dont_email_post_to_subs":false,"_jetpack_newsletter_tier_id":0,"_jetpack_memberships_contains_paywalled_content":false,"_jetpack_memberships_contains_paid_content":false,"footnotes":"","jetpack_publicize_message":"","jetpack_publicize_feature_enabled":true,"jetpack_social_post_already_shared":true,"jetpack_social_options":{"image_generator_settings":{"template":"highway","enabled":false},"version":2}},"categories":[20],"tags":[],"class_list":["post-6634","post","type-post","status-publish","format-standard","has-post-thumbnail","hentry","category-mundo"],"jetpack_publicize_connections":[],"jetpack_featured_media_url":"https:\/\/i0.wp.com\/infolanus.com\/wp-content\/uploads\/2024\/03\/el-dolar-retrocedio-y-se-interno-en-la-franja-de-los-38.jpg?fit=655%2C368&ssl=1","jetpack_sharing_enabled":true,"jetpack_shortlink":"https:\/\/wp.me\/p9QtMr-1J0","_links":{"self":[{"href":"https:\/\/infolanus.com\/index.php\/wp-json\/wp\/v2\/posts\/6634","targetHints":{"allow":["GET"]}}],"collection":[{"href":"https:\/\/infolanus.com\/index.php\/wp-json\/wp\/v2\/posts"}],"about":[{"href":"https:\/\/infolanus.com\/index.php\/wp-json\/wp\/v2\/types\/post"}],"author":[{"embeddable":true,"href":"https:\/\/infolanus.com\/index.php\/wp-json\/wp\/v2\/users\/2"}],"replies":[{"embeddable":true,"href":"https:\/\/infolanus.com\/index.php\/wp-json\/wp\/v2\/comments?post=6634"}],"version-history":[{"count":0,"href":"https:\/\/infolanus.com\/index.php\/wp-json\/wp\/v2\/posts\/6634\/revisions"}],"wp:featuredmedia":[{"embeddable":true,"href":"https:\/\/infolanus.com\/index.php\/wp-json\/wp\/v2\/media\/6635"}],"wp:attachment":[{"href":"https:\/\/infolanus.com\/index.php\/wp-json\/wp\/v2\/media?parent=6634"}],"wp:term":[{"taxonomy":"category","embeddable":true,"href":"https:\/\/infolanus.com\/index.php\/wp-json\/wp\/v2\/categories?post=6634"},{"taxonomy":"post_tag","embeddable":true,"href":"https:\/\/infolanus.com\/index.php\/wp-json\/wp\/v2\/tags?post=6634"}],"curies":[{"name":"wp","href":"https:\/\/api.w.org\/{rel}","templated":true}]}}