{"id":6638,"date":"2024-03-08T15:58:46","date_gmt":"2024-03-08T18:58:46","guid":{"rendered":"https:\/\/www.ambito.com\/mundo\/el-papa-francisco-nombro-un-experto-ia-la-academia-las-ciencias-n5962173"},"modified":"2024-03-08T15:58:46","modified_gmt":"2024-03-08T18:58:46","slug":"el-papa-francisco-nombro-a-un-experto-en-ia-en-la-academia-de-las-ciencias","status":"publish","type":"post","link":"https:\/\/infolanus.com\/index.php\/2024\/03\/08\/el-papa-francisco-nombro-a-un-experto-en-ia-en-la-academia-de-las-ciencias\/","title":{"rendered":"El papa Francisco nombr\u00f3 a un experto en IA en la Academia de las Ciencias"},"content":{"rendered":"<div id>\n<p>A trav\u00e9s de un comunicado del <strong>Vaticano<\/strong>, confirmaron que el <a href=\"https:\/\/www.ambito.com\/mundo\/papa-francisco-confirmo-la-enfermedad-que-atraviesa-cual-es-su-estado-salud-actual-n5958488\" target=\"_blank\" rel=\"follow noopener\"><strong>papa Francisco<\/strong><\/a> nombr\u00f3 a un <strong>experto en Inteligencia Artificial nuevo miembro de la Pontificia Academia de las Ciencias<\/strong>. Se trata de <strong>Demis Hassabis<\/strong>, presidente ejecutivo de Google DeepMind, una empresa<strong> l\u00edder en el campo de la IA. <\/strong><\/p>\n<\/p><\/div>\n<div id>\n<p>Con esta designaci\u00f3n, la Iglesia demuestra un nuevo signo de <strong>inter\u00e9s por la Inteligencia Artificial<\/strong>. Incluso, hace un mes atr\u00e1s, el <a href=\"https:\/\/www.ambito.com\/mundo\/el-papa-francisco-retoma-su-agenda-recuperarse-la-gripe-y-se-prepara-pascua-n5956944\" target=\"_blank\" rel=\"follow noopener\"><strong>sumo pont\u00edfice<\/strong><\/a> se refiri\u00f3 al uso de la misma -como lo ha hecho en otras ocasiones- y de los riesgos que conlleva si se utiliza en <strong>campa\u00f1as de desinformaci\u00f3n.<\/strong><\/p>\n<\/p><\/div>\n<div id>\n<div contenteditable=\"false\" class=\"embed_cont type_imagen\" id=\"7906838-Libre-749804416_wrap\" readability=\"6\">\n<p>papa francisco 5.jpg <span onclick=\"parent.parent.TinyMCETdcuerpo.preview_embed('7906838-Libre-749804416')\" class=\"embed_colapse less\" id=\"7906838-Libre-749804416_colapse\"><\/span> <span onclick=\"parent.parent.TinyMCETdcuerpo.delete_embed('7906838-Libre-749804416')\" class=\"embed_delete less\" id=\"7906838-Libre-749804416_delete\"><\/span><\/p>\n<div id=\"7906838-Libre-749804416_content\" class=\"embed_content\"><img data-recalc-dims=\"1\" loading=\"lazy\" decoding=\"async\" src=\"https:\/\/i0.wp.com\/media.ambito.com\/p\/a4112046022ae4fe4fbee337ee0ff19c\/adjuntos\/239\/imagenes\/041\/349\/0041349776\/papa-francisco-5jpg.jpg?resize=640%2C359&#038;ssl=1\" alt=\"El papa Francisco vuelve a mostrar inter\u00e9s en la Inteligencia Artificial.\" title=\"El papa Francisco vuelve a mostrar inter\u00e9s en la Inteligencia Artificial.\" width=\"640\" height=\"359\" id=\"7906838-Libre-749804416_embed\"><\/div>\n<div id=\"7906838-Libre-749804416_epigrafe\" class=\"embed_epigrafe\" readability=\"7\">\n<p> El papa Francisco vuelve a mostrar inter\u00e9s en la Inteligencia Artificial.<\/p>\n<\/div><\/div>\n<h2>Qui\u00e9n es el experto en IA nombrado por el papa Francisco<\/h2>\n<p>El investigador brit\u00e1nico que nombr\u00f3 el Papa como nuevo miembro del \u00f3rgano cient\u00edfico del Vaticano, estar\u00e1 junto con los <strong>Premios Nobel de F\u00edsica Andrea Ghez y Didier Queloz<\/strong>. El empresario tiene 47 a\u00f1os y ha sido galardonado con numerosos premios. Adem\u00e1s, cofund\u00f3 DeepMind en 2010, la cual fue adquirida por Google en 2014.<\/p>\n<\/div>\n<div id>\n<p>La empresa es<strong> l\u00edder en el campo de la IA<\/strong> fue la creadora del programa inform\u00e1tico <strong>Alpha Go<\/strong> y cuenta con aplicaciones comerciales en simulaci\u00f3n, comercio en l\u00ednea y juegos.<\/p>\n<\/div>\n<div id>\n<p>Con respecto a la Pontificia Academia de las Ciencias, el organismo del que formar\u00e1 parte de ahora en m\u00e1s Hassabis, fue fundada en 1603 y es el \u00f3rgano encargado principalmente de la<strong> ciencia, la tecnolog\u00eda, la bio\u00e9tica y la epistemolog\u00eda<\/strong>. Adem\u00e1s, sus miembros <strong>no son elegidos por criterios confesionales.<\/strong><\/p>\n<h2>La preocupaci\u00f3n del papa Francisco sobre el uso de la IA<\/h2>\n<p>En diciembre,<strong> el Papa se refiri\u00f3 a la Inteligencia Artificial <\/strong>e insisti\u00f3 en la importancia de la \u00e9tica frente a los <strong>&#8220;riesgos graves<\/strong>&#8221; vinculados a las nuevas tecnolog\u00edas. Adem\u00e1s, el mes pasado afirm\u00f3 que las las campa\u00f1as de desinformaci\u00f3n producidas por IA son un &#8220;<strong>serio problema<\/strong>&#8220;, para luego reclamar una adecuada &#8220;<strong>supervisi\u00f3n humana<\/strong>&#8220;.<\/p>\n<p>En ese sentido, <strong>el sumo pont\u00edfice volvi\u00f3 a alertar sobre los peligros que tiene la IA<\/strong> y sostuvo: &#8220;La habilidad de algunos dispositivos para producir <strong>textos sint\u00e1ctica y sem\u00e1nticamente coherentes<\/strong>, por ejemplo, <strong>no es garant\u00eda de confiabilidad<\/strong>&#8220;.<\/p>\n<p>Adem\u00e1s, hizo referencia al uso inadecuado que se le da a estas nuevas tecnolog\u00edas, las cuales pueden generar afirmaciones que &#8220;en realidad son<strong> infundadas o delatan prejuicios<\/strong>&#8220;. En ese sentido, sostuvo que <strong>la IA es una de las principales preocupaciones del Vaticano <\/strong>debido a la capacidad de producir informaci\u00f3n.<\/p>\n<\/div>\n","protected":false},"excerpt":{"rendered":"<p>A trav\u00e9s de un comunicado del Vaticano, confirmaron que el papa Francisco nombr\u00f3 a un experto en Inteligencia Artificial nuevo miembro de la Pontificia Academia de las Ciencias. Se trata de Demis Hassabis, presidente ejecutivo de Google DeepMind, una empresa l\u00edder en el campo de la IA. Con esta designaci\u00f3n, la Iglesia demuestra un nuevo [&hellip;]<\/p>\n","protected":false},"author":2,"featured_media":6639,"comment_status":"closed","ping_status":"closed","sticky":false,"template":"","format":"standard","meta":{"jetpack_post_was_ever_published":false,"_jetpack_newsletter_access":"","_jetpack_dont_email_post_to_subs":false,"_jetpack_newsletter_tier_id":0,"_jetpack_memberships_contains_paywalled_content":false,"_jetpack_memberships_contains_paid_content":false,"footnotes":"","jetpack_publicize_message":"","jetpack_publicize_feature_enabled":true,"jetpack_social_post_already_shared":true,"jetpack_social_options":{"image_generator_settings":{"template":"highway","enabled":false},"version":2}},"categories":[20],"tags":[],"class_list":["post-6638","post","type-post","status-publish","format-standard","has-post-thumbnail","hentry","category-mundo"],"jetpack_publicize_connections":[],"jetpack_featured_media_url":"https:\/\/i0.wp.com\/infolanus.com\/wp-content\/uploads\/2024\/03\/el-papa-francisco-nombro-a-un-experto-en-ia-en-la-academia-de-las-ciencias.jpg?fit=730%2C410&ssl=1","jetpack_sharing_enabled":true,"jetpack_shortlink":"https:\/\/wp.me\/p9QtMr-1J4","_links":{"self":[{"href":"https:\/\/infolanus.com\/index.php\/wp-json\/wp\/v2\/posts\/6638","targetHints":{"allow":["GET"]}}],"collection":[{"href":"https:\/\/infolanus.com\/index.php\/wp-json\/wp\/v2\/posts"}],"about":[{"href":"https:\/\/infolanus.com\/index.php\/wp-json\/wp\/v2\/types\/post"}],"author":[{"embeddable":true,"href":"https:\/\/infolanus.com\/index.php\/wp-json\/wp\/v2\/users\/2"}],"replies":[{"embeddable":true,"href":"https:\/\/infolanus.com\/index.php\/wp-json\/wp\/v2\/comments?post=6638"}],"version-history":[{"count":0,"href":"https:\/\/infolanus.com\/index.php\/wp-json\/wp\/v2\/posts\/6638\/revisions"}],"wp:featuredmedia":[{"embeddable":true,"href":"https:\/\/infolanus.com\/index.php\/wp-json\/wp\/v2\/media\/6639"}],"wp:attachment":[{"href":"https:\/\/infolanus.com\/index.php\/wp-json\/wp\/v2\/media?parent=6638"}],"wp:term":[{"taxonomy":"category","embeddable":true,"href":"https:\/\/infolanus.com\/index.php\/wp-json\/wp\/v2\/categories?post=6638"},{"taxonomy":"post_tag","embeddable":true,"href":"https:\/\/infolanus.com\/index.php\/wp-json\/wp\/v2\/tags?post=6638"}],"curies":[{"name":"wp","href":"https:\/\/api.w.org\/{rel}","templated":true}]}}