{"id":6658,"date":"2024-03-11T12:15:00","date_gmt":"2024-03-11T15:15:00","guid":{"rendered":"https:\/\/www.ambito.com\/uruguay\/carolina-ache-ya-es-precandidata-el-partido-colorado-n5963177"},"modified":"2024-03-11T12:15:00","modified_gmt":"2024-03-11T15:15:00","slug":"carolina-ache-ya-es-precandidata-por-el-partido-colorado","status":"publish","type":"post","link":"https:\/\/infolanus.com\/index.php\/2024\/03\/11\/carolina-ache-ya-es-precandidata-por-el-partido-colorado\/","title":{"rendered":"Carolina Ache ya es precandidata por el Partido Colorado"},"content":{"rendered":"<div><img data-recalc-dims=\"1\" decoding=\"async\" src=\"https:\/\/i0.wp.com\/media.ambito.com\/p\/cae678558f07b1420a1905d935aa0bd2\/adjuntos\/351\/imagenes\/041\/373\/0041373847\/1200x675\/smart\/carolina-ache.jpeg?w=640&#038;ssl=1\" class=\"ff-og-image-inserted\"><\/div>\n<div id>\n<p>La exvicecanciller <strong>Carolina Ache<\/strong> present\u00f3 este lunes de su <a href=\"https:\/\/www.ambito.com\/uruguay\/carolina-ache-sera-precandidata-presidencial-y-agita-mas-la-interna-colorada-n5961198\" target=\"_blank\" rel=\"follow noopener\">precandidatura ante el <strong>Partido Colorado<\/strong><\/a>, por lo que la interna de la fuerza ser\u00e1 la que mayor aspirantes presentar\u00e1 con 7 pol\u00edticos pujando por la nominaci\u00f3n.<\/p>\n<\/p><\/div>\n<div id>\n<p> Seg\u00fan expres\u00f3 en una misiva enviada al <strong>Comit\u00e9 Ejecutivo Nacional (CEN)<\/strong> del Partido Colorado, asume su precandidatura \u201cconvencida de aportar al necesario crecimiento del glorioso Partido y al fortalecimiento institucional del pa\u00eds\u201d.<\/p>\n<\/div>\n<div id>\n<p> \u201cEs tiempo de convocar a todos los colorados y tambi\u00e9n a aquellos que en alg\u00fan momento as\u00ed se sintieron, para recuperar el protagonismo preponderante durante gran parte de sus 188 a\u00f1os de historia y proyectar el <strong>batllismo<\/strong> de los pr\u00f3ximos 50 a\u00f1os\u201d, propuso Ache, quien consider\u00f3 que <a href=\"https:\/\/www.ambito.com\/uruguay\/una-coalicion-liderada-el-partido-colorado-seria-una-mejor-coalicion-pena-las-elecciones-este-ano-n5948541\" target=\"_blank\" rel=\"follow noopener\">el <strong>Partido Colorado<\/strong> representa el centro del espectro<\/a> pol\u00edtico \u201cque amortigua\u201d la denominada grieta.<\/p>\n<p>\u201cHa sido el guardi\u00e1n de los valores republicanos, de las libertades y de la justicia social. Valores que llevamos profundamente arraigados\u201d, agreg\u00f3.<\/p>\n<p>Ache, de 43 a\u00f1os, adelant\u00f3 que durante su campa\u00f1a, que llevar\u00e1 el eslogan \u201cVamos con la justa\u201d y competir\u00e1 por la lista 10, buscar\u00e1 un punto de encuentro entre todos los precandidatos, para consensuar una hoja de ruta de pol\u00edticas de Estado.<\/p>\n<p>La exvicecanciller, una figura cuestionada en la coalici\u00f3n multicolor e incluso en su propio partido por c\u00f3mo manej\u00f3 el esc\u00e1ndalo por la entrega del pasaporte al narco <strong>Sebasti\u00e1n Marset<\/strong>, consider\u00f3 que resulta \u201cimperioso concretar un gran abordaje sobre el rol del <strong>Partido Colorado <\/strong>en una l\u00f3gica de coalici\u00f3n, donde la identidad no deber\u00eda resignarse\u201d.<\/p>\n<p>El <strong>Partido Colorado<\/strong> es el que mayor n\u00famero de competidores tiene para las elecciones primarias no obligatorias de mitad de a\u00f1o. Adem\u00e1s de Ache, buscar\u00e1n la nominaci\u00f3n colorada <strong>Gabriel Gurm\u00e9ndez<\/strong>, <strong>Robert Silva<\/strong>, <strong>Andr\u00e9s Ojeda<\/strong>, <strong>Guzm\u00e1n Acosta y Lara<\/strong>, <strong>Gustavo Zub\u00eda<\/strong> y <strong>Tabar\u00e9 Viera<\/strong>.<\/p>\n<\/p><\/div>\n","protected":false},"excerpt":{"rendered":"<p>La exvicecanciller Carolina Ache present\u00f3 este lunes de su precandidatura ante el Partido Colorado, por lo que la interna de la fuerza ser\u00e1 la que mayor aspirantes presentar\u00e1 con 7 pol\u00edticos pujando por la nominaci\u00f3n. Seg\u00fan expres\u00f3 en una misiva enviada al Comit\u00e9 Ejecutivo Nacional (CEN) del Partido Colorado, asume su precandidatura \u201cconvencida de aportar [&hellip;]<\/p>\n","protected":false},"author":2,"featured_media":6659,"comment_status":"closed","ping_status":"closed","sticky":false,"template":"","format":"standard","meta":{"jetpack_post_was_ever_published":false,"_jetpack_newsletter_access":"","_jetpack_dont_email_post_to_subs":false,"_jetpack_newsletter_tier_id":0,"_jetpack_memberships_contains_paywalled_content":false,"_jetpack_memberships_contains_paid_content":false,"footnotes":"","jetpack_publicize_message":"","jetpack_publicize_feature_enabled":true,"jetpack_social_post_already_shared":true,"jetpack_social_options":{"image_generator_settings":{"template":"highway","enabled":false},"version":2}},"categories":[20],"tags":[],"class_list":["post-6658","post","type-post","status-publish","format-standard","has-post-thumbnail","hentry","category-mundo"],"jetpack_publicize_connections":[],"jetpack_featured_media_url":"https:\/\/i0.wp.com\/infolanus.com\/wp-content\/uploads\/2024\/03\/carolina-ache-ya-es-precandidata-por-el-partido-colorado.jpg?fit=1200%2C675&ssl=1","jetpack_sharing_enabled":true,"jetpack_shortlink":"https:\/\/wp.me\/p9QtMr-1Jo","_links":{"self":[{"href":"https:\/\/infolanus.com\/index.php\/wp-json\/wp\/v2\/posts\/6658","targetHints":{"allow":["GET"]}}],"collection":[{"href":"https:\/\/infolanus.com\/index.php\/wp-json\/wp\/v2\/posts"}],"about":[{"href":"https:\/\/infolanus.com\/index.php\/wp-json\/wp\/v2\/types\/post"}],"author":[{"embeddable":true,"href":"https:\/\/infolanus.com\/index.php\/wp-json\/wp\/v2\/users\/2"}],"replies":[{"embeddable":true,"href":"https:\/\/infolanus.com\/index.php\/wp-json\/wp\/v2\/comments?post=6658"}],"version-history":[{"count":0,"href":"https:\/\/infolanus.com\/index.php\/wp-json\/wp\/v2\/posts\/6658\/revisions"}],"wp:featuredmedia":[{"embeddable":true,"href":"https:\/\/infolanus.com\/index.php\/wp-json\/wp\/v2\/media\/6659"}],"wp:attachment":[{"href":"https:\/\/infolanus.com\/index.php\/wp-json\/wp\/v2\/media?parent=6658"}],"wp:term":[{"taxonomy":"category","embeddable":true,"href":"https:\/\/infolanus.com\/index.php\/wp-json\/wp\/v2\/categories?post=6658"},{"taxonomy":"post_tag","embeddable":true,"href":"https:\/\/infolanus.com\/index.php\/wp-json\/wp\/v2\/tags?post=6658"}],"curies":[{"name":"wp","href":"https:\/\/api.w.org\/{rel}","templated":true}]}}