{"id":666,"date":"2018-07-11T10:54:32","date_gmt":"2018-07-11T13:54:32","guid":{"rendered":"http:\/\/infolanus.com\/?p=666"},"modified":"2018-07-11T10:54:32","modified_gmt":"2018-07-11T13:54:32","slug":"cancelaron-el-servicio-de-la-linea-435-que-une-lanus-con-san-vicente","status":"publish","type":"post","link":"https:\/\/infolanus.com\/index.php\/2018\/07\/11\/cancelaron-el-servicio-de-la-linea-435-que-une-lanus-con-san-vicente\/","title":{"rendered":"Cancelaron el servicio de la L\u00ednea 435 que une Lan\u00fas con San Vicente"},"content":{"rendered":"<p>El ramal que une las localidades de Lan\u00fas con San vicente de la l\u00ednea 435 dej\u00f3 de funcionar de modo sorpresivo desde este Lunes.<\/p>\n<p>M\u00e1s all\u00e1 del ruido que gener\u00f3 la decisi\u00f3n, los ch\u00f3feres y empleados de la empresa San Vicente manifestaron que era una decisi\u00f3n que tarde o temprano iba a llegar, debido al pobre servicio que prestaba el recorrido \u00faltimamente.<\/p>\n<p>Una de las especulaciones marcaba que las unidades desafectadas del servicio Lan\u00fas &#8211; San Vicente (identificado tambi\u00e9n como Puente Arenas) ser\u00edan volcadas al recorrido que la empresa brinda en Monte Grande.<\/p>\n<p>Si bien todav\u00eda no se escuch\u00f3 una voz oficial, nadie puede asegurar que el cierre del ramal sea definitivo. Solo resta aguardar que define la empresa sobre el tema, y por el momento, buscar otro medio para cubrir ese trayecto.<\/p>\n","protected":false},"excerpt":{"rendered":"<p>El ramal que une las localidades de Lan\u00fas con San vicente de la l\u00ednea 435 dej\u00f3 de funcionar de modo sorpresivo desde este Lunes. M\u00e1s all\u00e1 del ruido que gener\u00f3 la decisi\u00f3n, los ch\u00f3feres y empleados de la empresa San Vicente manifestaron que era una decisi\u00f3n que tarde o temprano iba a llegar, debido al [&hellip;]<\/p>\n","protected":false},"author":2,"featured_media":667,"comment_status":"open","ping_status":"open","sticky":false,"template":"","format":"standard","meta":{"jetpack_post_was_ever_published":false,"_jetpack_newsletter_access":"","_jetpack_dont_email_post_to_subs":false,"_jetpack_newsletter_tier_id":0,"_jetpack_memberships_contains_paywalled_content":false,"_jetpack_memberships_contains_paid_content":false,"footnotes":"","jetpack_publicize_message":"","jetpack_publicize_feature_enabled":true,"jetpack_social_post_already_shared":true,"jetpack_social_options":{"image_generator_settings":{"template":"highway","enabled":false},"version":2}},"categories":[19],"tags":[23,279,223],"class_list":["post-666","post","type-post","status-publish","format-standard","has-post-thumbnail","hentry","category-municipio","tag-lanus","tag-linea-435","tag-san-vicente"],"jetpack_publicize_connections":[],"jetpack_featured_media_url":"https:\/\/i0.wp.com\/infolanus.com\/wp-content\/uploads\/2018\/07\/linea-435.jpg?fit=620%2C349&ssl=1","jetpack_sharing_enabled":false,"jetpack_shortlink":"https:\/\/wp.me\/p9QtMr-aK","_links":{"self":[{"href":"https:\/\/infolanus.com\/index.php\/wp-json\/wp\/v2\/posts\/666","targetHints":{"allow":["GET"]}}],"collection":[{"href":"https:\/\/infolanus.com\/index.php\/wp-json\/wp\/v2\/posts"}],"about":[{"href":"https:\/\/infolanus.com\/index.php\/wp-json\/wp\/v2\/types\/post"}],"author":[{"embeddable":true,"href":"https:\/\/infolanus.com\/index.php\/wp-json\/wp\/v2\/users\/2"}],"replies":[{"embeddable":true,"href":"https:\/\/infolanus.com\/index.php\/wp-json\/wp\/v2\/comments?post=666"}],"version-history":[{"count":1,"href":"https:\/\/infolanus.com\/index.php\/wp-json\/wp\/v2\/posts\/666\/revisions"}],"predecessor-version":[{"id":668,"href":"https:\/\/infolanus.com\/index.php\/wp-json\/wp\/v2\/posts\/666\/revisions\/668"}],"wp:featuredmedia":[{"embeddable":true,"href":"https:\/\/infolanus.com\/index.php\/wp-json\/wp\/v2\/media\/667"}],"wp:attachment":[{"href":"https:\/\/infolanus.com\/index.php\/wp-json\/wp\/v2\/media?parent=666"}],"wp:term":[{"taxonomy":"category","embeddable":true,"href":"https:\/\/infolanus.com\/index.php\/wp-json\/wp\/v2\/categories?post=666"},{"taxonomy":"post_tag","embeddable":true,"href":"https:\/\/infolanus.com\/index.php\/wp-json\/wp\/v2\/tags?post=666"}],"curies":[{"name":"wp","href":"https:\/\/api.w.org\/{rel}","templated":true}]}}