{"id":6663,"date":"2024-03-12T09:05:00","date_gmt":"2024-03-12T12:05:00","guid":{"rendered":"https:\/\/www.ambito.com\/uruguay\/denunciaran-al-hijo-del-vicepresidente-del-pit-cnt-cobrar-1920-horas-extras-indebidas-n5963586"},"modified":"2024-03-12T09:05:00","modified_gmt":"2024-03-12T12:05:00","slug":"denunciaran-al-hijo-del-vicepresidente-del-pit-cnt-por-cobrar-1-920-horas-extras-indebidas","status":"publish","type":"post","link":"https:\/\/infolanus.com\/index.php\/2024\/03\/12\/denunciaran-al-hijo-del-vicepresidente-del-pit-cnt-por-cobrar-1-920-horas-extras-indebidas\/","title":{"rendered":"Denunciar\u00e1n al hijo del vicepresidente del PIT-CNT por cobrar 1.920 horas extras indebidas"},"content":{"rendered":"<div><img data-recalc-dims=\"1\" decoding=\"async\" src=\"https:\/\/i0.wp.com\/media.ambito.com\/p\/f65ba3c97d1a52017f3e521574b2d721\/adjuntos\/351\/imagenes\/041\/375\/0041375487\/1200x675\/smart\/inau.jpg?w=640&#038;ssl=1\" class=\"ff-og-image-inserted\"><\/div>\n<div id>\n<p><strong>Jos\u00e9 Ignacio L\u00f3pez<\/strong>, hijo de <strong>Joselo L\u00f3pez<\/strong>, vicepresidente <a href=\"https:\/\/www.ambito.com\/pit-cnt-a5138194\" target=\"_blank\" rel=\"follow noopener\">del <strong>PIT-CNT<\/strong><\/a>, ser\u00e1 denunciado penalmente por el <strong> Instituto del Ni\u00f1o y Adolescente del Uruguay (INAU)<\/strong> por &#8220;irregularidades graves&#8221; tras detectar que durante a\u00f1os cobr\u00f3 horas extras indebidas.<\/p>\n<\/div>\n<div id>\n<p> El esc\u00e1ndalo, desatado tras una publicaci\u00f3n del semanario B\u00fasqueda, dio cuenta de que L\u00f3pez habr\u00eda falsificado la firma de su supervisora para adjudicarse, a lo largo de cuatro a\u00f1os, unas 40 horas extras por mes, lo que da un total de 1.920 horas en ese per\u00edodo.<\/p>\n<\/div>\n<div id>\n<p> El hijo del vicepresidente del <strong>PIT-CNT<\/strong> hizo uso de su rol como delegado sindical para evitar fichar, en reiteradas oportunidades, sus ingresos y egresos del <strong>Centro de Breve Estad\u00eda Masculino<\/strong>, donde se desempe\u00f1aba.<\/p>\n<p>\u201cSe agregaron marcas durante la pandemia, por ejemplo, como si algunos d\u00edas hubiese entrado a las 10 de la noche y salido a las nueve de la ma\u00f1ana del otro d\u00eda, como para justificar las horas extras y hacer coincidir que las horas efectivamente las trabaj\u00f3\u201d, public\u00f3 El Pa\u00eds, que accedi\u00f3 al documento de la investigaci\u00f3n administrativa.<\/p>\n<p>El INAU no s\u00f3lo denunciar\u00e1 y demandar\u00e1 penalmente a Jos\u00e9 Ignacio L\u00f3pez, sino que adem\u00e1s se encuentra aguardando un informe de la <strong>Oficina Nacional del Servicio Civil (ONSC)<\/strong> para determinar si destituye al funcionario.<\/p>\n<p>De acuerdo a El Observador, el hijo del jerarca sindical trat\u00f3 de justificar las horas trabajadas con testimonios, pero los investigadores concluyeron que era imposible verificar con precisi\u00f3n lo ocurrido en un per\u00edodo tan extenso de tiempo.<\/p>\n<p>Seg\u00fan las autoridades del INAU, las acciones de L\u00f3pez podr\u00edan constituir delitos que ser\u00e1n evaluados por la <strong>Fiscal\u00eda<\/strong>, y si hay un fallo en su contra, deber\u00e1 compensar al organismo estatal.<\/p>\n<\/div>\n","protected":false},"excerpt":{"rendered":"<p>Jos\u00e9 Ignacio L\u00f3pez, hijo de Joselo L\u00f3pez, vicepresidente del PIT-CNT, ser\u00e1 denunciado penalmente por el Instituto del Ni\u00f1o y Adolescente del Uruguay (INAU) por &#8220;irregularidades graves&#8221; tras detectar que durante a\u00f1os cobr\u00f3 horas extras indebidas. El esc\u00e1ndalo, desatado tras una publicaci\u00f3n del semanario B\u00fasqueda, dio cuenta de que L\u00f3pez habr\u00eda falsificado la firma de su [&hellip;]<\/p>\n","protected":false},"author":2,"featured_media":6664,"comment_status":"closed","ping_status":"closed","sticky":false,"template":"","format":"standard","meta":{"jetpack_post_was_ever_published":false,"_jetpack_newsletter_access":"","_jetpack_dont_email_post_to_subs":false,"_jetpack_newsletter_tier_id":0,"_jetpack_memberships_contains_paywalled_content":false,"_jetpack_memberships_contains_paid_content":false,"footnotes":"","jetpack_publicize_message":"","jetpack_publicize_feature_enabled":true,"jetpack_social_post_already_shared":true,"jetpack_social_options":{"image_generator_settings":{"template":"highway","enabled":false},"version":2}},"categories":[20],"tags":[],"class_list":["post-6663","post","type-post","status-publish","format-standard","has-post-thumbnail","hentry","category-mundo"],"jetpack_publicize_connections":[],"jetpack_featured_media_url":"https:\/\/i0.wp.com\/infolanus.com\/wp-content\/uploads\/2024\/03\/denunciaran-al-hijo-del-vicepresidente-del-pit-cnt-por-cobrar-1-920-horas-extras-indebidas.jpg?fit=1200%2C675&ssl=1","jetpack_sharing_enabled":true,"jetpack_shortlink":"https:\/\/wp.me\/p9QtMr-1Jt","_links":{"self":[{"href":"https:\/\/infolanus.com\/index.php\/wp-json\/wp\/v2\/posts\/6663","targetHints":{"allow":["GET"]}}],"collection":[{"href":"https:\/\/infolanus.com\/index.php\/wp-json\/wp\/v2\/posts"}],"about":[{"href":"https:\/\/infolanus.com\/index.php\/wp-json\/wp\/v2\/types\/post"}],"author":[{"embeddable":true,"href":"https:\/\/infolanus.com\/index.php\/wp-json\/wp\/v2\/users\/2"}],"replies":[{"embeddable":true,"href":"https:\/\/infolanus.com\/index.php\/wp-json\/wp\/v2\/comments?post=6663"}],"version-history":[{"count":0,"href":"https:\/\/infolanus.com\/index.php\/wp-json\/wp\/v2\/posts\/6663\/revisions"}],"wp:featuredmedia":[{"embeddable":true,"href":"https:\/\/infolanus.com\/index.php\/wp-json\/wp\/v2\/media\/6664"}],"wp:attachment":[{"href":"https:\/\/infolanus.com\/index.php\/wp-json\/wp\/v2\/media?parent=6663"}],"wp:term":[{"taxonomy":"category","embeddable":true,"href":"https:\/\/infolanus.com\/index.php\/wp-json\/wp\/v2\/categories?post=6663"},{"taxonomy":"post_tag","embeddable":true,"href":"https:\/\/infolanus.com\/index.php\/wp-json\/wp\/v2\/tags?post=6663"}],"curies":[{"name":"wp","href":"https:\/\/api.w.org\/{rel}","templated":true}]}}