{"id":6676,"date":"2024-03-14T08:18:00","date_gmt":"2024-03-14T11:18:00","guid":{"rendered":"https:\/\/www.ambito.com\/uruguay\/orsi-la-denuncia-su-contra-esta-persona-se-confunde-supuesto-no-era-yo-n5964601"},"modified":"2024-03-14T08:18:00","modified_gmt":"2024-03-14T11:18:00","slug":"orsi-sobre-la-denuncia-en-su-contra-esta-persona-se-confunde-por-supuesto-no-era-yo","status":"publish","type":"post","link":"https:\/\/infolanus.com\/index.php\/2024\/03\/14\/orsi-sobre-la-denuncia-en-su-contra-esta-persona-se-confunde-por-supuesto-no-era-yo\/","title":{"rendered":"Orsi, sobre la denuncia en su contra: &#8220;Esta persona se confunde, por supuesto no era yo&#8221;"},"content":{"rendered":"<div><img data-recalc-dims=\"1\" decoding=\"async\" src=\"https:\/\/i0.wp.com\/media.ambito.com\/p\/cf15fa1c8baa76752d7b52d32d2bab5e\/adjuntos\/351\/imagenes\/041\/380\/0041380265\/1200x675\/smart\/yamandu-orsi-conferencia-la-denuncia-su-contra.jpg?w=640&#038;ssl=1\" class=\"ff-og-image-inserted\"><\/div>\n<div id>\n<p>El precandidato presidencial del <strong>Frente Amplio, Yamand\u00fa Orsi, <\/strong>asegur\u00f3 que va a ir \u201chasta el fondo\u201d y consider\u00f3 que &#8220;esta persona se confunde o la est\u00e1n usando&#8221;, luego de haber sido denunciado formalmente en la <strong>Fiscal\u00eda <\/strong>por una presunta <a href=\"https:\/\/www.ambito.com\/uruguay\/denuncian-yamandu-orsi-una-supuesta-agresion-una-trans-n5964347\" target=\"_blank\" rel=\"follow noopener\">agresi\u00f3n a una mujer trans<\/a> en 2014.<\/p>\n<\/div>\n<div id>\n<p>El exintendente de <strong>Canelones <\/strong>brind\u00f3 una conferencia de prensa en la que consider\u00f3 que existe &#8220;una <strong>campa\u00f1a sucia&#8221; <\/strong>contra su postulaci\u00f3n y aclar\u00f3: &#8220;No me voy a bajar de la candidatura&#8221;. En ese sentido, apunt\u00f3: &#8220;Esto es <a href=\"https:\/\/www.ambito.com\/uruguay\/yamandu-orsi-desmintio-la-acusacion-violencia-su-contra-n5962830\" target=\"_blank\" rel=\"follow noopener\">un juego pol\u00edtico.<\/a> Defendamos la democracia&#8221;.<\/p>\n<\/div>\n<div id>\n<p> \u201cLo m\u00e1s doloroso es lo que pasa con mi propia familia, pero nuestro partido pol\u00edtico y el sistema est\u00e1n en jaque por este tipo de acciones, que desconozco desde donde se arman, pero sin duda es algo armado\u201d, expres\u00f3 <strong>Orsi. &#8220;<\/strong>Voy a salir con mucha m\u00e1s fuerza. No tengo dudas, incluso los militantes van a salir con mucha m\u00e1s energ\u00eda porque nos estamos dando cuenta de lo que nos estamos jugando&#8221;, agreg\u00f3.<\/p>\n<\/div>\n<div id>\n<p> El precandidato presidencial aclar\u00f3 que a la <strong>mujer trans <\/strong>no la conoce y lament\u00f3 que \u201cnueve a\u00f1os despu\u00e9s, cuando estoy en campa\u00f1a y soy precandidato presidencial aparece. No creo en casualidades\u201d.<\/p>\n<h2>Incidencia en la campa\u00f1a para las elecciones 2024<\/h2>\n<p>Sobre las repercusiones de la acusaci\u00f3n, sostuvo que \u201cesto no es para la <strong>interna, <\/strong>es para el sistema todo\u201d y se\u00f1al\u00f3: \u201cO nos damos cuenta que est\u00e1 en juego una forma de convivencia pol\u00edtica o no entendemos nada\u201d.<\/p>\n<p>\u201cPuede incidir en una campa\u00f1a nacional, ha pasado en otros pa\u00edses que candidatos han sido poco menos que proscriptos\u201d, se\u00f1al\u00f3 Orsi y record\u00f3 los casos de <strong>\u201cEstados Unidos, Brasil y Argentina\u201d.<\/strong><\/p>\n<h2>El respaldo de otros dirigentes<\/h2>\n<p>Por otra parte, el exintendente de Canelones destac\u00f3 el llamado de varios compa\u00f1eros y candidatos presidenciales. Puntualmente, se refiri\u00f3 a <a href=\"https:\/\/www.ambito.com\/uruguay\/cosse-la-denuncia-contra-orsi-agresion-voy-respetar-la-justicia-n5964448\" target=\"_blank\" rel=\"follow noopener\">los dichos de <strong>Carolina Cosse<\/strong><\/a> y se\u00f1al\u00f3: \u201cSus declaraciones fueron muy acertadas\u201d.<\/p>\n<p>En tanto, consultado por si se comunic\u00f3 con <strong>\u00c1lvaro Delgado, <\/strong>expres\u00f3: \u201cNo lo escuch\u00e9 p\u00fablicamente, pero s\u00ed habl\u00e9 con \u00e9l hace unos d\u00edas e intercambiamos opiniones y coincidimos en que es una l\u00ednea que no se puede pasar\u201d.<\/p>\n<p>\u201cCreo que esto en <strong>Uruguay <\/strong>no lo ten\u00edamos, por eso la seriedad del asunto\u201d, insisti\u00f3 Orsi y pidi\u00f3 \u201cno dejar correr el asunto\u201d. Sobre el derrotero de la presentaci\u00f3n judicial, indic\u00f3: \u201cHay que seguir el proceso de la denuncia y se ver\u00e1 cu\u00e1l es el camino. La propia persona me pidi\u00f3 que la denunciara y me asesor\u00e9, no lo voy a hacer ahora\u201d.<\/p>\n<p>\u201cA partir de ahora, este tema lo hablan mis abogados, yo no lo hablo m\u00e1s. Ma\u00f1ana estaremos en <strong>Paysand\u00fa, <\/strong>pasado en <strong>Salto <\/strong>mientras mis compa\u00f1eros est\u00e1n al frente en otras canchas\u201d, ratific\u00f3 el dirigente del FA sobre su idea de centrarse en la campa\u00f1a.<\/p>\n<\/div>\n","protected":false},"excerpt":{"rendered":"<p>El precandidato presidencial del Frente Amplio, Yamand\u00fa Orsi, asegur\u00f3 que va a ir \u201chasta el fondo\u201d y consider\u00f3 que &#8220;esta persona se confunde o la est\u00e1n usando&#8221;, luego de haber sido denunciado formalmente en la Fiscal\u00eda por una presunta agresi\u00f3n a una mujer trans en 2014. El exintendente de Canelones brind\u00f3 una conferencia de prensa [&hellip;]<\/p>\n","protected":false},"author":2,"featured_media":6677,"comment_status":"closed","ping_status":"closed","sticky":false,"template":"","format":"standard","meta":{"jetpack_post_was_ever_published":false,"_jetpack_newsletter_access":"","_jetpack_dont_email_post_to_subs":false,"_jetpack_newsletter_tier_id":0,"_jetpack_memberships_contains_paywalled_content":false,"_jetpack_memberships_contains_paid_content":false,"footnotes":"","jetpack_publicize_message":"","jetpack_publicize_feature_enabled":true,"jetpack_social_post_already_shared":true,"jetpack_social_options":{"image_generator_settings":{"template":"highway","enabled":false},"version":2}},"categories":[20],"tags":[],"class_list":["post-6676","post","type-post","status-publish","format-standard","has-post-thumbnail","hentry","category-mundo"],"jetpack_publicize_connections":[],"jetpack_featured_media_url":"https:\/\/i0.wp.com\/infolanus.com\/wp-content\/uploads\/2024\/03\/orsi-sobre-la-denuncia-en-su-contra-esta-persona-se-confunde-por-supuesto-no-era-yo.jpg?fit=1200%2C675&ssl=1","jetpack_sharing_enabled":true,"jetpack_shortlink":"https:\/\/wp.me\/p9QtMr-1JG","_links":{"self":[{"href":"https:\/\/infolanus.com\/index.php\/wp-json\/wp\/v2\/posts\/6676","targetHints":{"allow":["GET"]}}],"collection":[{"href":"https:\/\/infolanus.com\/index.php\/wp-json\/wp\/v2\/posts"}],"about":[{"href":"https:\/\/infolanus.com\/index.php\/wp-json\/wp\/v2\/types\/post"}],"author":[{"embeddable":true,"href":"https:\/\/infolanus.com\/index.php\/wp-json\/wp\/v2\/users\/2"}],"replies":[{"embeddable":true,"href":"https:\/\/infolanus.com\/index.php\/wp-json\/wp\/v2\/comments?post=6676"}],"version-history":[{"count":0,"href":"https:\/\/infolanus.com\/index.php\/wp-json\/wp\/v2\/posts\/6676\/revisions"}],"wp:featuredmedia":[{"embeddable":true,"href":"https:\/\/infolanus.com\/index.php\/wp-json\/wp\/v2\/media\/6677"}],"wp:attachment":[{"href":"https:\/\/infolanus.com\/index.php\/wp-json\/wp\/v2\/media?parent=6676"}],"wp:term":[{"taxonomy":"category","embeddable":true,"href":"https:\/\/infolanus.com\/index.php\/wp-json\/wp\/v2\/categories?post=6676"},{"taxonomy":"post_tag","embeddable":true,"href":"https:\/\/infolanus.com\/index.php\/wp-json\/wp\/v2\/tags?post=6676"}],"curies":[{"name":"wp","href":"https:\/\/api.w.org\/{rel}","templated":true}]}}