{"id":6682,"date":"2024-03-14T21:34:00","date_gmt":"2024-03-15T00:34:00","guid":{"rendered":"https:\/\/www.ambito.com\/uruguay\/argimon-la-denuncia-contra-orsi-el-partido-nacional-no-esta-atras-ninguna-campana-n5965564"},"modified":"2024-03-14T21:34:00","modified_gmt":"2024-03-15T00:34:00","slug":"argimon-sobre-la-denuncia-contra-orsi-el-partido-nacional-no-esta-atras-de-ninguna-campana","status":"publish","type":"post","link":"https:\/\/infolanus.com\/index.php\/2024\/03\/14\/argimon-sobre-la-denuncia-contra-orsi-el-partido-nacional-no-esta-atras-de-ninguna-campana\/","title":{"rendered":"Argim\u00f3n, sobre la denuncia contra Orsi: &#8220;El Partido Nacional no est\u00e1 atr\u00e1s de ninguna campa\u00f1a&#8221;"},"content":{"rendered":"<div><img data-recalc-dims=\"1\" decoding=\"async\" src=\"https:\/\/i0.wp.com\/media.ambito.com\/p\/0de4e7588f4999bec453dd1d4e61e231\/adjuntos\/351\/imagenes\/041\/382\/0041382569\/1200x675\/smart\/beatriz-argimonjpg.jpg?w=640&#038;ssl=1\" class=\"ff-og-image-inserted\"><\/div>\n<div id>\n<p>La vicepresidenta <strong>Beatriz Argim\u00f3n <\/strong>asegur\u00f3 que \u201cel <strong>Partido Nacional <\/strong>no est\u00e1 atr\u00e1s de ninguna campa\u00f1a\u201d, al referirse a <a href=\"https:\/\/www.ambito.com\/uruguay\/denuncian-yamandu-orsi-una-supuesta-agresion-una-trans-n5964347\" target=\"_blank\" rel=\"follow noopener\">la denuncia por agresi\u00f3n<\/a> que realiz\u00f3 una mujer trans contra el precandidato presidencial del <strong>Frente Amplio, Yamand\u00fa Orsi.<\/strong><\/p>\n<\/p><\/div>\n<div id>\n<p>Argim\u00f3n asegur\u00f3 que \u201ccuando se acusa a un partido pol\u00edtico, es importante de explicar y dar a conocer con fundamentos de por qu\u00e9 se le acusa y que se avance&#8221;, al ser consultada en rueda de prensa por la acusaci\u00f3n de contra el <strong>exintendente de Canelones,<\/strong> que recibi\u00f3 el respaldo del FA, donde alertan que hubo <a href=\"https:\/\/www.ambito.com\/uruguay\/el-equipo-orsi-advirtio-una-campana-su-contra-orquestada-1000-trolls-n5965154\" target=\"_blank\" rel=\"follow noopener\">&#8220;una campa\u00f1a orquestada&#8221;.<\/a><\/p>\n<\/p><\/div>\n<div id>\n<p> La vicepresidenta apunt\u00f3 de esta manera a las declaraciones del presidente del Frente Amplio, <strong>Fernando Pereira, <\/strong>quien cuestion\u00f3 al PN por \u201ctolerar\u201d lo que llam\u00f3 \u201cla l\u00f3gica de <strong>Romina Celeste\u201d, <\/strong>en referencia a la militante de ese partido que impuls\u00f3 la denuncia.<\/p>\n<\/div>\n<div id>\n<p>&#8220;Son momentos donde uno se expresa y a veces no se tiene en cuenta lo importante de que seamos claros en estos aspectos en un a\u00f1o adem\u00e1s especial\u201d, sostuvo Argim\u00f3n con respecto a las <strong>elecciones 2024 <\/strong>y defini\u00f3: \u201cEso tiene que ver con la calidad de la democracia tambi\u00e9n&#8221;.<\/p>\n<\/div>\n<div id>\n<h2>Yamand\u00fa Orsi se defendi\u00f3 de la denuncia y el Frente Amplio lo respald\u00f3<\/h2>\n<p>Despu\u00e9s de haberse formalizado la denuncia en <strong>Fiscal\u00eda,<\/strong> <a href=\"https:\/\/www.ambito.com\/uruguay\/orsi-la-denuncia-su-contra-esta-persona-se-confunde-supuesto-no-era-yo-n5964601\" target=\"_blank\" rel=\"follow noopener\">Orsi se defendi\u00f3<\/a> y sostuvo la mujer trans que lo denunci\u00f3 \u201cse confunde o la est\u00e1n usando&#8221;, al asegurar que existe &#8220;una campa\u00f1a sucia&#8221; en su contra.<\/p>\n<p>&#8220;No me voy a bajar de la candidatura&#8221;, advirti\u00f3 el dirigente frenteamplista, quien llam\u00f3 a \u201cdefender la democracia\u201d frente a lo que calific\u00f3 como \u201cun juego pol\u00edtico\u201d.<\/p>\n<p>De hecho, el jefe de campa\u00f1a de Orsi, <strong>Francisco Legnani, <\/strong>asegur\u00f3 que se trata de una \u201ccampa\u00f1a orquestada\u201d al denunciar que detect\u00f3 \u201c1.000 cuentas del exterior creadas recientemente\u201d para interactuar con el tema en redes sociales y sostuvo que se busca \u201cproscribir\u201d al candidato.<\/p>\n<p>En esa l\u00ednea se hab\u00eda pronunciado Pereira, quien asegur\u00f3 que el objetivo de la denuncia es \u201cintentar proscribir p\u00fablicamente a uno de los candidatos del partido con mayor <strong>intenci\u00f3n de voto\u201d.<\/strong><\/p>\n<\/p><\/div>\n","protected":false},"excerpt":{"rendered":"<p>La vicepresidenta Beatriz Argim\u00f3n asegur\u00f3 que \u201cel Partido Nacional no est\u00e1 atr\u00e1s de ninguna campa\u00f1a\u201d, al referirse a la denuncia por agresi\u00f3n que realiz\u00f3 una mujer trans contra el precandidato presidencial del Frente Amplio, Yamand\u00fa Orsi. Argim\u00f3n asegur\u00f3 que \u201ccuando se acusa a un partido pol\u00edtico, es importante de explicar y dar a conocer con [&hellip;]<\/p>\n","protected":false},"author":2,"featured_media":6683,"comment_status":"closed","ping_status":"closed","sticky":false,"template":"","format":"standard","meta":{"jetpack_post_was_ever_published":false,"_jetpack_newsletter_access":"","_jetpack_dont_email_post_to_subs":false,"_jetpack_newsletter_tier_id":0,"_jetpack_memberships_contains_paywalled_content":false,"_jetpack_memberships_contains_paid_content":false,"footnotes":"","jetpack_publicize_message":"","jetpack_publicize_feature_enabled":true,"jetpack_social_post_already_shared":true,"jetpack_social_options":{"image_generator_settings":{"template":"highway","enabled":false},"version":2}},"categories":[20],"tags":[],"class_list":["post-6682","post","type-post","status-publish","format-standard","has-post-thumbnail","hentry","category-mundo"],"jetpack_publicize_connections":[],"jetpack_featured_media_url":"https:\/\/i0.wp.com\/infolanus.com\/wp-content\/uploads\/2024\/03\/argimon-sobre-la-denuncia-contra-orsi-el-partido-nacional-no-esta-atras-de-ninguna-campana.jpg?fit=1200%2C675&ssl=1","jetpack_sharing_enabled":true,"jetpack_shortlink":"https:\/\/wp.me\/p9QtMr-1JM","_links":{"self":[{"href":"https:\/\/infolanus.com\/index.php\/wp-json\/wp\/v2\/posts\/6682","targetHints":{"allow":["GET"]}}],"collection":[{"href":"https:\/\/infolanus.com\/index.php\/wp-json\/wp\/v2\/posts"}],"about":[{"href":"https:\/\/infolanus.com\/index.php\/wp-json\/wp\/v2\/types\/post"}],"author":[{"embeddable":true,"href":"https:\/\/infolanus.com\/index.php\/wp-json\/wp\/v2\/users\/2"}],"replies":[{"embeddable":true,"href":"https:\/\/infolanus.com\/index.php\/wp-json\/wp\/v2\/comments?post=6682"}],"version-history":[{"count":0,"href":"https:\/\/infolanus.com\/index.php\/wp-json\/wp\/v2\/posts\/6682\/revisions"}],"wp:featuredmedia":[{"embeddable":true,"href":"https:\/\/infolanus.com\/index.php\/wp-json\/wp\/v2\/media\/6683"}],"wp:attachment":[{"href":"https:\/\/infolanus.com\/index.php\/wp-json\/wp\/v2\/media?parent=6682"}],"wp:term":[{"taxonomy":"category","embeddable":true,"href":"https:\/\/infolanus.com\/index.php\/wp-json\/wp\/v2\/categories?post=6682"},{"taxonomy":"post_tag","embeddable":true,"href":"https:\/\/infolanus.com\/index.php\/wp-json\/wp\/v2\/tags?post=6682"}],"curies":[{"name":"wp","href":"https:\/\/api.w.org\/{rel}","templated":true}]}}