{"id":6688,"date":"2024-03-15T20:40:00","date_gmt":"2024-03-15T23:40:00","guid":{"rendered":"https:\/\/www.ambito.com\/uruguay\/eficiencia-energetica-4-anos-se-ahorro-el-equivalente-al-consumo-medio-129000-hogares-n5966073"},"modified":"2024-03-15T20:40:00","modified_gmt":"2024-03-15T23:40:00","slug":"eficiencia-energetica-en-4-anos-se-ahorro-el-equivalente-al-consumo-medio-de-129-000-hogares","status":"publish","type":"post","link":"https:\/\/infolanus.com\/index.php\/2024\/03\/15\/eficiencia-energetica-en-4-anos-se-ahorro-el-equivalente-al-consumo-medio-de-129-000-hogares\/","title":{"rendered":"Eficiencia energ\u00e9tica: en 4 a\u00f1os se ahorr\u00f3 el equivalente al consumo medio de 129.000 hogares"},"content":{"rendered":"<p><!-- { REGION4 --> <\/p>\n<header class=\"news-headline\" readability=\"1.863309352518\">\n<div class=\"news-headline__topics-and-date-wrapper\"> <span class=\"news-headline__publication-date\"> 15 de marzo 2024 &#8211; 20:40 <\/span><\/div>\n<h2 class=\"news-headline__article-summary\" readability=\"24\">\n<p>El Ministerio de Industria, Energ\u00eda y Miner\u00eda destac\u00f3 que esto se traduce en mayor confort y m\u00e1s competitividad para las empresas.<\/p>\n<\/h2>\n<\/header>\n<div class=\"detail-highlighted-multimedia content-protected-false\">\n<figure class=\"detail-highlighted-multimedia__figure\"> <img data-recalc-dims=\"1\" loading=\"lazy\" decoding=\"async\" src=\"https:\/\/i0.wp.com\/media.ambito.com\/p\/8f43cd95fce280c8fa25a08c1940b152\/adjuntos\/351\/imagenes\/041\/384\/0041384223\/655x368\/smart\/eficiencia-energetica-luz-energiajpg.jpg?resize=640%2C427&#038;ssl=1\" class=\"detail-highlighted-multimedia__figure-img img-fluid\" alt=\"El MIEM destac\u00f3 las medidas de eficiencia energ\u00e9tica, que redundaron en un importante ahorro entre 2020 y 2023.&amp;nbsp;\" width=\"640\" height=\"427\"><figcaption class=\"detail-highlighted-multimedia__figcaption\" readability=\"-23\"> <span class=\"detail-highlighted-multimedia__copyright\">Foto: Freepik<\/span><\/figcaption><\/figure>\n<\/div>\n<article class=\"article-body article-body--first-paragraph content-protected-false\" data-td-script-src=\"https:\/\/www.ambito.com\/td\/modulos\/encuestas\/js\/function-embeds-min-version-1710475676.js\" readability=\"28.142857142857\">\n<p>El <strong>Ministerio de Industria, Energ\u00eda y Miner\u00eda <\/strong>(MIEM) destac\u00f3 que, a trav\u00e9s de las medidas implementadas entre 2020 y 2023 se logr\u00f3 un ahorro equivalente al consumo medio de 129.000 hogares en <strong><a href=\"https:\/\/www.ambito.com\/uruguay\/alcanzo-el-100-generacion-electrica-renovable-n5953018\" target=\"_blank\" rel=\"follow noopener\">energ\u00eda el\u00e9ctrica.<\/a><\/strong><\/p>\n<\/article>\n<article class=\"article-body article-body--second-paragraph content-protected-false\" readability=\"29.208053691275\">\n<p>Desde el <strong>MIEM <\/strong>destacaron la b\u00fasqueda de promover <a href=\"https:\/\/www.ambito.com\/uruguay\/que-esta-haciendo-el-gobierno-promover-la-eficiencia-energetica-n5767927\" target=\"_blank\" rel=\"follow noopener\">la <strong>eficiencia energ\u00e9tica,<\/strong><\/a> con el objetivo de \u201cgenerar un futuro m\u00e1s sostenible y lograr ahorros que se traduzcan en m\u00e1s confort para todos los sectores y m\u00e1s <strong>competitividad <\/strong>para las empresas\u201d, destac\u00f3 la titular de la cartera, <strong>Elisa Facio.<\/strong><\/p>\n<\/article>\n<section class=\"related-news\"><span class=\"related-news__title\"> Informate m\u00e1s<\/span> <\/p>\n<div class=\"row row--eq-height\">\n<div class=\"col-12 col-md-6\">\n<article class=\"news-article news-article--landscape-news news-article--landscape-news\">\n<figure class=\"news-article__figure figure\"> <a href=\"https:\/\/www.ambito.com\/uruguay\/el-997-la-electricidad-febrero-se-genero-energias-renovables-n5962166\" target title=\"\u00e1mbito.com | El 99,7% de la electricidad de febrero se gener\u00f3 con energ\u00edas renovables\" alt=\"\u00e1mbito.com | El 99,7% de la electricidad de febrero se gener\u00f3 con energ\u00edas renovables\" rel=\"noindex nofollow noreferrer\"> <img loading=\"lazy\" decoding=\"async\" src=\"https:\/\/www.ambito.com\/css-custom\/351\/lazy.svg\" data-td-src-property=\"https:\/\/media.ambito.com\/p\/a9d4b162e85b53b5d7a5ba987e641d57\/adjuntos\/351\/imagenes\/040\/943\/0040943629\/93x52\/smart\/paneles-solares-planta-fotovoltaica-energias-renovables.jpg\" alt=\"Uruguay alcanz\u00f3 el 99,7% de generaci\u00f3n el\u00e9ctrica renovable en febrero.\" title=\"Uruguay alcanz\u00f3 el 99,7% de generaci\u00f3n el\u00e9ctrica renovable en febrero.\" width=\"93\" height=\"52\" class=\"news-article__figure-img figure-img img-fluid\"> <\/a><\/figure>\n<\/article><\/div>\n<div class=\"col-12 col-md-6\">\n<article class=\"news-article news-article--landscape-news news-article--landscape-news\">\n<figure class=\"news-article__figure figure\"> <a href=\"https:\/\/www.ambito.com\/uruguay\/ute-promueve-descuentos-incentivar-la-eficiencia-energetica-n5883440\" target title=\"\u00e1mbito.com | UTE promueve descuentos para incentivar la eficiencia energ\u00e9tica\" alt=\"\u00e1mbito.com | UTE promueve descuentos para incentivar la eficiencia energ\u00e9tica\" rel=\"noindex nofollow noreferrer\"> <img loading=\"lazy\" decoding=\"async\" src=\"https:\/\/www.ambito.com\/css-custom\/351\/lazy.svg\" data-td-src-property=\"https:\/\/media.ambito.com\/p\/7184ec71a5f903130a8c5913ca5bf7a4\/adjuntos\/351\/imagenes\/040\/796\/0040796072\/93x52\/smart\/ute-local-comercial.jpg\" alt=\"UTE avanza con su plan para impulsar la eficiencia energ\u00e9tica.\" title=\"UTE avanza con su plan para impulsar la eficiencia energ\u00e9tica.\" width=\"93\" height=\"52\" class=\"news-article__figure-img figure-img img-fluid\"> <\/a><\/figure>\n<\/article><\/div>\n<\/div>\n<\/section>\n<article class=\"article-body article-body--third-paragraph content-protected-false\" readability=\"36\">\n<p> Durante el evento en Torre Ejecutiva, denominado \u201cLa eficiencia energ\u00e9tica \u00bfc\u00f3mo llega a todos?\u201d, expusieron tambi\u00e9n el subsecretario <strong>Walter Verri <\/strong>y el director nacional de Energ\u00eda, <strong>Fitzgerald Cantero, <\/strong>destacando que el ahorro equivale a la poblaci\u00f3n sumada de los departamentos de <strong>Salto, Maldonado, Colonia y Flores. <\/strong><\/p>\n<\/article>\n<article class=\"article-body article-body--fourth-paragraph content-protected-false\" readability=\"35\">\n<p> En ese contexto, <strong>Facio <\/strong>apunt\u00f3 que las tareas buscan \u201cprofundizar el cambio cultural y la implementaci\u00f3n de proyectos de eficiencia energ\u00e9tica para que hogares, productores rurales, empresas, organismos y localidades puedan beneficiarse al ser m\u00e1s eficientes con la energ\u00eda\u201d. \u201cLa energ\u00eda que no consumimos es energ\u00eda que no tenemos que generar\u201d, defini\u00f3.<\/p>\n<\/article>\n<article class=\"article-body article-body--remaining-paragraph content-protected-false\" readability=\"48.260437375746\">\n<h2>Segunda transici\u00f3n energ\u00e9tica<\/h2>\n<p>\u201cEstos instrumentos son parte de los esfuerzos del Gobierno que buscan liderar el camino para un futuro m\u00e1s sostenible y energ\u00e9ticamente eficiente\u201d, resumi\u00f3 acerca de uno de los pilares de <a href=\"https:\/\/www.ambito.com\/uruguay\/puede-ser-un-modelo-energias-renovables-destacan-estados-unidos-n5867778\" target=\"_blank\" rel=\"follow noopener\">la <strong>segunda transici\u00f3n energ\u00e9tica.<\/strong><\/a><\/p>\n<p>A su turno, Verri destac\u00f3 que <strong>\u201cUruguay <\/strong>quiere cumplir con los compromisos\u201d ambientales asumidos internacionalmente\u201d, al precisar que hoy \u201ctransita una segunda transici\u00f3n energ\u00e9tica\u201d.<\/p>\n<p>Finalmente, <strong>Cantero <\/strong>valor\u00f3 la apuesta a la <strong>descentralizaci\u00f3n <\/strong>y la <strong>desburocratizaci\u00f3n, <\/strong>mientras sostuvo que se crearon 30 medidas para reforzar la eficiencia energ\u00e9tica y anunci\u00f3 la creaci\u00f3n de una Mesa de Eficiencia Energ\u00e9tica para la Construcci\u00f3n, as\u00ed como la implementaci\u00f3n de un <strong>sello <\/strong>de eficiencia energ\u00e9tica que abarcar\u00e1 electrodom\u00e9sticos y otros art\u00edculos de uso cotidiano.<\/p>\n<p>\u201cEstamos frente a una pol\u00edtica de Estado, y eso es un camino de no retorno. Creo que <strong>Uruguay, <\/strong>en energ\u00eda, juega en las grandes ligas\u201d, sentenci\u00f3.<\/p>\n<\/article>\n<p> <!-- REGION4 } --> <\/p>\n","protected":false},"excerpt":{"rendered":"<p>15 de marzo 2024 &#8211; 20:40 El Ministerio de Industria, Energ\u00eda y Miner\u00eda destac\u00f3 que esto se traduce en mayor confort y m\u00e1s competitividad para las empresas. Foto: Freepik El Ministerio de Industria, Energ\u00eda y Miner\u00eda (MIEM) destac\u00f3 que, a trav\u00e9s de las medidas implementadas entre 2020 y 2023 se logr\u00f3 un ahorro equivalente al [&hellip;]<\/p>\n","protected":false},"author":2,"featured_media":6689,"comment_status":"closed","ping_status":"closed","sticky":false,"template":"","format":"standard","meta":{"jetpack_post_was_ever_published":false,"_jetpack_newsletter_access":"","_jetpack_dont_email_post_to_subs":false,"_jetpack_newsletter_tier_id":0,"_jetpack_memberships_contains_paywalled_content":false,"_jetpack_memberships_contains_paid_content":false,"footnotes":"","jetpack_publicize_message":"","jetpack_publicize_feature_enabled":true,"jetpack_social_post_already_shared":true,"jetpack_social_options":{"image_generator_settings":{"template":"highway","enabled":false},"version":2}},"categories":[20],"tags":[],"class_list":["post-6688","post","type-post","status-publish","format-standard","has-post-thumbnail","hentry","category-mundo"],"jetpack_publicize_connections":[],"jetpack_featured_media_url":"https:\/\/i0.wp.com\/infolanus.com\/wp-content\/uploads\/2024\/03\/eficiencia-energetica-en-4-anos-se-ahorro-el-equivalente-al-consumo-medio-de-129-000-hogares.jpg?fit=655%2C368&ssl=1","jetpack_sharing_enabled":true,"jetpack_shortlink":"https:\/\/wp.me\/p9QtMr-1JS","_links":{"self":[{"href":"https:\/\/infolanus.com\/index.php\/wp-json\/wp\/v2\/posts\/6688","targetHints":{"allow":["GET"]}}],"collection":[{"href":"https:\/\/infolanus.com\/index.php\/wp-json\/wp\/v2\/posts"}],"about":[{"href":"https:\/\/infolanus.com\/index.php\/wp-json\/wp\/v2\/types\/post"}],"author":[{"embeddable":true,"href":"https:\/\/infolanus.com\/index.php\/wp-json\/wp\/v2\/users\/2"}],"replies":[{"embeddable":true,"href":"https:\/\/infolanus.com\/index.php\/wp-json\/wp\/v2\/comments?post=6688"}],"version-history":[{"count":0,"href":"https:\/\/infolanus.com\/index.php\/wp-json\/wp\/v2\/posts\/6688\/revisions"}],"wp:featuredmedia":[{"embeddable":true,"href":"https:\/\/infolanus.com\/index.php\/wp-json\/wp\/v2\/media\/6689"}],"wp:attachment":[{"href":"https:\/\/infolanus.com\/index.php\/wp-json\/wp\/v2\/media?parent=6688"}],"wp:term":[{"taxonomy":"category","embeddable":true,"href":"https:\/\/infolanus.com\/index.php\/wp-json\/wp\/v2\/categories?post=6688"},{"taxonomy":"post_tag","embeddable":true,"href":"https:\/\/infolanus.com\/index.php\/wp-json\/wp\/v2\/tags?post=6688"}],"curies":[{"name":"wp","href":"https:\/\/api.w.org\/{rel}","templated":true}]}}