{"id":6757,"date":"2024-03-26T22:05:08","date_gmt":"2024-03-27T01:05:08","guid":{"rendered":"https:\/\/www.inforegion.com.ar\/?p=300653"},"modified":"2024-03-26T22:05:08","modified_gmt":"2024-03-27T01:05:08","slug":"julian-alvarez-nuevamente-le-pidio-explicaciones-a-edesur-por-la-falta-de-suministro-electrico-durante-el-temporal","status":"publish","type":"post","link":"https:\/\/infolanus.com\/index.php\/2024\/03\/26\/julian-alvarez-nuevamente-le-pidio-explicaciones-a-edesur-por-la-falta-de-suministro-electrico-durante-el-temporal\/","title":{"rendered":"Juli\u00e1n \u00c1lvarez nuevamente le pidi\u00f3 explicaciones a Edesur por la falta de suministro el\u00e9ctrico durante el temporal"},"content":{"rendered":"<div><img data-recalc-dims=\"1\" decoding=\"async\" src=\"https:\/\/i0.wp.com\/www.inforegion.com.ar\/wp-content\/uploads\/2021\/10\/julian-alvarez.jpg?w=640&#038;ssl=1\" class=\"ff-og-image-inserted\"><\/div>\n<p>El intendente de Lan\u00fas, Juli\u00e1n \u00c1lvarez, esta ma\u00f1ana tuvo una reuni\u00f3n con las autoridades de Edesur por la falta de luz que <a href=\"https:\/\/www.inforegion.com.ar\/2024\/03\/23\/lanus-demanda-a-edesur-por-los-cortes-de-luz\/\">tuvieron los vecinos del distrito en el \u00faltimo temporal<\/a>. Adem\u00e1s, reclam\u00f3 inversi\u00f3n de la empresa para no volver a recaer en los mismos problemas que desde hace varios a\u00f1os.<\/p>\n<p>Luego de la reuni\u00f3n, \u00c1lvarez emiti\u00f3 un comunicado en sus redes sociales: \u201cAnte nuestra demanda de resoluci\u00f3n de la problem\u00e1tica de las vecinas y vecinos que se vieron afectados por el corte de suministro durante el temporal, la apoderada de la empresa nos indic\u00f3 que a ra\u00edz de un fallo de la Corte Suprema, el \u201cprecedente Grindetti\u201d,<strong> existe una jurisprudencia que establece que desde&nbsp;<a href=\"https:\/\/www.instagram.com\/lanusmunicipio\/\">el municipio de Lan\u00fas<\/a>&nbsp;no tenemos legitimidad para cuestionar un servicio p\u00fablico en nombre de las y los lanusenses\u201d.<\/strong><\/p>\n<p>Por \u00faltimo se dirigi\u00f3 a los vecinos: \u201c<strong>Sepan que no vamos a parar hasta que Edesur no presente un plan de inversi\u00f3n sostenida en el distrito que garantice un servicio regular y eficiente del suministro el\u00e9ctrico\u201d.<\/strong><\/p>\n","protected":false},"excerpt":{"rendered":"<p>El intendente de Lan\u00fas, Juli\u00e1n \u00c1lvarez, esta ma\u00f1ana tuvo una reuni\u00f3n con las autoridades de Edesur por la falta de luz que tuvieron los vecinos del distrito en el \u00faltimo temporal. Adem\u00e1s, reclam\u00f3 inversi\u00f3n de la empresa para no volver a recaer en los mismos problemas que desde hace varios a\u00f1os. Luego de la reuni\u00f3n, [&hellip;]<\/p>\n","protected":false},"author":2,"featured_media":6758,"comment_status":"closed","ping_status":"closed","sticky":false,"template":"","format":"standard","meta":{"jetpack_post_was_ever_published":false,"_jetpack_newsletter_access":"","_jetpack_dont_email_post_to_subs":false,"_jetpack_newsletter_tier_id":0,"_jetpack_memberships_contains_paywalled_content":false,"_jetpack_memberships_contains_paid_content":false,"footnotes":"","jetpack_publicize_message":"","jetpack_publicize_feature_enabled":true,"jetpack_social_post_already_shared":true,"jetpack_social_options":{"image_generator_settings":{"template":"highway","enabled":false},"version":2}},"categories":[19],"tags":[774,919,1646,1647,427,23,848,788],"class_list":["post-6757","post","type-post","status-publish","format-standard","has-post-thumbnail","hentry","category-municipio","tag-destacadas","tag-edesur","tag-falta-de-luz","tag-falta-de-respuesta-de-edesur","tag-julian-alvarez","tag-lanus","tag-regionales","tag-sociedad"],"jetpack_publicize_connections":[],"jetpack_featured_media_url":"https:\/\/i0.wp.com\/infolanus.com\/wp-content\/uploads\/2024\/03\/julian-alvarez-nuevamente-le-pidio-explicaciones-a-edesur-por-la-falta-de-suministro-electrico-durante-el-temporal.jpg?fit=2400%2C1350&ssl=1","jetpack_sharing_enabled":true,"jetpack_shortlink":"https:\/\/wp.me\/p9QtMr-1KZ","_links":{"self":[{"href":"https:\/\/infolanus.com\/index.php\/wp-json\/wp\/v2\/posts\/6757","targetHints":{"allow":["GET"]}}],"collection":[{"href":"https:\/\/infolanus.com\/index.php\/wp-json\/wp\/v2\/posts"}],"about":[{"href":"https:\/\/infolanus.com\/index.php\/wp-json\/wp\/v2\/types\/post"}],"author":[{"embeddable":true,"href":"https:\/\/infolanus.com\/index.php\/wp-json\/wp\/v2\/users\/2"}],"replies":[{"embeddable":true,"href":"https:\/\/infolanus.com\/index.php\/wp-json\/wp\/v2\/comments?post=6757"}],"version-history":[{"count":0,"href":"https:\/\/infolanus.com\/index.php\/wp-json\/wp\/v2\/posts\/6757\/revisions"}],"wp:featuredmedia":[{"embeddable":true,"href":"https:\/\/infolanus.com\/index.php\/wp-json\/wp\/v2\/media\/6758"}],"wp:attachment":[{"href":"https:\/\/infolanus.com\/index.php\/wp-json\/wp\/v2\/media?parent=6757"}],"wp:term":[{"taxonomy":"category","embeddable":true,"href":"https:\/\/infolanus.com\/index.php\/wp-json\/wp\/v2\/categories?post=6757"},{"taxonomy":"post_tag","embeddable":true,"href":"https:\/\/infolanus.com\/index.php\/wp-json\/wp\/v2\/tags?post=6757"}],"curies":[{"name":"wp","href":"https:\/\/api.w.org\/{rel}","templated":true}]}}