{"id":6783,"date":"2024-03-30T18:10:00","date_gmt":"2024-03-30T21:10:00","guid":{"rendered":"https:\/\/www.ambito.com\/uruguay\/mas-212000-os-viajaron-la-semana-turismo-argentina-como-destino-principal-n5973737"},"modified":"2024-03-30T18:10:00","modified_gmt":"2024-03-30T21:10:00","slug":"mas-de-212-000-uruguayos-viajaron-por-la-semana-de-turismo-con-argentina-como-destino-principal","status":"publish","type":"post","link":"https:\/\/infolanus.com\/index.php\/2024\/03\/30\/mas-de-212-000-uruguayos-viajaron-por-la-semana-de-turismo-con-argentina-como-destino-principal\/","title":{"rendered":"M\u00e1s de 212.000 uruguayos viajaron por la Semana de Turismo, con Argentina como destino principal"},"content":{"rendered":"<p><!-- { REGION4 --> <\/p>\n<header class=\"news-headline\" readability=\"1.848\">\n<div class=\"news-headline__topics-and-date-wrapper\"> <span class=\"news-headline__publication-date\"> 30 de marzo 2024 &#8211; 18:10 <\/span><\/div>\n<h2 class=\"news-headline__article-summary\" readability=\"24\">\n<p>Los egresos superaron a los ingresos al pa\u00eds, seg\u00fan los datos de la Direcci\u00f3n Nacional de Migraciones.<\/p>\n<\/h2>\n<\/header>\n<div class=\"detail-highlighted-multimedia content-protected-false\">\n<figure class=\"detail-highlighted-multimedia__figure\"> <img data-recalc-dims=\"1\" loading=\"lazy\" decoding=\"async\" src=\"https:\/\/i0.wp.com\/media.ambito.com\/p\/d2ce0ff82f39c2882deb8d50b8210dca\/adjuntos\/351\/imagenes\/040\/675\/0040675903\/655x368\/smart\/puente-fray-bentos-argentina.jpg?resize=640%2C360&#038;ssl=1\" class=\"detail-highlighted-multimedia__figure-img img-fluid\" alt=\"Fueron m\u00e1s los egresos que los ingresos durante la Semana de Turismo.\" width=\"640\" height=\"360\"><figcaption class=\"detail-highlighted-multimedia__figcaption\" readability=\"-24\"> <span class=\"detail-highlighted-multimedia__copyright\">Foto: Telemundo<\/span><\/figcaption><\/figure>\n<\/div>\n<article class=\"article-body article-body--first-paragraph content-protected-false\" data-td-script-src=\"https:\/\/www.ambito.com\/td\/modulos\/encuestas\/js\/function-embeds-min-version-1711771630.js\" readability=\"28.386973180077\">\n<p>En el marco de <a href=\"https:\/\/www.ambito.com\/uruguay\/cuanto-falta-el-proximo-feriado-n5973530\" target=\"_blank\" rel=\"follow noopener\">la <strong>Semana del Turismo,<\/strong><\/a> 212.111 personas salieron desde <strong>Uruguay <\/strong>hacia distintos pa\u00edses, de acuerdo a los datos de <strong>turismo emisivo <\/strong>relevados entre el viernes 22 y el viernes 29 por la Direcci\u00f3n Nacional de Migraciones del <strong>Ministerio del Interior.<\/strong><\/p>\n<\/article>\n<article class=\"article-body article-body--second-paragraph content-protected-false\" readability=\"35.855799373041\">\n<p>Pese a la reducci\u00f3n de la <strong><a href=\"https:\/\/www.ambito.com\/uruguay\/efecto-javier-milei-la-brecha-precios-argentina-cayo-casi-un-60-n5939082\" target=\"_blank\" rel=\"follow noopener\">brecha de precios,<\/a> Argentina <\/strong>fue el principal destino elegido por los viajeros durante el fin de semana largo. Por eso no sorprende que los principales puntos de egreso fueran <strong>Paysand\u00fa, <\/strong>con 38.812 personas (18,3%), seguido por <strong>Fray Bentos, <\/strong>con 35.686 (16,82%) y <strong>Colonia, <\/strong>con 33.027 (15,57%).<\/p>\n<\/article>\n<section class=\"related-news\"> <span class=\"related-news__title\">Informate m\u00e1s<\/span> <\/p>\n<div class=\"row row--eq-height\">\n<div class=\"col-12 col-md-6\">\n<article class=\"news-article news-article--landscape-news news-article--landscape-news\">\n<figure class=\"news-article__figure figure\"> <a href=\"https:\/\/www.ambito.com\/uruguay\/la-brecha-precios-se-achica-y-podria-importar-inflacion-dolares-argentina-n5968704\" target title=\"\u00e1mbito.com | La brecha de precios se achica y Uruguay podr\u00eda importar inflaci\u00f3n en d\u00f3lares de Argentina\" alt=\"\u00e1mbito.com | La brecha de precios se achica y Uruguay podr\u00eda importar inflaci\u00f3n en d\u00f3lares de Argentina\" rel=\"noindex nofollow noreferrer\"> <img loading=\"lazy\" decoding=\"async\" src=\"https:\/\/www.ambito.com\/css-custom\/351\/lazy.svg\" data-td-src-property=\"https:\/\/media.ambito.com\/p\/abd81c9e679d00f70cba725f86b3da87\/adjuntos\/351\/imagenes\/041\/394\/0041394336\/93x52\/smart\/inflacion-consumo-changuitojpg.jpg\" alt=\"Un informe de la UCU alert\u00f3 que Uruguay podr\u00eda importar inflaci\u00f3n en d\u00f3lares desde Argentina.\" title=\"Un informe de la UCU alert\u00f3 que Uruguay podr\u00eda importar inflaci\u00f3n en d\u00f3lares desde Argentina.\" width=\"93\" height=\"52\" class=\"news-article__figure-img figure-img img-fluid\"> <\/a><\/figure>\n<\/article><\/div>\n<div class=\"col-12 col-md-6\">\n<article class=\"news-article news-article--landscape-news news-article--landscape-news\">\n<figure class=\"news-article__figure figure\"> <a href=\"https:\/\/www.ambito.com\/uruguay\/cuanto-falta-el-proximo-feriado-n5973530\" target title=\"\u00e1mbito.com | \u00bfCu\u00e1nto falta para el pr\u00f3ximo feriado?\" alt=\"\u00e1mbito.com | \u00bfCu\u00e1nto falta para el pr\u00f3ximo feriado?\" rel=\"noindex nofollow noreferrer\"> <img loading=\"lazy\" decoding=\"async\" src=\"https:\/\/www.ambito.com\/css-custom\/351\/lazy.svg\" data-td-src-property=\"https:\/\/media.ambito.com\/p\/ee4aa4163bbd4c91b9a89b7826286635\/adjuntos\/351\/imagenes\/041\/413\/0041413625\/93x52\/smart\/calendario-feriadosjpg.jpg\" alt=\"Todav\u00eda faltan algunas semanas para el pr\u00f3ximo feriado en Uruguay.\" title=\"Todav\u00eda faltan algunas semanas para el pr\u00f3ximo feriado en Uruguay.\" width=\"93\" height=\"52\" class=\"news-article__figure-img figure-img img-fluid\"> <\/a><\/figure>\n<\/article><\/div>\n<\/div>\n<\/section>\n<article class=\"article-body article-body--third-paragraph content-protected-false\" readability=\"48\">\n<p> Por detr\u00e1s estuvieron el <strong>Aeropuerto Internacional de Carrasco, <\/strong>con 27.338 personas (12,89%), <strong>Salto,<\/strong> 26.297 (12,4%), <strong>R\u00edo Branco, <\/strong>18.489 (8,72%), <strong>Chuy, <\/strong>13.936 (6,57%), el <strong>Puerto de Montevideo, <\/strong>7.358 (3,47%), <strong>Rivera, <\/strong>6.455 (3,04%) y otros puntos, 4.713 (2,22%).<\/p>\n<\/article>\n<article class=\"article-body article-body--fourth-paragraph content-protected-false\" readability=\"30\">\n<h2>\u00bfQu\u00e9 pas\u00f3 con el turismo receptivo?<\/h2>\n<p>Por otra parte, la cantidad de <strong>turistas <\/strong>que ingresaron en ese lapso fue levemente menor a la que sali\u00f3, con un total de 203.697 ciudadanos.<\/p>\n<\/article>\n<article class=\"article-body article-body--remaining-paragraph content-protected-false\" readability=\"57.107309486781\">\n<p>Excluyendo a los <strong>uruguayos, <\/strong>que representaron 97.367 de los ingresos (47,8%), fueron los argentinos los que m\u00e1s se acercaron al pa\u00eds, contabilizando 77.251, un 37,92% del total. Esa situaci\u00f3n no sorprende, luego de haber visto en los \u00faltimos d\u00edas <a href=\"https:\/\/www.ambito.com\/uruguay\/hubo-largas-filas-y-mas-tres-horas-espera-argentinos-que-viajan-n5973098\" target=\"_blank\" rel=\"follow noopener\">importantes filas de ciudadanos<\/a> del pa\u00eds vecino en los <strong>puestos fronterizos, <\/strong>con largas filas y m\u00e1s de tres horas de espera.<\/p>\n<p>Bastante m\u00e1s atr\u00e1s aparecieron los ciudadanos de <strong>Brasil, <\/strong>con 12.180 (5,98%); <strong>Estados Unidos, <\/strong>con 2.507 (1,23%); <strong>Paraguay, <\/strong>con 1.634 (0,8%); <strong>Chile, <\/strong>1.556 (0,76%), <strong>Colombia, <\/strong>1.316 (0,65%), <strong>Per\u00fa, <\/strong>1.220 (0,60%); <strong>Espa\u00f1a, <\/strong>1.184 (0,58%) y otros pa\u00edses, 7.482 (3,67%).<\/p>\n<\/article>\n<p> <!-- REGION4 } --> <\/p>\n","protected":false},"excerpt":{"rendered":"<p>30 de marzo 2024 &#8211; 18:10 Los egresos superaron a los ingresos al pa\u00eds, seg\u00fan los datos de la Direcci\u00f3n Nacional de Migraciones. Foto: Telemundo En el marco de la Semana del Turismo, 212.111 personas salieron desde Uruguay hacia distintos pa\u00edses, de acuerdo a los datos de turismo emisivo relevados entre el viernes 22 y [&hellip;]<\/p>\n","protected":false},"author":2,"featured_media":6784,"comment_status":"closed","ping_status":"closed","sticky":false,"template":"","format":"standard","meta":{"jetpack_post_was_ever_published":false,"_jetpack_newsletter_access":"","_jetpack_dont_email_post_to_subs":false,"_jetpack_newsletter_tier_id":0,"_jetpack_memberships_contains_paywalled_content":false,"_jetpack_memberships_contains_paid_content":false,"footnotes":"","jetpack_publicize_message":"","jetpack_publicize_feature_enabled":true,"jetpack_social_post_already_shared":true,"jetpack_social_options":{"image_generator_settings":{"template":"highway","enabled":false},"version":2}},"categories":[20],"tags":[],"class_list":["post-6783","post","type-post","status-publish","format-standard","has-post-thumbnail","hentry","category-mundo"],"jetpack_publicize_connections":[],"jetpack_featured_media_url":"https:\/\/i0.wp.com\/infolanus.com\/wp-content\/uploads\/2024\/03\/mas-de-212-000-uruguayos-viajaron-por-la-semana-de-turismo-con-argentina-como-destino-principal.jpg?fit=655%2C368&ssl=1","jetpack_sharing_enabled":true,"jetpack_shortlink":"https:\/\/wp.me\/p9QtMr-1Lp","_links":{"self":[{"href":"https:\/\/infolanus.com\/index.php\/wp-json\/wp\/v2\/posts\/6783","targetHints":{"allow":["GET"]}}],"collection":[{"href":"https:\/\/infolanus.com\/index.php\/wp-json\/wp\/v2\/posts"}],"about":[{"href":"https:\/\/infolanus.com\/index.php\/wp-json\/wp\/v2\/types\/post"}],"author":[{"embeddable":true,"href":"https:\/\/infolanus.com\/index.php\/wp-json\/wp\/v2\/users\/2"}],"replies":[{"embeddable":true,"href":"https:\/\/infolanus.com\/index.php\/wp-json\/wp\/v2\/comments?post=6783"}],"version-history":[{"count":0,"href":"https:\/\/infolanus.com\/index.php\/wp-json\/wp\/v2\/posts\/6783\/revisions"}],"wp:featuredmedia":[{"embeddable":true,"href":"https:\/\/infolanus.com\/index.php\/wp-json\/wp\/v2\/media\/6784"}],"wp:attachment":[{"href":"https:\/\/infolanus.com\/index.php\/wp-json\/wp\/v2\/media?parent=6783"}],"wp:term":[{"taxonomy":"category","embeddable":true,"href":"https:\/\/infolanus.com\/index.php\/wp-json\/wp\/v2\/categories?post=6783"},{"taxonomy":"post_tag","embeddable":true,"href":"https:\/\/infolanus.com\/index.php\/wp-json\/wp\/v2\/tags?post=6783"}],"curies":[{"name":"wp","href":"https:\/\/api.w.org\/{rel}","templated":true}]}}