{"id":6797,"date":"2024-04-01T19:53:14","date_gmt":"2024-04-01T22:53:14","guid":{"rendered":"https:\/\/infolanus.com\/index.php\/2024\/04\/01\/buenas-noticias-sobre-la-salud-de-menotti-esta-estable-pero-seguira-internado\/"},"modified":"2024-04-01T19:53:14","modified_gmt":"2024-04-01T22:53:14","slug":"buenas-noticias-sobre-la-salud-de-menotti-esta-estable-pero-seguira-internado","status":"publish","type":"post","link":"https:\/\/infolanus.com\/index.php\/2024\/04\/01\/buenas-noticias-sobre-la-salud-de-menotti-esta-estable-pero-seguira-internado\/","title":{"rendered":"Buenas noticias sobre la salud de Menotti: est\u00e1 &#8220;estable&#8221; pero seguir\u00e1 internado"},"content":{"rendered":"<div class=\"media_block\"><\/div>\n<div><img data-recalc-dims=\"1\" decoding=\"async\" src=\"https:\/\/i0.wp.com\/fotos.perfil.com\/2023\/10\/26\/trim\/1140\/641\/menotti-1684708.jpg?w=640&#038;ssl=1\" class=\"ff-og-image-inserted\"><\/div>\n<p>El \u00faltimo&nbsp;s\u00e1bado se conoci\u00f3 la noticia de la internaci\u00f3n de<strong> <a target=\"_blank\" href=\"https:\/\/442.perfil.com\/noticias\/futbol\/fue-internado-de-urgencia-cesar-luis-menotti-tras-un-cuadro-de-anemia.phtml\" rel=\"noopener\">C\u00e9sar Luis Menotti<\/a>.<\/strong>&nbsp;Sin embargo,&nbsp;afortunadamente en las \u00faltimas horas salieron a la luz buenas noticias sobre su salud.<\/p>\n<p>La preocupaci\u00f3n se hizo presente al confirmarse el ingreso del ex DT de la Selecci\u00f3n Argentina&nbsp;a un sanatorio de la Ciudad de Buenos Aires, donde<strong> tras realizarse algunos estudios termin\u00f3 siendo internado de urgencia.<\/strong><\/p>\n<p>Producto de un <strong>cuadro de tromboflebitis<\/strong>, se le gener\u00f3 una fuerte deshidrataci\u00f3n que complic\u00f3 su salud. Y luego de haberse sentido muy d\u00e9bil en los \u00faltimos d\u00edas, <strong>el <em>Flaco<\/em> tuvo que recibir m\u00e1ximos cuidados.<\/strong><\/p>\n<p>Pero seg\u00fan trascendi\u00f3, <strong>Menotti ha evolucionado muy bien, est\u00e1 estable, y ya se encuentra mejor esperando el alta m\u00e9dica<\/strong>. Lo cual seguramente ocurra en las pr\u00f3ximas horas.<\/p>\n<p>De esta manera, llegan las buenas noticias tras lo acontecido d\u00edas atr\u00e1s y Menotti podr\u00e1 volver a su casa. Aunque<strong> deber\u00e1 seguir recibimiento supervisi\u00f3n m\u00e9dica de ac\u00e1 en adelante.<\/strong><\/p>\n<p>BP<\/p>\n","protected":false},"excerpt":{"rendered":"<p>El \u00faltimo&nbsp;s\u00e1bado se conoci\u00f3 la noticia de la internaci\u00f3n de C\u00e9sar Luis Menotti.&nbsp;Sin embargo,&nbsp;afortunadamente en las \u00faltimas horas salieron a la luz buenas noticias sobre su salud. La preocupaci\u00f3n se hizo presente al confirmarse el ingreso del ex DT de la Selecci\u00f3n Argentina&nbsp;a un sanatorio de la Ciudad de Buenos Aires, donde tras realizarse algunos [&hellip;]<\/p>\n","protected":false},"author":2,"featured_media":6798,"comment_status":"closed","ping_status":"closed","sticky":false,"template":"","format":"standard","meta":{"jetpack_post_was_ever_published":false,"_jetpack_newsletter_access":"","_jetpack_dont_email_post_to_subs":false,"_jetpack_newsletter_tier_id":0,"_jetpack_memberships_contains_paywalled_content":false,"_jetpack_memberships_contains_paid_content":false,"footnotes":"","jetpack_publicize_message":"","jetpack_publicize_feature_enabled":true,"jetpack_social_post_already_shared":true,"jetpack_social_options":{"image_generator_settings":{"template":"highway","enabled":false},"version":2}},"categories":[17],"tags":[],"class_list":["post-6797","post","type-post","status-publish","format-standard","has-post-thumbnail","hentry","category-deportes"],"jetpack_publicize_connections":[],"jetpack_featured_media_url":"https:\/\/i0.wp.com\/infolanus.com\/wp-content\/uploads\/2024\/04\/buenas-noticias-sobre-la-salud-de-menotti-esta-estable-pero-seguira-internado.jpg?fit=1140%2C641&ssl=1","jetpack_sharing_enabled":true,"jetpack_shortlink":"https:\/\/wp.me\/p9QtMr-1LD","_links":{"self":[{"href":"https:\/\/infolanus.com\/index.php\/wp-json\/wp\/v2\/posts\/6797","targetHints":{"allow":["GET"]}}],"collection":[{"href":"https:\/\/infolanus.com\/index.php\/wp-json\/wp\/v2\/posts"}],"about":[{"href":"https:\/\/infolanus.com\/index.php\/wp-json\/wp\/v2\/types\/post"}],"author":[{"embeddable":true,"href":"https:\/\/infolanus.com\/index.php\/wp-json\/wp\/v2\/users\/2"}],"replies":[{"embeddable":true,"href":"https:\/\/infolanus.com\/index.php\/wp-json\/wp\/v2\/comments?post=6797"}],"version-history":[{"count":0,"href":"https:\/\/infolanus.com\/index.php\/wp-json\/wp\/v2\/posts\/6797\/revisions"}],"wp:featuredmedia":[{"embeddable":true,"href":"https:\/\/infolanus.com\/index.php\/wp-json\/wp\/v2\/media\/6798"}],"wp:attachment":[{"href":"https:\/\/infolanus.com\/index.php\/wp-json\/wp\/v2\/media?parent=6797"}],"wp:term":[{"taxonomy":"category","embeddable":true,"href":"https:\/\/infolanus.com\/index.php\/wp-json\/wp\/v2\/categories?post=6797"},{"taxonomy":"post_tag","embeddable":true,"href":"https:\/\/infolanus.com\/index.php\/wp-json\/wp\/v2\/tags?post=6797"}],"curies":[{"name":"wp","href":"https:\/\/api.w.org\/{rel}","templated":true}]}}