{"id":6811,"date":"2024-04-04T18:11:24","date_gmt":"2024-04-04T21:11:24","guid":{"rendered":"https:\/\/infolanus.com\/index.php\/2024\/04\/04\/sebastian-sosa-volvio-a-referirse-a-la-denuncia-por-abuso-sexual-en-su-contra-me-considero-inocente\/"},"modified":"2024-04-04T18:11:24","modified_gmt":"2024-04-04T21:11:24","slug":"sebastian-sosa-volvio-a-referirse-a-la-denuncia-por-abuso-sexual-en-su-contra-me-considero-inocente","status":"publish","type":"post","link":"https:\/\/infolanus.com\/index.php\/2024\/04\/04\/sebastian-sosa-volvio-a-referirse-a-la-denuncia-por-abuso-sexual-en-su-contra-me-considero-inocente\/","title":{"rendered":"Sebasti\u00e1n Sosa volvi\u00f3 a referirse a la denuncia por abuso sexual en su contra: &#8220;Me considero inocente&#8221;"},"content":{"rendered":"<div class=\"media_block\"><\/div>\n<div><img data-recalc-dims=\"1\" decoding=\"async\" src=\"https:\/\/i0.wp.com\/fotos.perfil.com\/2024\/04\/04\/trim\/1140\/641\/sosa-1780116.jpg?w=640&#038;ssl=1\" class=\"ff-og-image-inserted\"><\/div>\n<p>En \u00faltimas horas, la declaraci\u00f3n brindada por <a target=\"_blank\" href=\"https:\/\/442.perfil.com\/noticias\/futbol\/el-tecnico-de-velez-ya-tomo-una-decision-sobre-el-futuro-de-sebastian-sosa-tras-la-denuncia-por-abuso-sexual.phtml\" rel=\"noopener\"><strong>Sebasti\u00e1n Sosa<\/strong>, <\/a>ha generado bastante repercusi\u00f3n. Se debe recordar que el arquero est\u00e1 implicado en una causa relacionada por abuso sexual a una periodista deportiva de 24 a\u00f1os.<\/p>\n<p>Un detalle para tener presente, es que es el \u00fanico deportista que se encuentra en libertad y esto se dio luego de haber pagado una finanza cercana a los 50 millones de pesos tras haber negado su participaci\u00f3n en un suceso que conmocion\u00f3 al <a target=\"_blank\" href=\"https:\/\/442.perfil.com\/noticias\/futbol-femenino\/estefania-banini-revelo-por-que-se-fue-de-la-seleccion-argentina-me-agoto-la-falta-de-interes.phtml\" rel=\"noopener\"><strong>f\u00fatbol argentino.<\/strong><\/a><\/p>\n<p><strong>\u201cReitero lo que dije cuando comenc\u00e9 el relato 70 horas atr\u00e1s.&nbsp;Soy inocente, me considero inocente. No creo haber cometido ning\u00fan delito con invitar a alguien, de participar, a tomar algo, de compartir un momento, de escuchar m\u00fasica\u201d, <\/strong>lo remarc\u00f3 el uruguayo en declaraciones realizadas en los tribunales tucumanos y que fueron compartidas por <em><strong>TN.<\/strong><\/em><\/p>\n<p>En aquel encentro con la Justicia <strong>Sosa<\/strong> tambi\u00e9n declar\u00f3 que hab\u00eda visto a la joven que los denunci\u00f3 visualmente en buenas condiciones. &#8220;<strong>Despu\u00e9s me dorm\u00ed, como ella lo dice, como ella lo reafirma, como yo ratifico, como ratifican los muchachos<\/strong>. <strong>No es que estoy diciendo lo contrario ni nada por el estilo, sino que hasta que te vi visualmente, te vi bien<\/strong>&#8220;, asegur\u00f3.<\/p>\n<p>En esta l\u00ednea, el acusado volvi\u00f3 argumentar que no reconoce lo que sucedi\u00f3 y adem\u00e1s reiter\u00f3 que no se encuentra atravesando por un buen momento.<strong>&nbsp;\u201cLa estamos pasando mal todos. Yo puedo entender que ella la est\u00e9 pasando mal.<\/strong>&nbsp;<strong>Durmiendo en una comisar\u00eda, saliendo esposados, dando una imagen espantosa. 37 a\u00f1os tengo, 20 de carrera y nunca tuve algo como para decir: \u2018este tiene antecedentes de algo o tendencia de algo\u2019. Simplemente defend\u00ed una invitaci\u00f3n y ella lo sabe<\/strong>\u201d, agreg\u00f3.<\/p>\n<p>El futbolista tambi\u00e9n a\u00f1adi\u00f3 que es una persona transparente y honesta y adem\u00e1s asegur\u00f3 nunca haberle mentido a la periodista deportiva.<strong>&nbsp;\u201cFui comprensible cuando me cont\u00f3 lo que le estaba pasando, segu\u00ed conversando con ella, tratando de buscar alg\u00fan tipo de soluci\u00f3n, sin hacer ofrecimiento de plata, sin sobornar, sin ning\u00fan tipo de segunda intenci\u00f3n y ella lo sabe bien\u201d<\/strong>, remarc\u00f3.<\/p>\n<p>En este contexto, el portero, quien fue apartado del plantel profesional de <strong>V\u00e9lez <\/strong>aclar\u00f3 que sus mensajes intercambiados con la victima luego del suceso fueron para ofrecerle ayuda.&nbsp;<\/p>\n<h2>La situaci\u00f3n de los tres implicados<\/h2>\n<p><strong>Braian Cufr\u00e9, Abiel Osorio y Jos\u00e9 Florent\u00edn <\/strong>se encuentran en prisi\u00f3n preventiva domiciliaria luego de la decisi\u00f3n por parte de la jueza que se encuentra a cargo de la investigaci\u00f3n. Se remarca que los acusados tienen prohibido salir del pa\u00eds.<\/p>\n<p><strong>Mar\u00eda Eugenia Posse,<\/strong> fiscal a cargo imput\u00f3 a <strong>Osorio<\/strong> por abuso sexual simple a <strong>Sosa<\/strong> por abuso sexual agravado en calidad de participe secundario.<\/p>\n<p>En este contexto, <strong>Cufre y Florent\u00edn<\/strong> ser\u00edan los m\u00e1s complicados, ya que, tendr\u00edan cargos relacionados con abuso sexual agravado por la participaci\u00f3n de dos o m\u00e1s personas como coautoras del hecho.<\/p>\n<p>GM<\/p>\n","protected":false},"excerpt":{"rendered":"<p>En \u00faltimas horas, la declaraci\u00f3n brindada por Sebasti\u00e1n Sosa, ha generado bastante repercusi\u00f3n. Se debe recordar que el arquero est\u00e1 implicado en una causa relacionada por abuso sexual a una periodista deportiva de 24 a\u00f1os. Un detalle para tener presente, es que es el \u00fanico deportista que se encuentra en libertad y esto se dio [&hellip;]<\/p>\n","protected":false},"author":2,"featured_media":6812,"comment_status":"closed","ping_status":"closed","sticky":false,"template":"","format":"standard","meta":{"jetpack_post_was_ever_published":false,"_jetpack_newsletter_access":"","_jetpack_dont_email_post_to_subs":false,"_jetpack_newsletter_tier_id":0,"_jetpack_memberships_contains_paywalled_content":false,"_jetpack_memberships_contains_paid_content":false,"footnotes":"","jetpack_publicize_message":"","jetpack_publicize_feature_enabled":true,"jetpack_social_post_already_shared":true,"jetpack_social_options":{"image_generator_settings":{"template":"highway","enabled":false},"version":2}},"categories":[17],"tags":[],"class_list":["post-6811","post","type-post","status-publish","format-standard","has-post-thumbnail","hentry","category-deportes"],"jetpack_publicize_connections":[],"jetpack_featured_media_url":"https:\/\/i0.wp.com\/infolanus.com\/wp-content\/uploads\/2024\/04\/sebastian-sosa-volvio-a-referirse-a-la-denuncia-por-abuso-sexual-en-su-contra-me-considero-inocente.jpg?fit=1140%2C641&ssl=1","jetpack_sharing_enabled":true,"jetpack_shortlink":"https:\/\/wp.me\/p9QtMr-1LR","_links":{"self":[{"href":"https:\/\/infolanus.com\/index.php\/wp-json\/wp\/v2\/posts\/6811","targetHints":{"allow":["GET"]}}],"collection":[{"href":"https:\/\/infolanus.com\/index.php\/wp-json\/wp\/v2\/posts"}],"about":[{"href":"https:\/\/infolanus.com\/index.php\/wp-json\/wp\/v2\/types\/post"}],"author":[{"embeddable":true,"href":"https:\/\/infolanus.com\/index.php\/wp-json\/wp\/v2\/users\/2"}],"replies":[{"embeddable":true,"href":"https:\/\/infolanus.com\/index.php\/wp-json\/wp\/v2\/comments?post=6811"}],"version-history":[{"count":0,"href":"https:\/\/infolanus.com\/index.php\/wp-json\/wp\/v2\/posts\/6811\/revisions"}],"wp:featuredmedia":[{"embeddable":true,"href":"https:\/\/infolanus.com\/index.php\/wp-json\/wp\/v2\/media\/6812"}],"wp:attachment":[{"href":"https:\/\/infolanus.com\/index.php\/wp-json\/wp\/v2\/media?parent=6811"}],"wp:term":[{"taxonomy":"category","embeddable":true,"href":"https:\/\/infolanus.com\/index.php\/wp-json\/wp\/v2\/categories?post=6811"},{"taxonomy":"post_tag","embeddable":true,"href":"https:\/\/infolanus.com\/index.php\/wp-json\/wp\/v2\/tags?post=6811"}],"curies":[{"name":"wp","href":"https:\/\/api.w.org\/{rel}","templated":true}]}}