{"id":6829,"date":"2024-04-08T10:22:04","date_gmt":"2024-04-08T13:22:04","guid":{"rendered":"https:\/\/infolanus.com\/index.php\/2024\/04\/08\/braian-cufre-recibio-otra-denuncia-de-abuso-sexual-tras-el-escandalo-en-tucuman\/"},"modified":"2024-04-08T10:22:04","modified_gmt":"2024-04-08T13:22:04","slug":"braian-cufre-recibio-otra-denuncia-de-abuso-sexual-tras-el-escandalo-en-tucuman","status":"publish","type":"post","link":"https:\/\/infolanus.com\/index.php\/2024\/04\/08\/braian-cufre-recibio-otra-denuncia-de-abuso-sexual-tras-el-escandalo-en-tucuman\/","title":{"rendered":"Braian Cufr\u00e9 recibi\u00f3 otra denuncia de abuso sexual tras el esc\u00e1ndalo en Tucum\u00e1n"},"content":{"rendered":"<div class=\"media_block\"><\/div>\n<div><img data-recalc-dims=\"1\" decoding=\"async\" src=\"https:\/\/i0.wp.com\/fotos.perfil.com\/2024\/04\/08\/trim\/1140\/641\/braian-cufre-1781406.jpg?w=640&#038;ssl=1\" class=\"ff-og-image-inserted\"><\/div>\n<p><a target=\"_blank\" href=\"https:\/\/442.perfil.com\/noticias\/futbol\/abuso-sexual-en-velez-se-revelo-un-video-inedito-de-florentin-y-cufre-en-el-hotel.phtml\" rel=\"noopener\"><strong>Braian Cufr\u00e9<\/strong><\/a>, el jugador de <a target=\"_blank\" href=\"https:\/\/442.perfil.com\/noticias\/futbol\/uno-por-uno-que-dijeron-los-jugadores-de-velez-denunciados-por-abuso-sexual-en-su-defensa.phtml\" rel=\"noopener\"><strong>V\u00e9lez <\/strong><\/a>que se encuentra detenido en Tucum\u00e1n tas ser&nbsp;<strong>denunciado por abuso sexual<\/strong>&nbsp;junto a otros futbolistas del club de Liniers,&nbsp;<strong>recibi\u00f3 ahora una denuncia de otra joven por el mismo delito cometido en 2017.<\/strong><\/p>\n<p><strong>La denuncia fue presentada la semana pasada por una joven de 25 a\u00f1os<\/strong>&nbsp;en una comisar\u00eda del barrio porte\u00f1o de Palermo y qued\u00f3 a cargo de un juzgado en lo penal de Capital Federal y, en la misma presentaci\u00f3n, acus\u00f3 tambi\u00e9n por abuso sexual a <strong>Fabricio Oscar Alvarenga<\/strong>.&nbsp;<\/p>\n<p>Seg\u00fan fuentes judiciales consultadas, la joven ten\u00eda una relaci\u00f3n sentimental con <strong>Cufr\u00e9<\/strong>, quien en 2017 le propuso hacer un tr\u00edo sexual con <strong>Alvarenga <\/strong>a lo que ella se hab\u00eda negado.<\/p>\n<p>Pero un d\u00eda determinado, la joven fue a la casa de <strong>Cufr\u00e9 <\/strong>y all\u00ed habr\u00eda sido abusada sexualmente tal cual indica en la denuncia hecha.&nbsp;<\/p>\n<h2>Cufr\u00e9, uno de los implicados por el caso de abuso sexual en V\u00e9lez en Tucum\u00e1n<\/h2>\n<p>Mientras tanto, <strong>Cufr\u00e9 <\/strong>al igual que <a target=\"_blank\" href=\"https:\/\/442.perfil.com\/noticias\/futbol\/cuantos-anos-de-carcel-podria-recibir-cada-uno-de-velez-por-el-abuso-sexual-a-una-periodista.phtml\" rel=\"noopener\"><strong>Abiel Osorio <\/strong>y <\/a><strong><a target=\"_blank\" href=\"https:\/\/442.perfil.com\/noticias\/futbol\/cuantos-anos-de-carcel-podria-recibir-cada-uno-de-velez-por-el-abuso-sexual-a-una-periodista.phtml\" rel=\"noopener\">Jos\u00e9 Florent\u00edn<\/a> <\/strong>est\u00e1n con arresto domiciliario y tobillera electr\u00f3nica al ser acusados por un abuso sexual cometido en Tucum\u00e1n, cuando estaban concentrados en un hotel de la provincia tras disputar un partido frente a Atl\u00e9tico. La situaci\u00f3n podr\u00eda mantenerse hasta el juicio oral y p\u00fablico el cual a\u00fan no tiene fecha.&nbsp;<\/p>\n<p>En el caso, la jueza Eliana G\u00f3mez Moreira&nbsp;rechaz\u00f3&nbsp;el recurso de impugnaci\u00f3n presentado por los abogados defensores de los tres futbolistas.&nbsp;<strong>Florent\u00edn <\/strong>y <strong>Cufr\u00e9<\/strong>, fueron imputados por abuso sexual con acceso carnal, agravado por dos o m\u00e1s personas, mientras que Osorio, es acusado de abuso sexual simple.<\/p>\n<h2>La situaci\u00f3n de Sebasti\u00e1n Sosa<\/h2>\n<p>Por su parte, <a target=\"_blank\" href=\"https:\/\/442.perfil.com\/noticias\/futbol\/el-detalle-que-salva-y-diferencia-a-sebastian-sosa-de-los-otros-tres-jugadores-de-velez-acusado-de-abuso-sexual.phtml\" rel=\"noopener\"><strong>Sebasti\u00e1n<\/strong> <strong>Sosa<\/strong><\/a>, quien est\u00e1 imputado como part\u00edcipe secundario,&nbsp;<strong> esperar\u00e1 el veredicto en libertad condicional, con la obligaci\u00f3n de presentarse cada 15 d\u00edas en Tucum\u00e1n y no podr\u00e1&nbsp;salir del pa\u00eds por 90 d\u00edas<\/strong>.<\/p>\n<p>Seg\u00fan la denuncia hecha en Tucum\u00e1n por una joven de 24 a\u00f1os, ella fue contactada por <strong>Sosa <\/strong>y, cuando fue a la habitaci\u00f3n del hotel en el que estaban concentrados, fue abusada sexualmente a principios de marzo.<\/p>\n<p>SP<\/p>\n","protected":false},"excerpt":{"rendered":"<p>Braian Cufr\u00e9, el jugador de V\u00e9lez que se encuentra detenido en Tucum\u00e1n tas ser&nbsp;denunciado por abuso sexual&nbsp;junto a otros futbolistas del club de Liniers,&nbsp;recibi\u00f3 ahora una denuncia de otra joven por el mismo delito cometido en 2017. La denuncia fue presentada la semana pasada por una joven de 25 a\u00f1os&nbsp;en una comisar\u00eda del barrio porte\u00f1o [&hellip;]<\/p>\n","protected":false},"author":2,"featured_media":6830,"comment_status":"closed","ping_status":"closed","sticky":false,"template":"","format":"standard","meta":{"jetpack_post_was_ever_published":false,"_jetpack_newsletter_access":"","_jetpack_dont_email_post_to_subs":false,"_jetpack_newsletter_tier_id":0,"_jetpack_memberships_contains_paywalled_content":false,"_jetpack_memberships_contains_paid_content":false,"footnotes":"","jetpack_publicize_message":"","jetpack_publicize_feature_enabled":true,"jetpack_social_post_already_shared":true,"jetpack_social_options":{"image_generator_settings":{"template":"highway","enabled":false},"version":2}},"categories":[17],"tags":[],"class_list":["post-6829","post","type-post","status-publish","format-standard","has-post-thumbnail","hentry","category-deportes"],"jetpack_publicize_connections":[],"jetpack_featured_media_url":"https:\/\/i0.wp.com\/infolanus.com\/wp-content\/uploads\/2024\/04\/braian-cufre-recibio-otra-denuncia-de-abuso-sexual-tras-el-escandalo-en-tucuman.jpg?fit=1140%2C641&ssl=1","jetpack_sharing_enabled":true,"jetpack_shortlink":"https:\/\/wp.me\/p9QtMr-1M9","_links":{"self":[{"href":"https:\/\/infolanus.com\/index.php\/wp-json\/wp\/v2\/posts\/6829","targetHints":{"allow":["GET"]}}],"collection":[{"href":"https:\/\/infolanus.com\/index.php\/wp-json\/wp\/v2\/posts"}],"about":[{"href":"https:\/\/infolanus.com\/index.php\/wp-json\/wp\/v2\/types\/post"}],"author":[{"embeddable":true,"href":"https:\/\/infolanus.com\/index.php\/wp-json\/wp\/v2\/users\/2"}],"replies":[{"embeddable":true,"href":"https:\/\/infolanus.com\/index.php\/wp-json\/wp\/v2\/comments?post=6829"}],"version-history":[{"count":0,"href":"https:\/\/infolanus.com\/index.php\/wp-json\/wp\/v2\/posts\/6829\/revisions"}],"wp:featuredmedia":[{"embeddable":true,"href":"https:\/\/infolanus.com\/index.php\/wp-json\/wp\/v2\/media\/6830"}],"wp:attachment":[{"href":"https:\/\/infolanus.com\/index.php\/wp-json\/wp\/v2\/media?parent=6829"}],"wp:term":[{"taxonomy":"category","embeddable":true,"href":"https:\/\/infolanus.com\/index.php\/wp-json\/wp\/v2\/categories?post=6829"},{"taxonomy":"post_tag","embeddable":true,"href":"https:\/\/infolanus.com\/index.php\/wp-json\/wp\/v2\/tags?post=6829"}],"curies":[{"name":"wp","href":"https:\/\/api.w.org\/{rel}","templated":true}]}}