{"id":6851,"date":"2024-04-11T22:47:01","date_gmt":"2024-04-12T01:47:01","guid":{"rendered":"https:\/\/infolanus.com\/index.php\/2024\/04\/11\/claudio-echeverri-marco-su-primer-gol-en-la-copa-libertadores-es-el-tercer-jugador-mas-joven-de-river-en-anotar-en-esta-competicion\/"},"modified":"2024-04-11T22:47:01","modified_gmt":"2024-04-12T01:47:01","slug":"claudio-echeverri-marco-su-primer-gol-en-la-copa-libertadores-es-el-tercer-jugador-mas-joven-de-river-en-anotar-en-esta-competicion","status":"publish","type":"post","link":"https:\/\/infolanus.com\/index.php\/2024\/04\/11\/claudio-echeverri-marco-su-primer-gol-en-la-copa-libertadores-es-el-tercer-jugador-mas-joven-de-river-en-anotar-en-esta-competicion\/","title":{"rendered":"Claudio Echeverri marc\u00f3 su primer gol en la Copa Libertadores: es el tercer jugador m\u00e1s joven de River en anotar en esta competici\u00f3n"},"content":{"rendered":"<div class=\"media_block\"><\/div>\n<div><img data-recalc-dims=\"1\" decoding=\"async\" src=\"https:\/\/i0.wp.com\/fotos.perfil.com\/2024\/04\/12\/trim\/1140\/641\/echeverri-1784112.jpg?w=640&#038;ssl=1\" class=\"ff-og-image-inserted\"><\/div>\n<p><a target=\"_blank\" href=\"https:\/\/442.perfil.com\/noticias\/futbol\/el-diablito-echeverri-amargo-la-alegria-millonaria-no-voy-a-renovar-con-river.phtml\" rel=\"noopener\"><strong>Claudio <em>Diablito <\/em>Echeverri<\/strong> <\/a>marc\u00f3 su<strong> primer gol en la<a target=\"_blank\" href=\"https:\/\/442.perfil.com\/noticias\/futbol\/river-quiere-encadenar-otro-triunfo-en-copa-libertadores-ante-nacional-hora-tv-y-formaciones.phtml\" rel=\"noopener\"> Copa Libertadores <\/a>con la camiseta de <a target=\"_blank\" href=\"https:\/\/442.perfil.com\/noticias\/futbol\/cuestion-de-millones-river-y-boca-desesperados-por-formar-parte-del-nuevo-mundial-de-clubes.phtml\" rel=\"noopener\">River Plate<\/a>&nbsp;<\/strong>y se convirti\u00f3 en<strong> el tercer jugador m\u00e1s joven&nbsp;<em>Millonario <\/em>en anotar en la m\u00e1xima competencia continental<\/strong>.<\/p>\n<p>Por la segunda fecha del <strong>Grupo H<\/strong>, y luego de su debut en <strong>Venezuela<\/strong>, <strong>el argentino marc\u00f3 el 1-0 ante Nacional de Uruguay en el Monumental<\/strong>.<\/p>\n<p>A los 15 minutos del primer tiempo,<strong> Echeverri recibi\u00f3 la pelota fuera del \u00e1rea y meti\u00f3 un bombazo bajo por la izquierda<\/strong>, imposible para el arquero<strong> Luis Mej\u00eda<\/strong>.<\/p>\n<p>Adem\u00e1s, seg\u00fan las estad\u00edsticas, <strong>el joven de 18 a\u00f1os y 100 d\u00edas se convirti\u00f3 en el tercer jugador m\u00e1s joven en la historia de River en marcar un gol en la Libertadores<\/strong>. Solamente es superado por <strong>Fernando Cavenaghi, con 17 a\u00f1os y 166 d\u00edas<\/strong>, y J<strong>avier Saviola, quien marc\u00f3 teniendo 17 a\u00f1os y 75 d\u00edas de vida<\/strong>.<\/p>\n<p>Sin dudas,<strong> esto responde el por qu\u00e9 lo compr\u00f3 el Manchester City<\/strong>, club donde limita el ex de <strong>N\u00fa\u00f1ez,<\/strong> <strong>Juli\u00e1n \u00c1lvarez<\/strong>, por una <strong>suma estimada a los 25 millones de euros<\/strong>.<\/p>\n<p>FMZ<\/p>\n","protected":false},"excerpt":{"rendered":"<p>Claudio Diablito Echeverri marc\u00f3 su primer gol en la Copa Libertadores con la camiseta de River Plate&nbsp;y se convirti\u00f3 en el tercer jugador m\u00e1s joven&nbsp;Millonario en anotar en la m\u00e1xima competencia continental. Por la segunda fecha del Grupo H, y luego de su debut en Venezuela, el argentino marc\u00f3 el 1-0 ante Nacional de Uruguay [&hellip;]<\/p>\n","protected":false},"author":2,"featured_media":6852,"comment_status":"closed","ping_status":"closed","sticky":false,"template":"","format":"standard","meta":{"jetpack_post_was_ever_published":false,"_jetpack_newsletter_access":"","_jetpack_dont_email_post_to_subs":false,"_jetpack_newsletter_tier_id":0,"_jetpack_memberships_contains_paywalled_content":false,"_jetpack_memberships_contains_paid_content":false,"footnotes":"","jetpack_publicize_message":"","jetpack_publicize_feature_enabled":true,"jetpack_social_post_already_shared":true,"jetpack_social_options":{"image_generator_settings":{"template":"highway","enabled":false},"version":2}},"categories":[17],"tags":[],"class_list":["post-6851","post","type-post","status-publish","format-standard","has-post-thumbnail","hentry","category-deportes"],"jetpack_publicize_connections":[],"jetpack_featured_media_url":"https:\/\/i0.wp.com\/infolanus.com\/wp-content\/uploads\/2024\/04\/claudio-echeverri-marco-su-primer-gol-en-la-copa-libertadores-es-el-tercer-jugador-mas-joven-de-river-en-anotar-en-esta-competicion.jpg?fit=1140%2C641&ssl=1","jetpack_sharing_enabled":true,"jetpack_shortlink":"https:\/\/wp.me\/p9QtMr-1Mv","_links":{"self":[{"href":"https:\/\/infolanus.com\/index.php\/wp-json\/wp\/v2\/posts\/6851","targetHints":{"allow":["GET"]}}],"collection":[{"href":"https:\/\/infolanus.com\/index.php\/wp-json\/wp\/v2\/posts"}],"about":[{"href":"https:\/\/infolanus.com\/index.php\/wp-json\/wp\/v2\/types\/post"}],"author":[{"embeddable":true,"href":"https:\/\/infolanus.com\/index.php\/wp-json\/wp\/v2\/users\/2"}],"replies":[{"embeddable":true,"href":"https:\/\/infolanus.com\/index.php\/wp-json\/wp\/v2\/comments?post=6851"}],"version-history":[{"count":0,"href":"https:\/\/infolanus.com\/index.php\/wp-json\/wp\/v2\/posts\/6851\/revisions"}],"wp:featuredmedia":[{"embeddable":true,"href":"https:\/\/infolanus.com\/index.php\/wp-json\/wp\/v2\/media\/6852"}],"wp:attachment":[{"href":"https:\/\/infolanus.com\/index.php\/wp-json\/wp\/v2\/media?parent=6851"}],"wp:term":[{"taxonomy":"category","embeddable":true,"href":"https:\/\/infolanus.com\/index.php\/wp-json\/wp\/v2\/categories?post=6851"},{"taxonomy":"post_tag","embeddable":true,"href":"https:\/\/infolanus.com\/index.php\/wp-json\/wp\/v2\/tags?post=6851"}],"curies":[{"name":"wp","href":"https:\/\/api.w.org\/{rel}","templated":true}]}}