{"id":6878,"date":"2024-04-16T18:53:07","date_gmt":"2024-04-16T21:53:07","guid":{"rendered":"https:\/\/www.inforegion.com.ar\/?p=302087"},"modified":"2024-04-16T18:53:07","modified_gmt":"2024-04-16T21:53:07","slug":"se-fugo-un-preso-de-una-comisaria-en-lanus-y-detuvieron-a-un-comisario-y-a-una-oficial","status":"publish","type":"post","link":"https:\/\/infolanus.com\/index.php\/2024\/04\/16\/se-fugo-un-preso-de-una-comisaria-en-lanus-y-detuvieron-a-un-comisario-y-a-una-oficial\/","title":{"rendered":"Se fug\u00f3 un preso de una comisar\u00eda en Lan\u00fas y detuvieron a un comisario y a una oficial"},"content":{"rendered":"<div><img data-recalc-dims=\"1\" decoding=\"async\" src=\"https:\/\/i0.wp.com\/www.inforegion.com.ar\/wp-content\/uploads\/2024\/04\/Fuga-de-presos-en-Lanus.jpg?w=640&#038;ssl=1\" class=\"ff-og-image-inserted\"><\/div>\n<p><strong>Un delincuente logr\u00f3 fugarse de la comisar\u00eda Sexta de&nbsp;<\/strong><a href=\"https:\/\/noticiasargentinas.com\/sociedad\/murio-una-nena-de-11-anos-tras-un-robo-cuando-iba-al-colegio-en-lanus\"><strong>Lan\u00fas<\/strong><\/a>, donde estaba bajo arresto por<strong>&nbsp;<\/strong>resistencia a la autoridad y lesiones agravadas por el v\u00ednculo, lo que&nbsp;<strong>llev\u00f3 a la detenci\u00f3n inmediata de una oficial y el comisario de la secci\u00f3n.<\/strong><\/p>\n<p><strong>Gabriel Ezequiel Santos Rosa, de 32 a\u00f1os<\/strong>, se encontraba en el sector del calabozo, en la \u00faltima celda, a la espera de su traslado a otra dependencia policial.&nbsp;<strong>La fuga dej\u00f3 dos candados violentados: el de su celda y el de la puerta de entrada.<\/strong><\/p>\n<p>La gravedad del incidente llev\u00f3 al magistrado a convocar a <strong>Asuntos Internos y ordenar la detenci\u00f3n del comisario y la oficial implicados.<\/strong><\/p>\n<p>Se les&nbsp;<strong>imputan cargos por desobediencia a la autoridad, incumplimiento de los deberes de funcionario p\u00fablico y favorecimiento a la evasi\u00f3n.<\/strong><\/p>\n<p>Este caso se suma a la preocupante tendencia de fugas en las comisar\u00edas <strong>poniendo en evidencia la sobrepoblaci\u00f3n de detenidos en las dependencias policiales.<\/strong><\/p>\n","protected":false},"excerpt":{"rendered":"<p>Un delincuente logr\u00f3 fugarse de la comisar\u00eda Sexta de&nbsp;Lan\u00fas, donde estaba bajo arresto por&nbsp;resistencia a la autoridad y lesiones agravadas por el v\u00ednculo, lo que&nbsp;llev\u00f3 a la detenci\u00f3n inmediata de una oficial y el comisario de la secci\u00f3n. Gabriel Ezequiel Santos Rosa, de 32 a\u00f1os, se encontraba en el sector del calabozo, en la \u00faltima [&hellip;]<\/p>\n","protected":false},"author":2,"featured_media":6879,"comment_status":"closed","ping_status":"closed","sticky":false,"template":"","format":"standard","meta":{"jetpack_post_was_ever_published":false,"_jetpack_newsletter_access":"","_jetpack_dont_email_post_to_subs":false,"_jetpack_newsletter_tier_id":0,"_jetpack_memberships_contains_paywalled_content":false,"_jetpack_memberships_contains_paid_content":false,"footnotes":"","jetpack_publicize_message":"","jetpack_publicize_feature_enabled":true,"jetpack_social_post_already_shared":true,"jetpack_social_options":{"image_generator_settings":{"template":"highway","enabled":false},"version":2}},"categories":[19,547],"tags":[773,774,1658,23,822],"class_list":["post-6878","post","type-post","status-publish","format-standard","has-post-thumbnail","hentry","category-municipio","category-policiales","tag-centrales","tag-destacadas","tag-fuga-de-presos","tag-lanus","tag-policiales"],"jetpack_publicize_connections":[],"jetpack_featured_media_url":"https:\/\/i0.wp.com\/infolanus.com\/wp-content\/uploads\/2024\/04\/se-fugo-un-preso-de-una-comisaria-en-lanus-y-detuvieron-a-un-comisario-y-a-una-oficial.jpg?fit=1200%2C675&ssl=1","jetpack_sharing_enabled":true,"jetpack_shortlink":"https:\/\/wp.me\/p9QtMr-1MW","_links":{"self":[{"href":"https:\/\/infolanus.com\/index.php\/wp-json\/wp\/v2\/posts\/6878","targetHints":{"allow":["GET"]}}],"collection":[{"href":"https:\/\/infolanus.com\/index.php\/wp-json\/wp\/v2\/posts"}],"about":[{"href":"https:\/\/infolanus.com\/index.php\/wp-json\/wp\/v2\/types\/post"}],"author":[{"embeddable":true,"href":"https:\/\/infolanus.com\/index.php\/wp-json\/wp\/v2\/users\/2"}],"replies":[{"embeddable":true,"href":"https:\/\/infolanus.com\/index.php\/wp-json\/wp\/v2\/comments?post=6878"}],"version-history":[{"count":0,"href":"https:\/\/infolanus.com\/index.php\/wp-json\/wp\/v2\/posts\/6878\/revisions"}],"wp:featuredmedia":[{"embeddable":true,"href":"https:\/\/infolanus.com\/index.php\/wp-json\/wp\/v2\/media\/6879"}],"wp:attachment":[{"href":"https:\/\/infolanus.com\/index.php\/wp-json\/wp\/v2\/media?parent=6878"}],"wp:term":[{"taxonomy":"category","embeddable":true,"href":"https:\/\/infolanus.com\/index.php\/wp-json\/wp\/v2\/categories?post=6878"},{"taxonomy":"post_tag","embeddable":true,"href":"https:\/\/infolanus.com\/index.php\/wp-json\/wp\/v2\/tags?post=6878"}],"curies":[{"name":"wp","href":"https:\/\/api.w.org\/{rel}","templated":true}]}}