{"id":6886,"date":"2024-04-18T23:06:11","date_gmt":"2024-04-19T02:06:11","guid":{"rendered":"https:\/\/infolanus.com\/index.php\/2024\/04\/18\/el-pato-fillol-recupero-la-medalla-de-campeon-del-mundo-de-1978\/"},"modified":"2024-04-18T23:06:11","modified_gmt":"2024-04-19T02:06:11","slug":"el-pato-fillol-recupero-la-medalla-de-campeon-del-mundo-de-1978","status":"publish","type":"post","link":"https:\/\/infolanus.com\/index.php\/2024\/04\/18\/el-pato-fillol-recupero-la-medalla-de-campeon-del-mundo-de-1978\/","title":{"rendered":"El &#8220;Pato&#8221; Fillol recuper\u00f3 la medalla de campe\u00f3n del mundo de 1978"},"content":{"rendered":"<div class=\"media_block\"><\/div>\n<div><img data-recalc-dims=\"1\" decoding=\"async\" src=\"https:\/\/i0.wp.com\/fotos.perfil.com\/2024\/04\/19\/trim\/1140\/641\/ubaldo-fillol-1788076.jpg?w=640&#038;ssl=1\" class=\"ff-og-image-inserted\"><\/div>\n<p>La historia argentina sonr\u00ede: <a target=\"_blank\" href=\"https:\/\/442.perfil.com\/noticias\/futbol\/asaltaron-al-pato-fillol-entraron-en-su-domicilio-y-le-robaron-la-medalla-de-campeon-del-mundo.phtml\" rel=\"noopener\"><strong>Ubaldo <em>Pato <\/em>Fillol recuper\u00f3 la medalla de campe\u00f3n del Mundial 1978<\/strong><\/a>, la cu\u00e1l <strong>le hab\u00edan robado<\/strong> junto a unas cuantas pertenencias personales.<\/p>\n<p>Mediante sus redes sociales oficiales, <strong>y luego de m\u00e1s de un mes de haber sufrido el robo<\/strong>, el ex arquero de la <strong><a target=\"_blank\" href=\"https:\/\/442.perfil.com\/noticias\/futbol\/argentina-foco-principal-de-las-competiciones-europeas-como-les-fue-a-los-futbolistas-nacionales-y-quienes-siguen-para-las-semifinales.phtml\" rel=\"noopener\">Selecci\u00f3n Nacional<\/a>&nbsp;confirm\u00f3 la recuperaci\u00f3n de este objeto hist\u00f3rico para \u00e9l y para toda <a target=\"_blank\" href=\"https:\/\/442.perfil.com\/noticias\/seleccion-argentina\/la-seleccion-argentina-cierra-su-gira-por-estados-unidos-ante-costa-rica-hora-tv-y-formaciones.phtml\" rel=\"noopener\">Argentina<\/a><\/strong>.<\/p>\n<p><strong>&#8220;Es un d\u00eda muy especial, hay noticias de aquel robo brutal que tuve hace un mes. Quiero agradecerles al jefe de polic\u00eda de la Ciudad, Diego Kravetz, a la dependencia a cargo de la Divisi\u00f3n Robos y Hurtos Sur, que estuvieron ah\u00ed en todo momento. Ni hablar del apoyo personal que tuve del doctor Fernando Burlando, que en todo momento estuvo trabajando y llev\u00f3 esto a buen t\u00e9rmino<\/strong>&#8220;, comenz\u00f3 agradeciendo el ex <strong>River<\/strong>.<\/p>\n<p><strong>&#8220;Hubo allanamientos en el d\u00eda de hoy. Hay detenidos y se recuperaron los objetos perdidos, esa cosa maravillosa, la pude recuperar. Mucho m\u00e1s no puedo hablar.&nbsp;<\/strong>Cualquier informaci\u00f3n a nivel period\u00edstico deben dirigirse al doctor <strong>Burlando<\/strong>&#8220;, sigui\u00f3 expresando el campe\u00f3n del mundo con <strong>Argentina <\/strong>en <strong>1978<\/strong>.<\/p>\n<p>Adem\u00e1s, el ex arquero considerado <em>el mejor de la historia argentina<\/em> agreg\u00f3: &#8220;<strong>A la gente del arco pol\u00edtico, del \u00e1mbito privado. Arco pol\u00edtico a nivel nacional y provincial, tuve el apoyo de todos, no solo de la gente del f\u00fatbol<\/strong>. Muchas gracias. <strong>Estoy feliz<\/strong>. Espero con mi familia no repetir esta fea experiencia, que es la s\u00e9ptima vez que la padecimos&#8221;.<\/p>\n<h2>C\u00f3mo hab\u00eda sido su robo<\/h2>\n<p>&nbsp;Todo sucedi\u00f3 cuando <strong>Fillol <\/strong>estuvo cenando, junto a su familia, en el club de <strong>V\u00e9lez Sarsfield<\/strong>. All\u00ed, cuando finaliz\u00f3 la cena,<strong> se dirigi\u00f3 a su autom\u00f3vil y, desgraciadamente, observ\u00f3 que le hab\u00edan robado las llaves de su casa<\/strong>.<\/p>\n<p>Tras horas de incertidumbre, el arquero se dirigi\u00f3 a su hogar y se dio cuenta de lo peor: <strong>su vivienda estaba desalojada y sin el objeto m\u00e1s preciado de su carrera futbol\u00edstica: la medalla de campe\u00f3n mundial de 1978<\/strong>.<\/p>\n<p>Es por eso que el <em><strong>Pato&nbsp;<\/strong><\/em>hab\u00eda ofrecido <strong>un reconocimiento&nbsp;econ\u00f3mico para recuperar su medalla<\/strong>.<\/p>\n<p>FMZ<\/p>\n","protected":false},"excerpt":{"rendered":"<p>La historia argentina sonr\u00ede: Ubaldo Pato Fillol recuper\u00f3 la medalla de campe\u00f3n del Mundial 1978, la cu\u00e1l le hab\u00edan robado junto a unas cuantas pertenencias personales. Mediante sus redes sociales oficiales, y luego de m\u00e1s de un mes de haber sufrido el robo, el ex arquero de la Selecci\u00f3n Nacional&nbsp;confirm\u00f3 la recuperaci\u00f3n de este objeto [&hellip;]<\/p>\n","protected":false},"author":2,"featured_media":6887,"comment_status":"closed","ping_status":"closed","sticky":false,"template":"","format":"standard","meta":{"jetpack_post_was_ever_published":false,"_jetpack_newsletter_access":"","_jetpack_dont_email_post_to_subs":false,"_jetpack_newsletter_tier_id":0,"_jetpack_memberships_contains_paywalled_content":false,"_jetpack_memberships_contains_paid_content":false,"footnotes":"","jetpack_publicize_message":"","jetpack_publicize_feature_enabled":true,"jetpack_social_post_already_shared":true,"jetpack_social_options":{"image_generator_settings":{"template":"highway","enabled":false},"version":2}},"categories":[17],"tags":[],"class_list":["post-6886","post","type-post","status-publish","format-standard","has-post-thumbnail","hentry","category-deportes"],"jetpack_publicize_connections":[],"jetpack_featured_media_url":"https:\/\/i0.wp.com\/infolanus.com\/wp-content\/uploads\/2024\/04\/el-pato-fillol-recupero-la-medalla-de-campeon-del-mundo-de-1978.jpg?fit=1140%2C641&ssl=1","jetpack_sharing_enabled":true,"jetpack_shortlink":"https:\/\/wp.me\/p9QtMr-1N4","_links":{"self":[{"href":"https:\/\/infolanus.com\/index.php\/wp-json\/wp\/v2\/posts\/6886","targetHints":{"allow":["GET"]}}],"collection":[{"href":"https:\/\/infolanus.com\/index.php\/wp-json\/wp\/v2\/posts"}],"about":[{"href":"https:\/\/infolanus.com\/index.php\/wp-json\/wp\/v2\/types\/post"}],"author":[{"embeddable":true,"href":"https:\/\/infolanus.com\/index.php\/wp-json\/wp\/v2\/users\/2"}],"replies":[{"embeddable":true,"href":"https:\/\/infolanus.com\/index.php\/wp-json\/wp\/v2\/comments?post=6886"}],"version-history":[{"count":0,"href":"https:\/\/infolanus.com\/index.php\/wp-json\/wp\/v2\/posts\/6886\/revisions"}],"wp:featuredmedia":[{"embeddable":true,"href":"https:\/\/infolanus.com\/index.php\/wp-json\/wp\/v2\/media\/6887"}],"wp:attachment":[{"href":"https:\/\/infolanus.com\/index.php\/wp-json\/wp\/v2\/media?parent=6886"}],"wp:term":[{"taxonomy":"category","embeddable":true,"href":"https:\/\/infolanus.com\/index.php\/wp-json\/wp\/v2\/categories?post=6886"},{"taxonomy":"post_tag","embeddable":true,"href":"https:\/\/infolanus.com\/index.php\/wp-json\/wp\/v2\/tags?post=6886"}],"curies":[{"name":"wp","href":"https:\/\/api.w.org\/{rel}","templated":true}]}}