{"id":6888,"date":"2024-04-18T11:51:33","date_gmt":"2024-04-18T14:51:33","guid":{"rendered":"https:\/\/www.inforegion.com.ar\/?p=302174"},"modified":"2024-04-18T11:51:33","modified_gmt":"2024-04-18T14:51:33","slug":"jornada-sobre-la-inclusion-en-lanus","status":"publish","type":"post","link":"https:\/\/infolanus.com\/index.php\/2024\/04\/18\/jornada-sobre-la-inclusion-en-lanus\/","title":{"rendered":"Jornada sobre la inclusi\u00f3n en Lan\u00fas"},"content":{"rendered":"<div><img data-recalc-dims=\"1\" decoding=\"async\" src=\"https:\/\/i0.wp.com\/www.inforegion.com.ar\/wp-content\/uploads\/2024\/04\/Jornada.jpg?w=640&#038;ssl=1\" class=\"ff-og-image-inserted\"><\/div>\n<p>La Pastoral para la inclusi\u00f3n de personas con discapacidad de la di\u00f3cesis de Avellaneda-Lan\u00fas organizar\u00e1 el <strong>s\u00e1bado 27 de abril a una jornada formativa sobre la inclusi\u00f3n en la Iglesia<\/strong>, destinada a los agentes pastorales que trabajen con personas con discapacidad o que deseen hacerlo<\/p>\n<p>El encuentro de ser\u00e1 en el <strong>colegio del Ni\u00f1o Jes\u00fas, Ituzaing\u00f3 1129, Lan\u00fas Este, <\/strong>entre las 9 y las 15 por lo que se invita a llevar algo para almorzar a la canasta y elementos para tomar nota.<\/p>\n<p>\u201cTraigan muchas ganas de pensar nuestras <strong>pr\u00e1cticas pastorales desde la l\u00f3gica del amor <\/strong>y la verdadera inclusi\u00f3n\u201d, indicaron desde sus redes sociales desde la que convocan a quienes deseen participar a inscribirse <a href=\"https:\/\/forms.gle\/qJVDZS4vnAfq5qJv8\">en este enlace<\/a>.<\/p>\n","protected":false},"excerpt":{"rendered":"<p>La Pastoral para la inclusi\u00f3n de personas con discapacidad de la di\u00f3cesis de Avellaneda-Lan\u00fas organizar\u00e1 el s\u00e1bado 27 de abril a una jornada formativa sobre la inclusi\u00f3n en la Iglesia, destinada a los agentes pastorales que trabajen con personas con discapacidad o que deseen hacerlo El encuentro de ser\u00e1 en el colegio del Ni\u00f1o Jes\u00fas, [&hellip;]<\/p>\n","protected":false},"author":2,"featured_media":6889,"comment_status":"closed","ping_status":"closed","sticky":false,"template":"","format":"standard","meta":{"jetpack_post_was_ever_published":false,"_jetpack_newsletter_access":"","_jetpack_dont_email_post_to_subs":false,"_jetpack_newsletter_tier_id":0,"_jetpack_memberships_contains_paywalled_content":false,"_jetpack_memberships_contains_paid_content":false,"footnotes":"","jetpack_publicize_message":"","jetpack_publicize_feature_enabled":true,"jetpack_social_post_already_shared":true,"jetpack_social_options":{"image_generator_settings":{"template":"highway","enabled":false},"version":2}},"categories":[19],"tags":[773,774,1537,1560,144,23],"class_list":["post-6888","post","type-post","status-publish","format-standard","has-post-thumbnail","hentry","category-municipio","tag-centrales","tag-destacadas","tag-diocesis-avellaneda-lanus","tag-discapacidad","tag-inclusion","tag-lanus"],"jetpack_publicize_connections":[],"jetpack_featured_media_url":"https:\/\/i0.wp.com\/infolanus.com\/wp-content\/uploads\/2024\/04\/jornada-sobre-la-inclusion-en-lanus.jpg?fit=1280%2C720&ssl=1","jetpack_sharing_enabled":true,"jetpack_shortlink":"https:\/\/wp.me\/p9QtMr-1N6","_links":{"self":[{"href":"https:\/\/infolanus.com\/index.php\/wp-json\/wp\/v2\/posts\/6888","targetHints":{"allow":["GET"]}}],"collection":[{"href":"https:\/\/infolanus.com\/index.php\/wp-json\/wp\/v2\/posts"}],"about":[{"href":"https:\/\/infolanus.com\/index.php\/wp-json\/wp\/v2\/types\/post"}],"author":[{"embeddable":true,"href":"https:\/\/infolanus.com\/index.php\/wp-json\/wp\/v2\/users\/2"}],"replies":[{"embeddable":true,"href":"https:\/\/infolanus.com\/index.php\/wp-json\/wp\/v2\/comments?post=6888"}],"version-history":[{"count":0,"href":"https:\/\/infolanus.com\/index.php\/wp-json\/wp\/v2\/posts\/6888\/revisions"}],"wp:featuredmedia":[{"embeddable":true,"href":"https:\/\/infolanus.com\/index.php\/wp-json\/wp\/v2\/media\/6889"}],"wp:attachment":[{"href":"https:\/\/infolanus.com\/index.php\/wp-json\/wp\/v2\/media?parent=6888"}],"wp:term":[{"taxonomy":"category","embeddable":true,"href":"https:\/\/infolanus.com\/index.php\/wp-json\/wp\/v2\/categories?post=6888"},{"taxonomy":"post_tag","embeddable":true,"href":"https:\/\/infolanus.com\/index.php\/wp-json\/wp\/v2\/tags?post=6888"}],"curies":[{"name":"wp","href":"https:\/\/api.w.org\/{rel}","templated":true}]}}