{"id":6920,"date":"2024-04-23T14:52:00","date_gmt":"2024-04-23T17:52:00","guid":{"rendered":"https:\/\/www.inforegion.com.ar\/?p=302533"},"modified":"2024-04-23T14:52:00","modified_gmt":"2024-04-23T17:52:00","slug":"kicillof-inaguro-una-base-de-fuerza-barrial-en-lanus","status":"publish","type":"post","link":"https:\/\/infolanus.com\/index.php\/2024\/04\/23\/kicillof-inaguro-una-base-de-fuerza-barrial-en-lanus\/","title":{"rendered":"Kicillof inagur\u00f3 una base de fuerza barrial en Lan\u00fas"},"content":{"rendered":"<p>El gobernador de la Provincia de Buenos Aires, <a href=\"https:\/\/www.inforegion.com.ar\/2024\/04\/18\/roberto-baradel-acepto-el-aumento-salarial-que-le-ofrecio-axel-kicillof\/\">Axel Kicillof<\/a>, inagur\u00f3 una base operativa de la Fuerza Barrial de Aproximaci\u00f3n en el partido de Lan\u00fas.<\/p>\n<p>Seg\u00fan lo publicado por el gobernador en sus redes sociales <strong>esta base adquiri\u00f3 4 patrulleros y 6 camionetas para reforzar el comando de la Patrulla Municipal<\/strong>.<\/p>\n<figure class=\"wp-block-image size-large\"><img data-recalc-dims=\"1\" loading=\"lazy\" decoding=\"async\" width=\"640\" height=\"360\" src=\"https:\/\/i0.wp.com\/www.inforegion.com.ar\/wp-content\/uploads\/2024\/04\/lo-mas-importante-es-que-hoy-todos-voten-segun-sus-convicciones-2024-04-23T144817.476-1024x576.jpg?resize=640%2C360&#038;ssl=1\" alt class=\"wp-image-302535 lazyload\" data-sizes=\"auto\" data-eio-rwidth=\"1024\" data-eio-rheight=\"576\" srcset=\"https:\/\/www.inforegion.com.ar\/wp-content\/uploads\/2024\/04\/lo-mas-importante-es-que-hoy-todos-voten-segun-sus-convicciones-2024-04-23T144817.476-1024x576.jpg 1024w, https:\/\/www.inforegion.com.ar\/wp-content\/uploads\/2024\/04\/lo-mas-importante-es-que-hoy-todos-voten-segun-sus-convicciones-2024-04-23T144817.476-300x169.jpg 300w, https:\/\/www.inforegion.com.ar\/wp-content\/uploads\/2024\/04\/lo-mas-importante-es-que-hoy-todos-voten-segun-sus-convicciones-2024-04-23T144817.476-768x432.jpg 768w, https:\/\/www.inforegion.com.ar\/wp-content\/uploads\/2024\/04\/lo-mas-importante-es-que-hoy-todos-voten-segun-sus-convicciones-2024-04-23T144817.476-320x180.jpg 320w, https:\/\/www.inforegion.com.ar\/wp-content\/uploads\/2024\/04\/lo-mas-importante-es-que-hoy-todos-voten-segun-sus-convicciones-2024-04-23T144817.476-480x270.jpg 480w, https:\/\/www.inforegion.com.ar\/wp-content\/uploads\/2024\/04\/lo-mas-importante-es-que-hoy-todos-voten-segun-sus-convicciones-2024-04-23T144817.476-800x450.jpg 800w, https:\/\/www.inforegion.com.ar\/wp-content\/uploads\/2024\/04\/lo-mas-importante-es-que-hoy-todos-voten-segun-sus-convicciones-2024-04-23T144817.476-150x83.jpg 150w, https:\/\/www.inforegion.com.ar\/wp-content\/uploads\/2024\/04\/lo-mas-importante-es-que-hoy-todos-voten-segun-sus-convicciones-2024-04-23T144817.476-335x188.jpg 335w, https:\/\/www.inforegion.com.ar\/wp-content\/uploads\/2024\/04\/lo-mas-importante-es-que-hoy-todos-voten-segun-sus-convicciones-2024-04-23T144817.476-700x394.jpg 700w, https:\/\/www.inforegion.com.ar\/wp-content\/uploads\/2024\/04\/lo-mas-importante-es-que-hoy-todos-voten-segun-sus-convicciones-2024-04-23T144817.476-1080x608.jpg 1080w, https:\/\/www.inforegion.com.ar\/wp-content\/uploads\/2024\/04\/lo-mas-importante-es-que-hoy-todos-voten-segun-sus-convicciones-2024-04-23T144817.476.jpg 1200w\"><noscript><img data-recalc-dims=\"1\" loading=\"lazy\" decoding=\"async\" width=\"640\" height=\"360\" src=\"https:\/\/i0.wp.com\/www.inforegion.com.ar\/wp-content\/uploads\/2024\/04\/lo-mas-importante-es-que-hoy-todos-voten-segun-sus-convicciones-2024-04-23T144817.476-1024x576.jpg?resize=640%2C360&#038;ssl=1\" alt class=\"wp-image-302535\" srcset=\"https:\/\/www.inforegion.com.ar\/wp-content\/uploads\/2024\/04\/lo-mas-importante-es-que-hoy-todos-voten-segun-sus-convicciones-2024-04-23T144817.476-1024x576.jpg 1024w, https:\/\/www.inforegion.com.ar\/wp-content\/uploads\/2024\/04\/lo-mas-importante-es-que-hoy-todos-voten-segun-sus-convicciones-2024-04-23T144817.476-300x169.jpg 300w, https:\/\/www.inforegion.com.ar\/wp-content\/uploads\/2024\/04\/lo-mas-importante-es-que-hoy-todos-voten-segun-sus-convicciones-2024-04-23T144817.476-768x432.jpg 768w, https:\/\/www.inforegion.com.ar\/wp-content\/uploads\/2024\/04\/lo-mas-importante-es-que-hoy-todos-voten-segun-sus-convicciones-2024-04-23T144817.476-320x180.jpg 320w, https:\/\/www.inforegion.com.ar\/wp-content\/uploads\/2024\/04\/lo-mas-importante-es-que-hoy-todos-voten-segun-sus-convicciones-2024-04-23T144817.476-480x270.jpg 480w, https:\/\/www.inforegion.com.ar\/wp-content\/uploads\/2024\/04\/lo-mas-importante-es-que-hoy-todos-voten-segun-sus-convicciones-2024-04-23T144817.476-800x450.jpg 800w, https:\/\/www.inforegion.com.ar\/wp-content\/uploads\/2024\/04\/lo-mas-importante-es-que-hoy-todos-voten-segun-sus-convicciones-2024-04-23T144817.476-150x83.jpg 150w, https:\/\/www.inforegion.com.ar\/wp-content\/uploads\/2024\/04\/lo-mas-importante-es-que-hoy-todos-voten-segun-sus-convicciones-2024-04-23T144817.476-335x188.jpg 335w, https:\/\/www.inforegion.com.ar\/wp-content\/uploads\/2024\/04\/lo-mas-importante-es-que-hoy-todos-voten-segun-sus-convicciones-2024-04-23T144817.476-700x394.jpg 700w, https:\/\/www.inforegion.com.ar\/wp-content\/uploads\/2024\/04\/lo-mas-importante-es-que-hoy-todos-voten-segun-sus-convicciones-2024-04-23T144817.476-1080x608.jpg 1080w, https:\/\/www.inforegion.com.ar\/wp-content\/uploads\/2024\/04\/lo-mas-importante-es-que-hoy-todos-voten-segun-sus-convicciones-2024-04-23T144817.476.jpg 1200w\" sizes=\"auto, (max-width: 1024px) 100vw, 1024px\" data-eio=\"l\"><\/noscript><\/figure>\n<p>\u201c<strong>Estamos haciendo una inversi\u00f3n sin precedentes en equipamiento y tecnolog\u00eda, realizando un cambio profundo en la metodolog\u00eda de trabajo para construir una Polic\u00eda m\u00e1s profesionalizada y cercana en los barrios de la provincia\u201d<\/strong> expres\u00f3 Kicillof. <\/p>\n<p>\u201c<strong>La Fuerza Barrial de Aproximaci\u00f3n ya est\u00e1 presente en 17 municipios <\/strong>con m\u00e1s de 4000 efectivos que recorren las calles para llevar tranquilidad y garantizar la protecci\u00f3n de los bonaerenses\u201d finaliz\u00f3 el gobernador, en relaci\u00f3n a la nueva fuerza que impuso en el territorio bonaerense.<\/p>\n","protected":false},"excerpt":{"rendered":"<p>El gobernador de la Provincia de Buenos Aires, Axel Kicillof, inagur\u00f3 una base operativa de la Fuerza Barrial de Aproximaci\u00f3n en el partido de Lan\u00fas. Seg\u00fan lo publicado por el gobernador en sus redes sociales esta base adquiri\u00f3 4 patrulleros y 6 camionetas para reforzar el comando de la Patrulla Municipal. \u201cEstamos haciendo una inversi\u00f3n [&hellip;]<\/p>\n","protected":false},"author":2,"featured_media":6921,"comment_status":"closed","ping_status":"closed","sticky":false,"template":"","format":"standard","meta":{"jetpack_post_was_ever_published":false,"_jetpack_newsletter_access":"","_jetpack_dont_email_post_to_subs":false,"_jetpack_newsletter_tier_id":0,"_jetpack_memberships_contains_paywalled_content":false,"_jetpack_memberships_contains_paid_content":false,"footnotes":"","jetpack_publicize_message":"","jetpack_publicize_feature_enabled":true,"jetpack_social_post_already_shared":true,"jetpack_social_options":{"image_generator_settings":{"template":"highway","enabled":false},"version":2}},"categories":[19],"tags":[415,1663,773,774,23],"class_list":["post-6920","post","type-post","status-publish","format-standard","has-post-thumbnail","hentry","category-municipio","tag-axel-kicillof","tag-base-de-aproximacion-barrial","tag-centrales","tag-destacadas","tag-lanus"],"jetpack_publicize_connections":[],"jetpack_featured_media_url":"https:\/\/i0.wp.com\/infolanus.com\/wp-content\/uploads\/2024\/04\/kicillof-inaguro-una-base-de-fuerza-barrial-en-lanus.jpg?fit=1024%2C576&ssl=1","jetpack_sharing_enabled":true,"jetpack_shortlink":"https:\/\/wp.me\/p9QtMr-1NC","_links":{"self":[{"href":"https:\/\/infolanus.com\/index.php\/wp-json\/wp\/v2\/posts\/6920","targetHints":{"allow":["GET"]}}],"collection":[{"href":"https:\/\/infolanus.com\/index.php\/wp-json\/wp\/v2\/posts"}],"about":[{"href":"https:\/\/infolanus.com\/index.php\/wp-json\/wp\/v2\/types\/post"}],"author":[{"embeddable":true,"href":"https:\/\/infolanus.com\/index.php\/wp-json\/wp\/v2\/users\/2"}],"replies":[{"embeddable":true,"href":"https:\/\/infolanus.com\/index.php\/wp-json\/wp\/v2\/comments?post=6920"}],"version-history":[{"count":0,"href":"https:\/\/infolanus.com\/index.php\/wp-json\/wp\/v2\/posts\/6920\/revisions"}],"wp:featuredmedia":[{"embeddable":true,"href":"https:\/\/infolanus.com\/index.php\/wp-json\/wp\/v2\/media\/6921"}],"wp:attachment":[{"href":"https:\/\/infolanus.com\/index.php\/wp-json\/wp\/v2\/media?parent=6920"}],"wp:term":[{"taxonomy":"category","embeddable":true,"href":"https:\/\/infolanus.com\/index.php\/wp-json\/wp\/v2\/categories?post=6920"},{"taxonomy":"post_tag","embeddable":true,"href":"https:\/\/infolanus.com\/index.php\/wp-json\/wp\/v2\/tags?post=6920"}],"curies":[{"name":"wp","href":"https:\/\/api.w.org\/{rel}","templated":true}]}}