{"id":6928,"date":"2024-04-24T21:22:00","date_gmt":"2024-04-25T00:22:00","guid":{"rendered":"https:\/\/www.ambito.com\/uruguay\/lacalle-pou-argentina-se-puso-moda-hablar-libertad-ojala-que-no-pase-n5987628"},"modified":"2024-04-24T21:22:00","modified_gmt":"2024-04-25T00:22:00","slug":"lacalle-pou-desde-argentina-se-puso-de-moda-hablar-de-libertad-ojala-que-no-pase","status":"publish","type":"post","link":"https:\/\/infolanus.com\/index.php\/2024\/04\/24\/lacalle-pou-desde-argentina-se-puso-de-moda-hablar-de-libertad-ojala-que-no-pase\/","title":{"rendered":"Lacalle Pou, desde Argentina: &#8220;Se puso de moda hablar de libertad, ojal\u00e1 que no pase&#8221;"},"content":{"rendered":"<div><img data-recalc-dims=\"1\" decoding=\"async\" src=\"https:\/\/i0.wp.com\/media.ambito.com\/p\/64a5151df00ac744d9724ac1ba2484a8\/adjuntos\/351\/imagenes\/041\/466\/0041466823\/1200x675\/smart\/presidente-luis-lacalle-pou-c-jpg.jpg?w=640&#038;ssl=1\" class=\"ff-og-image-inserted\"><\/div>\n<div id>\n<p>Seg\u00fan pudo saber <strong>\u00c1mbito, <\/strong>Lacalle Pou sum\u00f3 adem\u00e1s su reclamo por <a href=\"https:\/\/www.ambito.com\/uruguay\/lacalle-pou-insistira-2024-salir-del-corse-del-mercosur-y-afianzar-el-vinculo-argentina-n5906070\" target=\"_blank\" rel=\"follow noopener\">&#8220;salir del cors\u00e9 del <strong>Mercosur&#8221;,<\/strong><\/a> durante el tradicional evento anual que organiza <strong>Fundaci\u00f3n Libertad, <\/strong>donde tambi\u00e9n estuvieron presentes los expresidentes de <strong>Argentina, Mauricio Macri; <\/strong>de <strong>Espa\u00f1a, Jos\u00e9 Mar\u00eda Aznar; <\/strong>y de <strong>Bolivia, Jorge Quiroga; <\/strong>as\u00ed como el exministro de Econom\u00eda de <strong>Brasil, Paulo Guedes.<\/strong><\/p>\n<\/p><\/div>\n<div id>\n<p> En el comienzo de su exposici\u00f3n, el mandatario cont\u00f3 que estuvo cerca de no presentarse. \u201cMe quedan 311 d\u00edas y dije \u2018no tengo tiempo\u2019. Pero despu\u00e9s me acord\u00e9 que esta fundaci\u00f3n me dio voz cuando nadie me daba voz. Me permiti\u00f3 reafirmar algunos conceptos y aprender. Es un gusto estar hoy ac\u00e1\u201d, expres\u00f3.<\/p>\n<\/div>\n<div id>\n<p>Sobre este concepto, ahond\u00f3: \u201cLa <strong>Fundaci\u00f3n Libertad <\/strong>en su momento hizo como dec\u00eda mi madre. Una verdad dicha antes de tiempo se convierte en una <strong>herej\u00eda. <\/strong>Hay que elegir si ser un hereje y luchar por la verdad o sumarse a la corriente. La Fundaci\u00f3n Libertad decidi\u00f3, con sus valores y principios, ser herejes. Y est\u00e1 alumbrando esa libertad en varios pa\u00edses de <strong>Am\u00e9rica\u201d.<\/strong><\/p>\n<\/p><\/div>\n<div id>\n<p> Al exponer sobre &#8220;la receta de <strong>Uruguay&#8221;, <\/strong>consider\u00f3 que cuenta con &#8220;un elemento poderos\u00edsimo que es la <strong>cohesi\u00f3n social&#8221; <\/strong>y apunt\u00f3: &#8220;Sin cohesi\u00f3n social no hay posibilidad de gozar la libertad individual. Si el todo no est\u00e1 bien, es imposible ser libre en el mundo moderno&#8221;.<\/p>\n<p>&#8220;Esta receta que Uruguay tiene hace mucho tiempo y creo que va a continuar en 311 d\u00edas, es la que nos ha dejado satisfechos, pero nunca conformes&#8221;, sentenci\u00f3 el jefe de Estado.<\/p>\n<h2>El reclamo por el Mercosur y la defensa del Estado y los partidos pol\u00edticos<\/h2>\n<p>Durante el evento, donde tambi\u00e9n estuvo presente el canciller <strong>Omar Paganini, Lacalle Pou <\/strong>destac\u00f3 el cambio de gobierno en <strong>Argentina <\/strong>tras la gesti\u00f3n de <strong>Alberto Fern\u00e1ndez <\/strong>a la llegada de Milei. \u201cA los 3 meses de gobierno, pudimos concretar <a href=\"https:\/\/www.ambito.com\/uruguay\/por-que-el-dragado-del-puerto-montevideo-es-un-antes-y-despues-como-dijo-lacalle-pou-n5958676\" target=\"_blank\" rel=\"follow noopener\">el dragado a 14 metros<\/a> del <strong>Puerto de Montevideo, <\/strong>despu\u00e9s de a\u00f1os que \u00edbamos y ven\u00edamos&#8221;, valor\u00f3.<\/p>\n<p>Sobre la relaci\u00f3n bilateral, se anim\u00f3 a pensar a futuro y expres\u00f3: \u201cEmpiezo a so\u00f1ar que dejemos de ser ese cors\u00e9 del <strong>Mercosur,<\/strong> que es la quinta zona m\u00e1s proteccionista del mundo\u201d.<\/p>\n<p><strong>\u201cUruguay <\/strong>quiere jugar en cancha grande y esperemos que el gobierno argentino, como ha dicho en campa\u00f1a y no tengo en duda que va a cumplir, insista en un Mercosur que avance. Y si no, que se le diga a <strong>Uruguay <\/strong>\u2018arranc\u00e1 si ten\u00e9s fe\u2019. Seguir inm\u00f3viles en un mundo que avanza tan r\u00e1pido es un atraso\u201d, apunt\u00f3 el jefe de Estado.<\/p>\n<p>Sobre la situaci\u00f3n del pa\u00eds, <strong>Lacalle Pou <\/strong>sostuvo que \u201chay cosas que est\u00e1n en el ADN de nuestro pa\u00eds y ya nadie discute\u201d, entre las que destac\u00f3 <strong>\u201cun Estado fuerte\u201d<\/strong> y aclar\u00f3: \u201cNo quiere decir un Estado grande. Seguramente no tenga que tener mucha dimensi\u00f3n para ser fuerte\u201d.<\/p>\n<p>\u201cSignifica tener instituciones fuertes y para ello tiene que haber una clara <strong>separaci\u00f3n de poderes, <\/strong>que no es divorcio. Tiene que haber una democracia fuerte y, no es muy popular lo que voy a decir, pero se la debemos en Uruguay a los <strong>partidos pol\u00edticos. <\/strong>Sin ellos, la democracia es m\u00e1s riesgosa\u201d, plante\u00f3 el presidente.<\/p>\n<p>Y grafic\u00f3: \u201cQu\u00e9 dif\u00edcil gozar de libertad si se vive en un rancho y mis hijos no tienen una luz al final del camino para esforzarse. Tenemos que tener un Estado fuerte para que el individuo pueda gozar de la libertad\u201d.<\/p>\n<p>Sobre su estilo de conducci\u00f3n, se\u00f1al\u00f3 que \u201cen el primer c\u00edrculo conc\u00e9ntrico, est\u00e1n mis <strong>valores y principios, <\/strong>en eso no hay grises\u201d, pero luego puso en segundo lugar \u201calgo que no est\u00e1 muy de moda: los <strong>programas de gobierno, <\/strong>mi contrato con la ciudadan\u00eda\u201d.<\/p>\n<p>\u201cEl tercero, y el m\u00e1s dif\u00edcil de alinear, es <strong>gobernar para todos. <\/strong>Soy el presidente de todos los uruguayos, el que m\u00e1s me quiere y el que menos me quiere. Entonces, \u00bfc\u00f3mo hacer para alinear valores y principios, programa de gobierno y representar a todos? Obviamente que es casi imposible, pero por lo menos hay que buscar algunos caminos de entendimiento\u201d, admiti\u00f3 el referente blanco.<\/p>\n<h2>El recuerdo para Sebasti\u00e1n Pi\u00f1era y elogios para Lacalle Pou<\/h2>\n<p>El primer orador de la noche fue el presidente de Fundaci\u00f3n Libertad, <strong>Gerardo Bongiovanni, <\/strong>quien destac\u00f3 la presencia del mandatario uruguayo, al considerarlo \u201cun gran presidente\u201d, para luego dar paso a la exposici\u00f3n de Macri.<\/p>\n<p>El exjefe de Estado argentino destac\u00f3 a Bongiovanni por \u201cdefender estas ideas cuando <strong>Javier Milei <\/strong>todav\u00eda no hab\u00eda nacido o estaba en jard\u00edn de infantes\u201d y valor\u00f3 el \u201cenorme orgullo\u201d de homenajear a \u201cun trabajador incansable\u201d de la libertad, en alusi\u00f3n al recientemente fallecido <strong>expresidente de Chile, Sebasti\u00e1n Pi\u00f1era.<\/strong><\/p>\n<p>A su turno, <strong>Quiroga <\/strong>destac\u00f3 al \u201cadmirado presidente de <strong>Uruguay, <\/strong>quien sigue la huella de su legendario bisabuelo <strong>Luis Alberto Herrera\u201d <\/strong>y manifest\u00f3 su \u201csana envidia\u201d por el pa\u00eds e inst\u00f3 a \u201cseguir la ruta de Lacalle Pou\u201d.<\/p>\n<p>Posteriormente, asegur\u00f3 que \u201cel futuro de nuestra regi\u00f3n se va a definir en <strong>Venezuela y Argentina, <\/strong>corrupci\u00f3n lacerante\u201d, mientras <a href=\"https:\/\/www.ambito.com\/uruguay\/la-vocacion-maduro-es-desactivar-completamente-el-tejido-social-denuncio-el-director-ai-venezuela-n5986514\" target=\"_blank\" rel=\"follow noopener\">cuestion\u00f3 a <strong>Nicol\u00e1s Maduro<\/strong><\/a> por la inestabilidad pol\u00edtica de cara a las elecciones en ese pa\u00eds.<\/p>\n<p>En tanto, <strong>Aznar <\/strong>elogi\u00f3 a Pi\u00f1era y luego se\u00f1al\u00f3: &#8220;Yo creo en la democracia frente a cualquier otro sistema. Es de todos los sistemas imperfectos, el menos imperfecto. Creo en el Estado de derecho porque es lo que ejemplifica y construye la convivencia entre los ciudadanos&#8221;.<\/p>\n<p>&#8220;Creo en las oportunidades basadas en el derecho a la propiedad y el respeto a los derechos individuales. Soy de los que creen en la responsabilidad y el esfuerzo y en los l\u00edderes comprometidos por su pa\u00eds y tienen un proyecto en su cabeza. No en los que ejercitan el populismo y utilizan su pa\u00eds para sus proyectos personales&#8221;, sentenci\u00f3 el exmandatario espa\u00f1ol.<\/p>\n<\/div>\n","protected":false},"excerpt":{"rendered":"<p>Seg\u00fan pudo saber \u00c1mbito, Lacalle Pou sum\u00f3 adem\u00e1s su reclamo por &#8220;salir del cors\u00e9 del Mercosur&#8221;, durante el tradicional evento anual que organiza Fundaci\u00f3n Libertad, donde tambi\u00e9n estuvieron presentes los expresidentes de Argentina, Mauricio Macri; de Espa\u00f1a, Jos\u00e9 Mar\u00eda Aznar; y de Bolivia, Jorge Quiroga; as\u00ed como el exministro de Econom\u00eda de Brasil, Paulo Guedes. [&hellip;]<\/p>\n","protected":false},"author":2,"featured_media":6929,"comment_status":"closed","ping_status":"closed","sticky":false,"template":"","format":"standard","meta":{"jetpack_post_was_ever_published":false,"_jetpack_newsletter_access":"","_jetpack_dont_email_post_to_subs":false,"_jetpack_newsletter_tier_id":0,"_jetpack_memberships_contains_paywalled_content":false,"_jetpack_memberships_contains_paid_content":false,"footnotes":"","jetpack_publicize_message":"","jetpack_publicize_feature_enabled":true,"jetpack_social_post_already_shared":true,"jetpack_social_options":{"image_generator_settings":{"template":"highway","enabled":false},"version":2}},"categories":[20],"tags":[],"class_list":["post-6928","post","type-post","status-publish","format-standard","has-post-thumbnail","hentry","category-mundo"],"jetpack_publicize_connections":[],"jetpack_featured_media_url":"https:\/\/i0.wp.com\/infolanus.com\/wp-content\/uploads\/2024\/04\/lacalle-pou-desde-argentina-se-puso-de-moda-hablar-de-libertad-ojala-que-no-pase.jpg?fit=1200%2C675&ssl=1","jetpack_sharing_enabled":true,"jetpack_shortlink":"https:\/\/wp.me\/p9QtMr-1NK","_links":{"self":[{"href":"https:\/\/infolanus.com\/index.php\/wp-json\/wp\/v2\/posts\/6928","targetHints":{"allow":["GET"]}}],"collection":[{"href":"https:\/\/infolanus.com\/index.php\/wp-json\/wp\/v2\/posts"}],"about":[{"href":"https:\/\/infolanus.com\/index.php\/wp-json\/wp\/v2\/types\/post"}],"author":[{"embeddable":true,"href":"https:\/\/infolanus.com\/index.php\/wp-json\/wp\/v2\/users\/2"}],"replies":[{"embeddable":true,"href":"https:\/\/infolanus.com\/index.php\/wp-json\/wp\/v2\/comments?post=6928"}],"version-history":[{"count":0,"href":"https:\/\/infolanus.com\/index.php\/wp-json\/wp\/v2\/posts\/6928\/revisions"}],"wp:featuredmedia":[{"embeddable":true,"href":"https:\/\/infolanus.com\/index.php\/wp-json\/wp\/v2\/media\/6929"}],"wp:attachment":[{"href":"https:\/\/infolanus.com\/index.php\/wp-json\/wp\/v2\/media?parent=6928"}],"wp:term":[{"taxonomy":"category","embeddable":true,"href":"https:\/\/infolanus.com\/index.php\/wp-json\/wp\/v2\/categories?post=6928"},{"taxonomy":"post_tag","embeddable":true,"href":"https:\/\/infolanus.com\/index.php\/wp-json\/wp\/v2\/tags?post=6928"}],"curies":[{"name":"wp","href":"https:\/\/api.w.org\/{rel}","templated":true}]}}