{"id":6939,"date":"2024-04-26T21:52:00","date_gmt":"2024-04-27T00:52:00","guid":{"rendered":"https:\/\/www.ambito.com\/mundo\/asesinan-tiros-una-famosa-tiktoker-iraqui-condenada-publicar-contenido-indecente-n5989062"},"modified":"2024-04-26T21:52:00","modified_gmt":"2024-04-27T00:52:00","slug":"asesinan-a-tiros-a-una-famosa-tiktoker-iraqui-condenada-por-publicar-contenido-indecente","status":"publish","type":"post","link":"https:\/\/infolanus.com\/index.php\/2024\/04\/26\/asesinan-a-tiros-a-una-famosa-tiktoker-iraqui-condenada-por-publicar-contenido-indecente\/","title":{"rendered":"Asesinan a tiros a una famosa tiktoker iraqu\u00ed, condenada por publicar &#8220;contenido indecente&#8221;"},"content":{"rendered":"<p><!-- { REGION4 --> <\/p>\n<header class=\"news-headline\" readability=\"2.3882681564246\">\n<div class=\"news-headline__topics-and-date-wrapper\"> <span class=\"news-headline__publication-date\"> 26 de abril 2024 &#8211; 21:52 <\/span><\/div>\n<h2 class=\"news-headline__article-summary\" readability=\"25\">\n<p>Fue atacada por un motocicleta mientras estaba en su veh\u00edculo frente a su domicilio en el centro de Bagdad. En 2023, fue condenada a seis meses de c\u00e1rcel por &#8220;la publicaci\u00f3n de varios videos con intenciones indecentes&#8221;<\/p>\n<\/h2>\n<\/header>\n<div class=\"detail-highlighted-multimedia content-protected-false\">\n<figure class=\"detail-highlighted-multimedia__figure\"> <img data-recalc-dims=\"1\" loading=\"lazy\" decoding=\"async\" src=\"https:\/\/i0.wp.com\/media.ambito.com\/p\/4c9abeb2bf74c13250312e74099d4e10\/adjuntos\/239\/imagenes\/041\/472\/0041472468\/655x368\/smart\/irakjpg.jpg?resize=640%2C394&#038;ssl=1\" class=\"detail-highlighted-multimedia__figure-img img-fluid\" alt=\"Una tiktoker iraqu\u00ed fue asesinada en Bagdad.\" width=\"640\" height=\"394\"><figcaption class=\"detail-highlighted-multimedia__figcaption\" readability=\"-24\"> <\/figcaption><\/figure>\n<\/p><\/div>\n<article class=\"article-body article-body--first-paragraph content-protected-false\" data-td-script-src=\"https:\/\/www.ambito.com\/td\/modulos\/encuestas\/js\/function-embeds-min-version-1714104417.js\" readability=\"32\">\n<p>Una famosa <strong>tiktoker iraqu\u00ed,<\/strong> condenada el a\u00f1o pasado a prisi\u00f3n por publicar contenidos considerados &#8220;indecentes&#8221; en las redes sociales, fue <strong>asesinada <\/strong>a tiros en <strong>Bagdad, <\/strong>informaron dos funcionarios de seguridad.<\/p>\n<\/article>\n<article class=\"article-body article-body--second-paragraph content-protected-false\" readability=\"33\">\n<p><strong>Om Fahad, con decenas de miles de seguidores en TikTok e Instagram, se hizo famosa por sus videos en los que aparece con atuendos ajustados, movi\u00e9ndose al ritmo de melod\u00edas \u00e1rabes, en un pa\u00eds mayoritariamente conservador y patriarcal.<\/strong><\/p>\n<\/article>\n<section class=\"related-news\"><span class=\"related-news__title\"> Informate m\u00e1s<\/span> <\/p>\n<div class=\"row row--eq-height\">\n<div class=\"col-12 col-md-6\">\n<article class=\"news-article news-article--landscape-news news-article--landscape-news\">\n<figure class=\"news-article__figure figure\"> <a href=\"https:\/\/www.ambito.com\/mundo\/estados-unidos-libera-segundo-paquete-ayuda-ucrania-una-semana-n5988842\" target title=\"\u00e1mbito.com | Estados Unidos libera segundo paquete de ayuda a Ucrania en una semana\" alt=\"\u00e1mbito.com | Estados Unidos libera segundo paquete de ayuda a Ucrania en una semana\" rel=\"noindex nofollow noreferrer\"> <img loading=\"lazy\" decoding=\"async\" src=\"https:\/\/www.ambito.com\/css-custom\/239\/lazy.svg\" data-td-src-property=\"https:\/\/media.ambito.com\/p\/9794d07ee8abfae2389de39bbab45cf3\/adjuntos\/239\/imagenes\/041\/309\/0041309445\/militares-ucranianos.jpeg\" alt=\"El conflicto entre Ucrania y Rusia.&nbsp;\" title=\"El conflicto entre Ucrania y Rusia.&nbsp;\" width=\"93\" height=\"52\" class=\"news-article__figure-img figure-img img-fluid\"> <\/a><\/figure>\n<\/article><\/div>\n<div class=\"col-12 col-md-6\">\n<article class=\"news-article news-article--landscape-news news-article--landscape-news\">\n<figure class=\"news-article__figure figure\"> <a href=\"https:\/\/www.ambito.com\/mundo\/brotes-gripe-aviar-hallan-particulas-muestras-leche-n5988807\" target title=\"\u00e1mbito.com | Brotes de gripe aviar: hallan part\u00edculas en muestras de leche\" alt=\"\u00e1mbito.com | Brotes de gripe aviar: hallan part\u00edculas en muestras de leche\" rel=\"noindex nofollow noreferrer\"> <img loading=\"lazy\" decoding=\"async\" src=\"https:\/\/www.ambito.com\/css-custom\/239\/lazy.svg\" data-td-src-property=\"https:\/\/media.ambito.com\/p\/6b3b3a1bf92a6349c0f66e369d02f74b\/adjuntos\/239\/imagenes\/040\/579\/0040579960\/gallinas-gripe-aviar-2jpg.jpg\" alt=\"Seg\u00fan los investigadores encontraron gripe aviar en leche comercial.\" title=\"Seg\u00fan los investigadores encontraron gripe aviar en leche comercial.\" width=\"93\" height=\"52\" class=\"news-article__figure-img figure-img img-fluid\"> <\/a><\/figure>\n<\/article><\/div>\n<\/div>\n<\/section>\n<article class=\"article-body article-body--third-paragraph content-protected-false\" readability=\"31\">\n<p>La joven fue asesinada a tiros por un atacante en motocicleta, mientras estaba en su veh\u00edculo frente a su domicilio en el centro de Bagdad, indicaron dos funcionarios de seguridad bajo condici\u00f3n de anonimato a la agencia AFP.<\/p>\n<\/article>\n<article class=\"article-body article-body--fourth-paragraph content-protected-false\" readability=\"24.724409448819\">\n<h2>La condena por publicar contenido en redes sociales <\/h2>\n<p><strong>En febrero de 2023, un tribunal conden\u00f3 en primera instancia a Om Fahad a seis meses de c\u00e1rcel por &#8220;la publicaci\u00f3n de varios videos con intenciones indecentes y que atentan contra el pudor y las costumbres p\u00fablicas&#8221;.<\/strong><\/p>\n<\/article>\n<article class=\"article-body article-body--remaining-paragraph content-protected-false\" readability=\"43\">\n<p> El gobierno iraqu\u00ed lanz\u00f3 el a\u00f1o pasado una campa\u00f1a para identificar y perseguir en las redes sociales los &#8220;contenidos decadentes&#8221; que iban &#8220;en contra de la moral y las tradiciones&#8221; de la sociedad.<\/p>\n<p>Para ello se cre\u00f3 una plataforma que permit\u00eda a los internautas denunciar publicaciones inadecuadas. Varias estrellas de las redes sociales fueron condenadas a c\u00e1rcel o forzadas a pedir disculpas por sus contenidos, que a veces no eran m\u00e1s que videos humor\u00edsticos o de tono sat\u00edrico.<\/p>\n<p>En 2018, la modelo e &#8220;influencer&#8221; <strong>Tara Fares<\/strong> fue asesinada en Bagdad por varios disparos en su Porsche blanco descapotable.<\/p>\n<p>En un Irak golpeado por d\u00e9cadas de conflictos, la circulaci\u00f3n de armas est\u00e1 bastante extendida, aunque las fuerzas de seguridad han lanzado una campa\u00f1a para recuperar este arsenal.<\/p>\n<\/article>\n<p> <!-- REGION4 } --> <\/p>\n","protected":false},"excerpt":{"rendered":"<p>26 de abril 2024 &#8211; 21:52 Fue atacada por un motocicleta mientras estaba en su veh\u00edculo frente a su domicilio en el centro de Bagdad. En 2023, fue condenada a seis meses de c\u00e1rcel por &#8220;la publicaci\u00f3n de varios videos con intenciones indecentes&#8221; Una famosa tiktoker iraqu\u00ed, condenada el a\u00f1o pasado a prisi\u00f3n por publicar [&hellip;]<\/p>\n","protected":false},"author":2,"featured_media":6940,"comment_status":"closed","ping_status":"closed","sticky":false,"template":"","format":"standard","meta":{"jetpack_post_was_ever_published":false,"_jetpack_newsletter_access":"","_jetpack_dont_email_post_to_subs":false,"_jetpack_newsletter_tier_id":0,"_jetpack_memberships_contains_paywalled_content":false,"_jetpack_memberships_contains_paid_content":false,"footnotes":"","jetpack_publicize_message":"","jetpack_publicize_feature_enabled":true,"jetpack_social_post_already_shared":true,"jetpack_social_options":{"image_generator_settings":{"template":"highway","enabled":false},"version":2}},"categories":[20],"tags":[],"class_list":["post-6939","post","type-post","status-publish","format-standard","has-post-thumbnail","hentry","category-mundo"],"jetpack_publicize_connections":[],"jetpack_featured_media_url":"https:\/\/i0.wp.com\/infolanus.com\/wp-content\/uploads\/2024\/04\/asesinan-a-tiros-a-una-famosa-tiktoker-iraqui-condenada-por-publicar-contenido-indecente.jpg?fit=655%2C368&ssl=1","jetpack_sharing_enabled":true,"jetpack_shortlink":"https:\/\/wp.me\/p9QtMr-1NV","_links":{"self":[{"href":"https:\/\/infolanus.com\/index.php\/wp-json\/wp\/v2\/posts\/6939","targetHints":{"allow":["GET"]}}],"collection":[{"href":"https:\/\/infolanus.com\/index.php\/wp-json\/wp\/v2\/posts"}],"about":[{"href":"https:\/\/infolanus.com\/index.php\/wp-json\/wp\/v2\/types\/post"}],"author":[{"embeddable":true,"href":"https:\/\/infolanus.com\/index.php\/wp-json\/wp\/v2\/users\/2"}],"replies":[{"embeddable":true,"href":"https:\/\/infolanus.com\/index.php\/wp-json\/wp\/v2\/comments?post=6939"}],"version-history":[{"count":0,"href":"https:\/\/infolanus.com\/index.php\/wp-json\/wp\/v2\/posts\/6939\/revisions"}],"wp:featuredmedia":[{"embeddable":true,"href":"https:\/\/infolanus.com\/index.php\/wp-json\/wp\/v2\/media\/6940"}],"wp:attachment":[{"href":"https:\/\/infolanus.com\/index.php\/wp-json\/wp\/v2\/media?parent=6939"}],"wp:term":[{"taxonomy":"category","embeddable":true,"href":"https:\/\/infolanus.com\/index.php\/wp-json\/wp\/v2\/categories?post=6939"},{"taxonomy":"post_tag","embeddable":true,"href":"https:\/\/infolanus.com\/index.php\/wp-json\/wp\/v2\/tags?post=6939"}],"curies":[{"name":"wp","href":"https:\/\/api.w.org\/{rel}","templated":true}]}}