{"id":6943,"date":"2024-04-27T21:09:00","date_gmt":"2024-04-28T00:09:00","guid":{"rendered":"https:\/\/www.ambito.com\/uruguay\/ancap-estima-que-la-puesta-marcha-la-refineria-la-teja-se-dara-mediados-mayo-n5989317"},"modified":"2024-04-27T21:09:00","modified_gmt":"2024-04-28T00:09:00","slug":"ancap-estima-que-la-puesta-en-marcha-de-la-refineria-la-teja-se-dara-a-mediados-de-mayo","status":"publish","type":"post","link":"https:\/\/infolanus.com\/index.php\/2024\/04\/27\/ancap-estima-que-la-puesta-en-marcha-de-la-refineria-la-teja-se-dara-a-mediados-de-mayo\/","title":{"rendered":"Ancap estima que la puesta en marcha de la refiner\u00eda La Teja se dar\u00e1 a mediados de mayo"},"content":{"rendered":"<div><img data-recalc-dims=\"1\" decoding=\"async\" src=\"https:\/\/i0.wp.com\/media.ambito.com\/p\/4dbbb40c111367def6816d896b9a2b7b\/adjuntos\/351\/imagenes\/040\/647\/0040647276\/1200x675\/smart\/la-tejajpg.jpg?w=640&#038;ssl=1\" class=\"ff-og-image-inserted\"><\/div>\n<div id>\n<p><strong> Ancap <\/strong>espera poner en marcha en su totalidad la refiner\u00eda <strong>La Teja <\/strong>para la segunda quincena de mayo, luego de una parada de mantenimiento que se extendi\u00f3 m\u00e1s de lo previsto, <a href=\"https:\/\/www.ambito.com\/uruguay\/las-demoras-la-parada-la-teja-costaran-us-135m-extras-ancap-n5960082\" target=\"_blank\" rel=\"follow noopener\">generando importantes p\u00e9rdidas<\/a> a la empresa estatal.<\/p>\n<\/div>\n<div id>\n<p>El <strong>presidente de Ancap, Alejandro Stipanicic, <\/strong>asegur\u00f3 que <a target=\"_blank\" rel=\"follow noopener\">La Teja funcionar\u00e1 plenamente<\/a> a mediados del mes pr\u00f3ximo, mientras su vice, <strong>Diego Durand,<\/strong> le confirm\u00f3 al sitio especializado Surtidores que las obras supusieron un gasto de unos 79 millones de d\u00f3lares.<\/p>\n<\/div>\n<div id>\n<p> Al referirse a la demora, Stipanicic plante\u00f3 cuestiones como el clima, pero tambi\u00e9n una p\u00e9rdida detectada en la planta desulfurizadora. Tras la inspecci\u00f3n y el rearme de un andamio de 50 metros, se prev\u00e9n dos semanas de trabajo extra.<\/p>\n<\/div>\n<div id>\n<p>\u201cSe trata de situaciones habituales en las puestas en marcha de este tipo de instalaciones. No es s\u00f3lo para eliminar la p\u00e9rdida, sino para asegurar la disponibilidad mec\u00e1nica de todo el equipo intervenido\u201d, sostuvo el jerarca.<\/p>\n<\/div>\n<div id>\n<p>Sin embargo, plante\u00f3 que \u201ccuando la reparaci\u00f3n en esta torre est\u00e9 terminada, ya habr\u00e1n finalizado las dem\u00e1s obras planificadas\u201d, tras lo cual aventur\u00f3: \u201cEn la <strong>segunda quincena de mayo <\/strong>esperamos tener todo funcionando\u201d.<\/p>\n<p>A su turno, Durand destac\u00f3 las <strong>inversiones <\/strong>realizadas en la planta, que quedar\u00e1 completamente renovada y capaz de operar por 30 a\u00f1os. Las tareas supusieron \u201cun gasto de 50 millones de d\u00f3lares, mientras que las inversiones en nuevos equipamientos y mejora en el <strong>cracking catal\u00edtico, <\/strong>exigieron otros 29 millones\u201d, cont\u00f3 el vicepresidente de Ancap.<\/p>\n<h2>Las p\u00e9rdidas de Ancap por la parada de mantenimiento<\/h2>\n<p>Las obras en La Teja tienen un fuerte impacto en la operativa de <strong>Ancap, <\/strong>que <a href=\"https:\/\/www.ambito.com\/uruguay\/ancap-registro-una-baja-ingresos-del-27-interanual-marzo-n5987854\" target=\"_blank\" rel=\"follow noopener\">en marzo registr\u00f3 p\u00e9rdidas<\/a> del 27% interanual, principalmente vinculada a la p\u00e9rdida de refinaci\u00f3n que supone no contar con la planta.<\/p>\n<p>En total, la compa\u00f1\u00eda logr\u00f3 <strong>ingresos netos <\/strong>por 6.638 millones de pesos constantes en marzo, frente a los 9.296 millones de pesos obtenidos en igual mes de 2023. Vale destacar que se trata de la duod\u00e9cima ca\u00edda consecutiva en t\u00e9rminos interanuales.<\/p>\n<p>Este presente complejo se explica en la quinta ca\u00edda seguida en los <strong>ingresos <\/strong>respecto del mes anterior, con una parada de La Teja que comenz\u00f3 en setiembre. Es que en noviembre del a\u00f1o pasado registr\u00f3 <span>ingresos netos<\/span> por 8.226 millones de pesos; en diciembre, por 7.412 millones; en enero, 6.838 millones; en febrero, 6.655 millones; y en marzo los mencionados 6.638 millones de pesos.<\/p>\n<\/div>\n","protected":false},"excerpt":{"rendered":"<p>Ancap espera poner en marcha en su totalidad la refiner\u00eda La Teja para la segunda quincena de mayo, luego de una parada de mantenimiento que se extendi\u00f3 m\u00e1s de lo previsto, generando importantes p\u00e9rdidas a la empresa estatal. El presidente de Ancap, Alejandro Stipanicic, asegur\u00f3 que La Teja funcionar\u00e1 plenamente a mediados del mes pr\u00f3ximo, [&hellip;]<\/p>\n","protected":false},"author":2,"featured_media":6944,"comment_status":"closed","ping_status":"closed","sticky":false,"template":"","format":"standard","meta":{"jetpack_post_was_ever_published":false,"_jetpack_newsletter_access":"","_jetpack_dont_email_post_to_subs":false,"_jetpack_newsletter_tier_id":0,"_jetpack_memberships_contains_paywalled_content":false,"_jetpack_memberships_contains_paid_content":false,"footnotes":"","jetpack_publicize_message":"","jetpack_publicize_feature_enabled":true,"jetpack_social_post_already_shared":true,"jetpack_social_options":{"image_generator_settings":{"template":"highway","enabled":false},"version":2}},"categories":[20],"tags":[],"class_list":["post-6943","post","type-post","status-publish","format-standard","has-post-thumbnail","hentry","category-mundo"],"jetpack_publicize_connections":[],"jetpack_featured_media_url":"https:\/\/i0.wp.com\/infolanus.com\/wp-content\/uploads\/2024\/04\/ancap-estima-que-la-puesta-en-marcha-de-la-refineria-la-teja-se-dara-a-mediados-de-mayo.jpg?fit=1200%2C675&ssl=1","jetpack_sharing_enabled":true,"jetpack_shortlink":"https:\/\/wp.me\/p9QtMr-1NZ","_links":{"self":[{"href":"https:\/\/infolanus.com\/index.php\/wp-json\/wp\/v2\/posts\/6943","targetHints":{"allow":["GET"]}}],"collection":[{"href":"https:\/\/infolanus.com\/index.php\/wp-json\/wp\/v2\/posts"}],"about":[{"href":"https:\/\/infolanus.com\/index.php\/wp-json\/wp\/v2\/types\/post"}],"author":[{"embeddable":true,"href":"https:\/\/infolanus.com\/index.php\/wp-json\/wp\/v2\/users\/2"}],"replies":[{"embeddable":true,"href":"https:\/\/infolanus.com\/index.php\/wp-json\/wp\/v2\/comments?post=6943"}],"version-history":[{"count":0,"href":"https:\/\/infolanus.com\/index.php\/wp-json\/wp\/v2\/posts\/6943\/revisions"}],"wp:featuredmedia":[{"embeddable":true,"href":"https:\/\/infolanus.com\/index.php\/wp-json\/wp\/v2\/media\/6944"}],"wp:attachment":[{"href":"https:\/\/infolanus.com\/index.php\/wp-json\/wp\/v2\/media?parent=6943"}],"wp:term":[{"taxonomy":"category","embeddable":true,"href":"https:\/\/infolanus.com\/index.php\/wp-json\/wp\/v2\/categories?post=6943"},{"taxonomy":"post_tag","embeddable":true,"href":"https:\/\/infolanus.com\/index.php\/wp-json\/wp\/v2\/tags?post=6943"}],"curies":[{"name":"wp","href":"https:\/\/api.w.org\/{rel}","templated":true}]}}