{"id":696,"date":"2018-07-25T10:09:35","date_gmt":"2018-07-25T13:09:35","guid":{"rendered":"http:\/\/infolanus.com\/?p=696"},"modified":"2018-07-25T10:09:35","modified_gmt":"2018-07-25T13:09:35","slug":"lanus-no-pudo-en-los-penales-y-quedo-afuera-de-la-copa-sudamericana","status":"publish","type":"post","link":"https:\/\/infolanus.com\/index.php\/2018\/07\/25\/lanus-no-pudo-en-los-penales-y-quedo-afuera-de-la-copa-sudamericana\/","title":{"rendered":"Lan\u00fas no pudo en los penales y qued\u00f3 afuera de la Copa Sudamericana"},"content":{"rendered":"<p>Lan\u00fas viaj\u00f3 a Colombia para enfrentar a Junior con el objetivo de mantener el 1 a 0 logrado hace 7 d\u00edas en La Fortaleza, pero cay\u00f3 por el mismo marcador y luego perdi\u00f3 3 a 2 en los penales. Una pena m\u00e1xima Granate<\/p>\n<p>El conjunto de Ezequiel Carboni nunca pudo hacer pie en el encuentro. En defensa tuvo una gran cantidad de desajustes y jam\u00e1s pudo desequilibrar en ofensiva. El detalle m\u00e1s claro para describir el partido que jug\u00f3 Lan\u00fas fueron las 12 atajadas de Esteban Andrada, que sumando los dos juegos, fue la gran figura de la serie.<\/p>\n<p>En la primera media hora se vio lo m\u00e1s parejo del encuentro. Fue el \u00fanico momento en el que Junior no desbord\u00f3 al Granate y donde se vio el \u00fanico remate directo al arco de la visita, que lleg\u00f3 desde un tiro libre que ejecut\u00f3 muy bien Nicolas pasquini y que ataj\u00f3 de gran manera el uruguayo Viera.<\/p>\n<p>A partir de ese momento, el local presion\u00f3 el acelerador y comenz\u00f3 a tejer jugadas desde las bandas y a llegar con claridad al arco de Lan\u00fas. Pero ah\u00ed fue cuando comenz\u00f3 a emerger la figura de Andrada para tapar todo lo que le tiraban y dejar el arco en cero, por lo menos hasta que finaliz\u00f3 la primera mitad.<\/p>\n<p>El segundo tiempo fue una continuidad de lo que se vio al final del primero. El conjunto cafetero sigui\u00f3 con su planteo agresivo y de presi\u00f3n sobre la salida de Lan\u00fas, y los del sur no lograban imponerse,  por lo tanto, el local era amo y due\u00f1o del encuentro.<\/p>\n<p>Carboni intent\u00f3 mover las piezas pero nunca pudo darle aire al equipo. Para colmo, tuvo la mala fortuna de perder a Herrera y Coniglio (cumplieron los dos) por dist\u00edntas lesiones. Por eso, los minutos finales fueron una tortura para su equipo.<\/p>\n<p>El local sigui\u00f3 empujando y finalmente tuvo su merecido premio. En el minuto 81, Luis Diaz remat\u00f3 contra el palo izquierdo, Andrada tuvo el unico error del partido, y ese combo termin\u00f3 siendo letal para el Granate. Gol de Junior y definici\u00f3n por penales.<\/p>\n<p>En la loter\u00eda desde los 12 pasos rein\u00f3 la falta de efectividad. Andrada le tap\u00f3 el remate a D\u00edaz y Teo Guti\u00e9rrez elev\u00f3 su remate por encima del travesa\u00f1o. Pero el propio arquero pretendido por Boca desvi\u00f3 su remate y tambi\u00e9n fallaron Pasquini y Belmonte. As\u00ed, el sue\u00f1o sudamericano del Granate se termin\u00f3 convirtiendo en pesadilla. <\/p>\n","protected":false},"excerpt":{"rendered":"<p>Lan\u00fas viaj\u00f3 a Colombia para enfrentar a Junior con el objetivo de mantener el 1 a 0 logrado hace 7 d\u00edas en La Fortaleza, pero cay\u00f3 por el mismo marcador y luego perdi\u00f3 3 a 2 en los penales. Una pena m\u00e1xima Granate El conjunto de Ezequiel Carboni nunca pudo hacer pie en el encuentro. [&hellip;]<\/p>\n","protected":false},"author":2,"featured_media":701,"comment_status":"open","ping_status":"open","sticky":false,"template":"","format":"standard","meta":{"jetpack_post_was_ever_published":false,"_jetpack_newsletter_access":"","_jetpack_dont_email_post_to_subs":false,"_jetpack_newsletter_tier_id":0,"_jetpack_memberships_contains_paywalled_content":false,"_jetpack_memberships_contains_paid_content":false,"footnotes":"","jetpack_publicize_message":"","jetpack_publicize_feature_enabled":true,"jetpack_social_post_already_shared":true,"jetpack_social_options":{"image_generator_settings":{"template":"highway","enabled":false},"version":2}},"categories":[17],"tags":[285,237,196,282],"class_list":["post-696","post","type-post","status-publish","format-standard","has-post-thumbnail","hentry","category-deportes","tag-barranquilla","tag-club-atletico-lanus","tag-copa-sudamericana","tag-junior"],"jetpack_publicize_connections":[],"jetpack_featured_media_url":"https:\/\/i0.wp.com\/infolanus.com\/wp-content\/uploads\/2018\/07\/lanus-jr.png?fit=663%2C504&ssl=1","jetpack_sharing_enabled":true,"jetpack_shortlink":"https:\/\/wp.me\/p9QtMr-be","_links":{"self":[{"href":"https:\/\/infolanus.com\/index.php\/wp-json\/wp\/v2\/posts\/696","targetHints":{"allow":["GET"]}}],"collection":[{"href":"https:\/\/infolanus.com\/index.php\/wp-json\/wp\/v2\/posts"}],"about":[{"href":"https:\/\/infolanus.com\/index.php\/wp-json\/wp\/v2\/types\/post"}],"author":[{"embeddable":true,"href":"https:\/\/infolanus.com\/index.php\/wp-json\/wp\/v2\/users\/2"}],"replies":[{"embeddable":true,"href":"https:\/\/infolanus.com\/index.php\/wp-json\/wp\/v2\/comments?post=696"}],"version-history":[{"count":3,"href":"https:\/\/infolanus.com\/index.php\/wp-json\/wp\/v2\/posts\/696\/revisions"}],"predecessor-version":[{"id":702,"href":"https:\/\/infolanus.com\/index.php\/wp-json\/wp\/v2\/posts\/696\/revisions\/702"}],"wp:featuredmedia":[{"embeddable":true,"href":"https:\/\/infolanus.com\/index.php\/wp-json\/wp\/v2\/media\/701"}],"wp:attachment":[{"href":"https:\/\/infolanus.com\/index.php\/wp-json\/wp\/v2\/media?parent=696"}],"wp:term":[{"taxonomy":"category","embeddable":true,"href":"https:\/\/infolanus.com\/index.php\/wp-json\/wp\/v2\/categories?post=696"},{"taxonomy":"post_tag","embeddable":true,"href":"https:\/\/infolanus.com\/index.php\/wp-json\/wp\/v2\/tags?post=696"}],"curies":[{"name":"wp","href":"https:\/\/api.w.org\/{rel}","templated":true}]}}