{"id":7043,"date":"2024-05-15T21:29:00","date_gmt":"2024-05-16T00:29:00","guid":{"rendered":"https:\/\/www.ambito.com\/uruguay\/alertan-que-la-caja-profesionales-tiene-fondos-comienzos-del-ano-que-viene-n5999094"},"modified":"2024-05-15T21:29:00","modified_gmt":"2024-05-16T00:29:00","slug":"alertan-que-la-caja-de-profesionales-tiene-fondos-hasta-comienzos-del-ano-que-viene","status":"publish","type":"post","link":"https:\/\/infolanus.com\/index.php\/2024\/05\/15\/alertan-que-la-caja-de-profesionales-tiene-fondos-hasta-comienzos-del-ano-que-viene\/","title":{"rendered":"Alertan que la Caja de Profesionales tiene fondos hasta comienzos del a\u00f1o que viene"},"content":{"rendered":"<div><img data-recalc-dims=\"1\" decoding=\"async\" src=\"https:\/\/i0.wp.com\/media.ambito.com\/p\/5c40eb771a64f84eac05b4331adda3d3\/adjuntos\/351\/imagenes\/040\/582\/0040582050\/1200x675\/smart\/caja-profesionales.jpg?w=640&#038;ssl=1\" class=\"ff-og-image-inserted\"><\/div>\n<div id>\n<p>La <strong>Caja de Profesionales <\/strong>&#8220;tiene fondos hasta el primer cuatrimestre de 2025&#8221;, advirti\u00f3 su presidente, <strong>Daniel Alza, <\/strong>quien asegur\u00f3 que &#8220;la recuperaci\u00f3n y las soluciones macro <a href=\"https:\/\/www.ambito.com\/uruguay\/el-ejecutivo-envio-un-proyecto-ley-que-apunta-los-morosos-la-caja-profesionales-n5992419\" target=\"_blank\" rel=\"follow noopener\">est\u00e1n en manos del <strong>Ejecutivo <\/strong><\/a> y el <strong>Parlamento&#8221;.<\/strong><\/p>\n<\/p><\/div>\n<div id>\n<p>Alza se refiri\u00f3 a la crisis de sostenibilidad de la <strong>Cjppu <\/strong>tras presentar este mi\u00e9rcoles en la <strong>Comisi\u00f3n de Legislaci\u00f3n del Trabajo y Seguridad Social de Diputados <\/strong>el proyecto para intentar regularizar la situaci\u00f3n de <a href=\"https:\/\/www.ambito.com\/uruguay\/la-caja-profesionales-ira-detras-los-medicos-que-no-hacen-aportes-n5978824\" target=\"_blank\" rel=\"follow noopener\">los aportantes morosos,<\/a> a quienes la instituci\u00f3n ofrece facilidades de pago.<\/p>\n<\/div>\n<div id>\n<p> \u201cEsto no salva a la Caja, no es una soluci\u00f3n a la situaci\u00f3n de <strong>sustentabilidad. <\/strong>Esto genera econ\u00f3micamente 1.200 millones de pesos, equivalente a un mes de prestaciones del instituto, sostuvo el jerarca en rueda de prensa.<\/p>\n<\/div>\n<div id>\n<p>Y aclar\u00f3: \u201cSe trata de una soluci\u00f3n para que los afiliados vuelvan a gestarse su propia <strong>jubilaci\u00f3n <\/strong>y recuperarse de un per\u00edodo que todos los seres humanos pasamos de tener altibajos en la econom\u00eda de nuestros hogares\u201d.<\/p>\n<\/div>\n<div id>\n<p>Sobre la crisis de sostenibilidad, alert\u00f3 que \u201cla recuperaci\u00f3n de la caja viene por otra v\u00eda y est\u00e1 en manos del <strong>Ejecutivo <\/strong>y el <strong>Parlamento <\/strong>buscar soluciones macro\u201d, mientras record\u00f3 que \u201chasta el primer cuatrimestre de 2025 la Caja tiene fondos de reservas financieras para cumplir las obligaciones\u201d.<\/p>\n<h2>La regularizaci\u00f3n para los afiliados<\/h2>\n<p>Alza precis\u00f3 que el objetivo es refinanciar <a href=\"https:\/\/www.ambito.com\/uruguay\/la-caja-profesionales-presento-al-poder-ejecutivo-nuevas-propuestas-n5966859\" target=\"_blank\" rel=\"follow noopener\">la <strong>deuda <\/strong>de los afiliados<\/a> y que los 3.082 que tienen deudas de menos de diez a\u00f1os \u201cpuedan pagar al contado o refinanciar, con intereses menores a los que establece el C\u00f3digo Tributario\u201d, por un total de 1.202.797.303 pesos.<\/p>\n<p>&#8220;Aspiramos que por lo menos el 50% o 60% de ese grupo pueda lograr mejorar su situaci\u00f3n&#8221;, resalt\u00f3 el vicepresidente de la <strong>Cjppu, <\/strong>mientras que hay otros 1.760 que cuenta con <span>deudas de m\u00e1s de 10 a\u00f1os, por un monto de <\/span><span>52.078.529.727 pesos.<\/span><\/p>\n<\/p><\/div>\n","protected":false},"excerpt":{"rendered":"<p>La Caja de Profesionales &#8220;tiene fondos hasta el primer cuatrimestre de 2025&#8221;, advirti\u00f3 su presidente, Daniel Alza, quien asegur\u00f3 que &#8220;la recuperaci\u00f3n y las soluciones macro est\u00e1n en manos del Ejecutivo y el Parlamento&#8221;. Alza se refiri\u00f3 a la crisis de sostenibilidad de la Cjppu tras presentar este mi\u00e9rcoles en la Comisi\u00f3n de Legislaci\u00f3n del [&hellip;]<\/p>\n","protected":false},"author":2,"featured_media":7044,"comment_status":"closed","ping_status":"closed","sticky":false,"template":"","format":"standard","meta":{"jetpack_post_was_ever_published":false,"_jetpack_newsletter_access":"","_jetpack_dont_email_post_to_subs":false,"_jetpack_newsletter_tier_id":0,"_jetpack_memberships_contains_paywalled_content":false,"_jetpack_memberships_contains_paid_content":false,"footnotes":"","jetpack_publicize_message":"","jetpack_publicize_feature_enabled":true,"jetpack_social_post_already_shared":true,"jetpack_social_options":{"image_generator_settings":{"template":"highway","enabled":false},"version":2}},"categories":[20],"tags":[],"class_list":["post-7043","post","type-post","status-publish","format-standard","has-post-thumbnail","hentry","category-mundo"],"jetpack_publicize_connections":[],"jetpack_featured_media_url":"https:\/\/i0.wp.com\/infolanus.com\/wp-content\/uploads\/2024\/05\/alertan-que-la-caja-de-profesionales-tiene-fondos-hasta-comienzos-del-ano-que-viene.jpg?fit=1200%2C675&ssl=1","jetpack_sharing_enabled":true,"jetpack_shortlink":"https:\/\/wp.me\/p9QtMr-1PB","_links":{"self":[{"href":"https:\/\/infolanus.com\/index.php\/wp-json\/wp\/v2\/posts\/7043","targetHints":{"allow":["GET"]}}],"collection":[{"href":"https:\/\/infolanus.com\/index.php\/wp-json\/wp\/v2\/posts"}],"about":[{"href":"https:\/\/infolanus.com\/index.php\/wp-json\/wp\/v2\/types\/post"}],"author":[{"embeddable":true,"href":"https:\/\/infolanus.com\/index.php\/wp-json\/wp\/v2\/users\/2"}],"replies":[{"embeddable":true,"href":"https:\/\/infolanus.com\/index.php\/wp-json\/wp\/v2\/comments?post=7043"}],"version-history":[{"count":0,"href":"https:\/\/infolanus.com\/index.php\/wp-json\/wp\/v2\/posts\/7043\/revisions"}],"wp:featuredmedia":[{"embeddable":true,"href":"https:\/\/infolanus.com\/index.php\/wp-json\/wp\/v2\/media\/7044"}],"wp:attachment":[{"href":"https:\/\/infolanus.com\/index.php\/wp-json\/wp\/v2\/media?parent=7043"}],"wp:term":[{"taxonomy":"category","embeddable":true,"href":"https:\/\/infolanus.com\/index.php\/wp-json\/wp\/v2\/categories?post=7043"},{"taxonomy":"post_tag","embeddable":true,"href":"https:\/\/infolanus.com\/index.php\/wp-json\/wp\/v2\/tags?post=7043"}],"curies":[{"name":"wp","href":"https:\/\/api.w.org\/{rel}","templated":true}]}}