{"id":7051,"date":"2024-05-17T09:56:32","date_gmt":"2024-05-17T12:56:32","guid":{"rendered":"https:\/\/infolanus.com\/index.php\/2024\/05\/17\/bombazo-en-avellaneda-carlos-tevez-renuncio-como-entrenador-de-independiente\/"},"modified":"2024-05-17T09:56:32","modified_gmt":"2024-05-17T12:56:32","slug":"bombazo-en-avellaneda-carlos-tevez-renuncio-como-entrenador-de-independiente","status":"publish","type":"post","link":"https:\/\/infolanus.com\/index.php\/2024\/05\/17\/bombazo-en-avellaneda-carlos-tevez-renuncio-como-entrenador-de-independiente\/","title":{"rendered":"Bombazo en Avellaneda: Carlos Tevez renunci\u00f3 como entrenador de Independiente"},"content":{"rendered":"<div class=\"media_block\"><\/div>\n<div><img data-recalc-dims=\"1\" decoding=\"async\" src=\"https:\/\/i0.wp.com\/fotos.perfil.com\/2024\/05\/17\/trim\/1140\/641\/tevez-1803199.jpg?w=640&#038;ssl=1\" class=\"ff-og-image-inserted\"><\/div>\n<p>Fin de ciclo.<strong><a target=\"_blank\" href=\"https:\/\/442.perfil.com\/noticias\/futbol\/carlos-tevez-recibio-el-alta-medica-y-ya-empieza-en-la-practica-con-independiente.phtml\" rel=\"noopener\">Carlos Tevez<\/a> dejar\u00e1 de ser el entrenador de <a target=\"_blank\" href=\"https:\/\/442.perfil.com\/noticias\/futbol\/alivio-en-independiente-una-figura-del-equipo-renovo-su-contrato-con-el-club.phtml\" rel=\"noopener\">Independiente<\/a><\/strong>y<strong> le present\u00f3 su renuncia al presidente N\u00e9stor Grindetti<\/strong>. El director t\u00e9cnico dirigir\u00e1 su \u00faltimo partido frente a <strong>Platense <\/strong>el pr\u00f3ximo domingo a las 15:30 por la segunda fecha de la <strong>Liga Profesional<\/strong>.&nbsp;<\/p>\n<p>Tras la dura derrota frente a <a target=\"_blank\" href=\"https:\/\/442.perfil.com\/noticias\/futbol\/talleres-le-dio-un-temendo-golpe-a-independiente-luego-de-su-triunfo-por-3-a-1.phtml\" rel=\"noopener\"><strong>Talleres <\/strong><\/a>en el debut del torneo dom\u00e9stico, los hinchas reprobaron, silbaron e insultaron al&nbsp;<em>Apache<\/em>&nbsp;y tras algunos cortocircuitos con la dirigencia y sus duros cruces con la <strong>AFA<\/strong>, en donde protagoniz\u00f3 un tenso ida y vuelta con&nbsp;<a target=\"_blank\" href=\"https:\/\/442.perfil.com\/noticias\/futbol\/la-bruja-veron-no-va-a-estar-en-la-final-de-la-copa-de-la-liga-no-habra-encuentro-con-tapia-y-toviggino.phtml\" rel=\"noopener\"><strong><em>Chiqui&nbsp;<\/em>Tapia <\/strong>y <strong>Pablo Toviggino<\/strong><\/a>,&nbsp;decidi\u00f3 dimitir en su puesto.&nbsp;<\/p>\n<p>El&nbsp;<em>Apache<\/em>&nbsp;lleg\u00f3 al club en un momento muy delicado en 2023 cuando el&nbsp;<em>Rojo<\/em>&nbsp;se encontraba peleando el descenso y a ra\u00edz de buenos resultados hizo olvidar la angustiante situaci\u00f3n r\u00e1pidamente para terminar en paz el a\u00f1o. En el 2024 los objetivos se volcaron a pelear la <strong>Copa de la Liga<\/strong> hasta las \u00faltimas instancias, pero su equipo no pudo acceder a los cuartos de final del torneo.<\/p>\n<h2>Los n\u00fameros de Tevez como DT de Independiente<\/h2>\n<p><strong>Carlos Tevez dirigi\u00f3 31 partidos en Independiente en donde cosech\u00f3 14 triunfos, empat\u00f3 en 11 ocasiones y tan solo perdi\u00f3 6 partidos obteniendo as\u00ed un 56% de efectividad<\/strong>. Su equipo marc\u00f3 36 goles y recibi\u00f3 24.<\/p>\n<p><em>Noticia en desarrollo&#8230;<\/em><\/p>\n","protected":false},"excerpt":{"rendered":"<p>Fin de ciclo.Carlos Tevez dejar\u00e1 de ser el entrenador de Independientey le present\u00f3 su renuncia al presidente N\u00e9stor Grindetti. El director t\u00e9cnico dirigir\u00e1 su \u00faltimo partido frente a Platense el pr\u00f3ximo domingo a las 15:30 por la segunda fecha de la Liga Profesional.&nbsp; Tras la dura derrota frente a Talleres en el debut del torneo [&hellip;]<\/p>\n","protected":false},"author":2,"featured_media":7052,"comment_status":"closed","ping_status":"closed","sticky":false,"template":"","format":"standard","meta":{"jetpack_post_was_ever_published":false,"_jetpack_newsletter_access":"","_jetpack_dont_email_post_to_subs":false,"_jetpack_newsletter_tier_id":0,"_jetpack_memberships_contains_paywalled_content":false,"_jetpack_memberships_contains_paid_content":false,"footnotes":"","jetpack_publicize_message":"","jetpack_publicize_feature_enabled":true,"jetpack_social_post_already_shared":true,"jetpack_social_options":{"image_generator_settings":{"template":"highway","enabled":false},"version":2}},"categories":[17],"tags":[],"class_list":["post-7051","post","type-post","status-publish","format-standard","has-post-thumbnail","hentry","category-deportes"],"jetpack_publicize_connections":[],"jetpack_featured_media_url":"https:\/\/i0.wp.com\/infolanus.com\/wp-content\/uploads\/2024\/05\/bombazo-en-avellaneda-carlos-tevez-renuncio-como-entrenador-de-independiente.jpg?fit=1140%2C641&ssl=1","jetpack_sharing_enabled":true,"jetpack_shortlink":"https:\/\/wp.me\/p9QtMr-1PJ","_links":{"self":[{"href":"https:\/\/infolanus.com\/index.php\/wp-json\/wp\/v2\/posts\/7051","targetHints":{"allow":["GET"]}}],"collection":[{"href":"https:\/\/infolanus.com\/index.php\/wp-json\/wp\/v2\/posts"}],"about":[{"href":"https:\/\/infolanus.com\/index.php\/wp-json\/wp\/v2\/types\/post"}],"author":[{"embeddable":true,"href":"https:\/\/infolanus.com\/index.php\/wp-json\/wp\/v2\/users\/2"}],"replies":[{"embeddable":true,"href":"https:\/\/infolanus.com\/index.php\/wp-json\/wp\/v2\/comments?post=7051"}],"version-history":[{"count":0,"href":"https:\/\/infolanus.com\/index.php\/wp-json\/wp\/v2\/posts\/7051\/revisions"}],"wp:featuredmedia":[{"embeddable":true,"href":"https:\/\/infolanus.com\/index.php\/wp-json\/wp\/v2\/media\/7052"}],"wp:attachment":[{"href":"https:\/\/infolanus.com\/index.php\/wp-json\/wp\/v2\/media?parent=7051"}],"wp:term":[{"taxonomy":"category","embeddable":true,"href":"https:\/\/infolanus.com\/index.php\/wp-json\/wp\/v2\/categories?post=7051"},{"taxonomy":"post_tag","embeddable":true,"href":"https:\/\/infolanus.com\/index.php\/wp-json\/wp\/v2\/tags?post=7051"}],"curies":[{"name":"wp","href":"https:\/\/api.w.org\/{rel}","templated":true}]}}