{"id":7054,"date":"2024-05-17T12:05:05","date_gmt":"2024-05-17T15:05:05","guid":{"rendered":"https:\/\/infolanus.com\/?p=7054"},"modified":"2024-05-17T12:05:07","modified_gmt":"2024-05-17T15:05:07","slug":"lanus-gobierno-lanzo-el-nuevo-modelo-de-atencion-integral-e-inauguro-el-centro-de-atencion-vecinal-de-monte-chingolo","status":"publish","type":"post","link":"https:\/\/infolanus.com\/index.php\/2024\/05\/17\/lanus-gobierno-lanzo-el-nuevo-modelo-de-atencion-integral-e-inauguro-el-centro-de-atencion-vecinal-de-monte-chingolo\/","title":{"rendered":"Lan\u00fas Gobierno lanz\u00f3 el nuevo modelo de atenci\u00f3n integral e inaugur\u00f3 el Centro de Atenci\u00f3n Vecinal de Monte Chingolo"},"content":{"rendered":"\n<p>Lan\u00fas Gobierno lanz\u00f3 el nuevo modelo de atenci\u00f3n integral para que los vecinos y vecinas de Lan\u00fas puedan realizar la gesti\u00f3n de tr\u00e1mites cerca de sus casas. En ese marco, tambi\u00e9n se inaugur\u00f3 el Centro de Atenci\u00f3n Vecinal (CAV) de Monte Chingolo, que a partir de ma\u00f1ana funcionar\u00e1 de lunes a viernes de 7:30 a 13:30, con el fin de resolver las mismas consultas, reclamos y tr\u00e1mites que se realizan en la sede ubicada en el Palacio Municipal.<\/p>\n\n\n\n<p>\u201cEstamos muy contentos de hacer este anuncio que representa un verdadero cambio de paradigma si comparamos la gesti\u00f3n que queremos con la administraci\u00f3n anterior. Venimos a dar respuestas reales y concretas desde otra perspectiva, de la periferia al centro\u201d, asegur\u00f3 el intendente de Lan\u00fas Juli\u00e1n \u00c1lvarez.<\/p>\n\n\n\n<p>Acompa\u00f1ando al jefe comunal estuvieron la jefa de Gabinete Nadia Burgos, la vicejefa de Gabinete Paula Romeo, la subsecretaria de Gesti\u00f3n Ciudadana Jessica Leyro, y el director general de Gesti\u00f3n y Articulaci\u00f3n Territorial Gonzalo Escalante.<\/p>\n\n\n\n<p>En el CAV de Monte Chingolo, ubicado en Pit\u00e1goras al 4500, los vecinos y vecinas podr\u00e1n acceder a diferentes tr\u00e1mites municipales, tales como gestiones de Espacios P\u00fablicos, pago de tasas municipales y regularizaci\u00f3n dominial, entre otros.<\/p>\n\n\n\n<p>Tambi\u00e9n se hicieron presentes el presidente del Honorable Concejo Deliberante de Lan\u00fas Agust\u00edn Balladares, el diputado provincial Nicol\u00e1s Russo y los concejales Omar Galdurralde, V\u00edctor De Gennaro y Ver\u00f3nica Dell&#8217;Anna, entre otros funcionarios locales.<\/p>\n","protected":false},"excerpt":{"rendered":"<p>Lan\u00fas Gobierno lanz\u00f3 el nuevo modelo de atenci\u00f3n integral para que los vecinos y vecinas de Lan\u00fas puedan realizar la gesti\u00f3n de tr\u00e1mites cerca de sus casas. En ese marco, tambi\u00e9n se inaugur\u00f3 el Centro de Atenci\u00f3n Vecinal (CAV) de Monte Chingolo, que a partir de ma\u00f1ana funcionar\u00e1 de lunes a viernes de 7:30 a [&hellip;]<\/p>\n","protected":false},"author":2,"featured_media":7055,"comment_status":"open","ping_status":"open","sticky":false,"template":"","format":"standard","meta":{"jetpack_post_was_ever_published":false,"_jetpack_newsletter_access":"","_jetpack_dont_email_post_to_subs":false,"_jetpack_newsletter_tier_id":0,"_jetpack_memberships_contains_paywalled_content":false,"_jetpack_memberships_contains_paid_content":false,"footnotes":"","jetpack_publicize_message":"","jetpack_publicize_feature_enabled":true,"jetpack_social_post_already_shared":true,"jetpack_social_options":{"image_generator_settings":{"template":"highway","enabled":false},"version":2}},"categories":[19],"tags":[697,23],"class_list":["post-7054","post","type-post","status-publish","format-standard","has-post-thumbnail","hentry","category-municipio","tag-cav","tag-lanus"],"jetpack_publicize_connections":[],"jetpack_featured_media_url":"https:\/\/i0.wp.com\/infolanus.com\/wp-content\/uploads\/2024\/05\/CAV-Monte-Chingolo.jpg?fit=1280%2C853&ssl=1","jetpack_sharing_enabled":true,"jetpack_shortlink":"https:\/\/wp.me\/p9QtMr-1PM","_links":{"self":[{"href":"https:\/\/infolanus.com\/index.php\/wp-json\/wp\/v2\/posts\/7054","targetHints":{"allow":["GET"]}}],"collection":[{"href":"https:\/\/infolanus.com\/index.php\/wp-json\/wp\/v2\/posts"}],"about":[{"href":"https:\/\/infolanus.com\/index.php\/wp-json\/wp\/v2\/types\/post"}],"author":[{"embeddable":true,"href":"https:\/\/infolanus.com\/index.php\/wp-json\/wp\/v2\/users\/2"}],"replies":[{"embeddable":true,"href":"https:\/\/infolanus.com\/index.php\/wp-json\/wp\/v2\/comments?post=7054"}],"version-history":[{"count":1,"href":"https:\/\/infolanus.com\/index.php\/wp-json\/wp\/v2\/posts\/7054\/revisions"}],"predecessor-version":[{"id":7056,"href":"https:\/\/infolanus.com\/index.php\/wp-json\/wp\/v2\/posts\/7054\/revisions\/7056"}],"wp:featuredmedia":[{"embeddable":true,"href":"https:\/\/infolanus.com\/index.php\/wp-json\/wp\/v2\/media\/7055"}],"wp:attachment":[{"href":"https:\/\/infolanus.com\/index.php\/wp-json\/wp\/v2\/media?parent=7054"}],"wp:term":[{"taxonomy":"category","embeddable":true,"href":"https:\/\/infolanus.com\/index.php\/wp-json\/wp\/v2\/categories?post=7054"},{"taxonomy":"post_tag","embeddable":true,"href":"https:\/\/infolanus.com\/index.php\/wp-json\/wp\/v2\/tags?post=7054"}],"curies":[{"name":"wp","href":"https:\/\/api.w.org\/{rel}","templated":true}]}}