{"id":7075,"date":"2024-05-19T15:58:00","date_gmt":"2024-05-19T18:58:00","guid":{"rendered":"https:\/\/www.ambito.com\/mundo\/alto-funcionario-la-union-europea-condeno-el-ataque-javier-milei-contra-la-mujer-pedro-sanchez-n6000846"},"modified":"2024-05-19T15:58:00","modified_gmt":"2024-05-19T18:58:00","slug":"alto-funcionario-de-la-union-europea-condeno-el-ataque-de-javier-milei-contra-la-esposa-de-pedro-sanchez","status":"publish","type":"post","link":"https:\/\/infolanus.com\/index.php\/2024\/05\/19\/alto-funcionario-de-la-union-europea-condeno-el-ataque-de-javier-milei-contra-la-esposa-de-pedro-sanchez\/","title":{"rendered":"Alto funcionario de la Uni\u00f3n Europea conden\u00f3 el &#8220;ataque&#8221; de Javier Milei contra la esposa de Pedro S\u00e1nchez"},"content":{"rendered":"<div><img data-recalc-dims=\"1\" decoding=\"async\" src=\"https:\/\/i0.wp.com\/media.ambito.com\/p\/fe3f09068ed1233f6a7a71c5b1e4930b\/adjuntos\/239\/imagenes\/041\/519\/0041519583\/1200x675\/smart\/borellpng.png?w=640&#038;ssl=1\" class=\"ff-og-image-inserted\"><\/div>\n<div id>\n<p>El <strong>alto representante de la Uni\u00f3n Europea (UE) <\/strong>para Asuntos Exteriores, <strong>Josep Borrell,<\/strong> conden\u00f3 y rechaz\u00f3 los &#8220;ataques&#8221; proferidos este domingo en Madrid por Javier Milei, contra su par espa\u00f1ol,<strong> Pedro S\u00e1nchez, <\/strong>y su mujer, <a href=\"https:\/\/www.ambito.com\/politica\/espana-exige-disculpas-publicas-javier-milei-y-advirtio-que-podria-retirar-su-embajadora-la-argentina-n6000809\" target=\"_blank\" rel=\"follow noopener\"><strong>Bego\u00f1a G\u00f3mez,<\/strong><\/a> a quien <a href=\"https:\/\/www.ambito.com\/politica\/javier-milei-desafio-pedro-sanchez-presidente-espana-tiene-la-mujer-corrupta-y-se-toma-cinco-dias-pensarlo-n6000739\" target=\"_blank\" rel=\"follow noopener\">tach\u00f3 de &#8220;corrupta&#8221;.<\/a><\/p>\n<\/p><\/div>\n<div id>\n<p>&#8220;Los ataques contra familiares de los l\u00edderes pol\u00edticos no tienen cabida en nuestra cultura: los condenamos y los rechazamos, especialmente cuando vienen de socios&#8221;, afirm\u00f3 Borrell a trav\u00e9s de un mensaje publicado en la red social X.<\/p>\n<\/div>\n<div id>\n<p>El jefe de la diplomacia europea defendi\u00f3 que <strong>&#8220;el respeto en el debate p\u00fablico&#8221; <\/strong>es uno de los &#8220;pilares de la UE&#8221;, junto con &#8220;la libertad pol\u00edtica, la prosperidad y la cohesi\u00f3n social basada en la redistribuci\u00f3n fiscal&#8221;.<\/p>\n<\/div>\n<div id>\n<div contenteditable=\"false\" class=\"embed_cont type_freetext\" rel=\"freetext\" id=\"embed9_wrap\">\n<p>Embed <span onclick=\"parent.parent.TinyMCETdcuerpo.preview_embed('embed9')\" class=\"embed_colapse less\" id=\"embed9_colapse\"><\/span> <span onclick=\"parent.parent.TinyMCETdcuerpo.delete_embed('embed9')\" class=\"embed_delete less\" id=\"embed9_delete\"><\/span><\/p>\n<div id=\"embed9_content\" class=\"embed_content\">\n<div id=\"embed9_embed\" readability=\"9.0168539325843\">\n<blockquote data-td-script-src=\"https:\/\/platform.twitter.com\/widgets.js\" class=\"twitter-tweet\" data-media-max-width=\"560\" readability=\"11.72191011236\">\n<p dir=\"ltr\" lang=\"en\"> Political freedom, prosperity, social cohesion based on fiscal redistribution, respect in public debate are pillars of the EU. <\/p>\n<p>Attacks against family members of political leaders have no place in our culture: we condemn and reject them, especially when coming from partners. <a href=\"https:\/\/t.co\/xLk19J8GSe\">https:\/\/t.co\/xLk19J8GSe<\/a><\/p>\n<p> \u2014 Josep Borrell Fontelles (@JosepBorrellF) <a href=\"https:\/\/twitter.com\/JosepBorrellF\/status\/1792240343783551279?ref_src=twsrc%5Etfw\">May 19, 2024<\/a><\/p><\/blockquote>\n<\/div><\/div>\n<\/p><\/div>\n<h2>Javier Milei en Espa\u00f1a: discurso contra el socialismo<\/h2>\n<p>En un evento organizado por Vox este domingo por la ma\u00f1ana, Milei arremeti\u00f3 contra el socialismo &#8220;maldito y cancer\u00edgeno&#8221; que &#8220;invita a la muerte&#8221;: &#8220;Qu\u00e9 cala\u00f1a de gente atornillada al poder. A\u00fan cuando tenga la mujer corrupta, se ensucia y se toma cinco d\u00edas para pensarlo&#8221;, espet\u00f3, en referencia a Pedro S\u00e1nchez.<\/p>\n<\/div>\n<div id>\n<p>La condena de Borrell a estas palabras llega poco despu\u00e9s de que este domingo por la tarde el ministro espa\u00f1ol de Asuntos Exteriores, <strong>Jos\u00e9 Manuel Albares<\/strong>, anunciase que ha llamado a consultas a su embajadora en Buenos Aires, Mar\u00eda Jes\u00fas Alonso, tras el discurso de Milei.<\/p>\n<p>En una comparecencia institucional, Albares afirm\u00f3 haber hablado con Borrell, quien le traslad\u00f3 al ministro que &#8220;<strong>un ataque de este calibre a un Estado miembro es tambi\u00e9n un ataque al conjunto de la Uni\u00f3n Europea&#8221;.<\/strong><\/p>\n<p>Albares pidi\u00f3 a Milei que d\u00e9 unas <strong>&#8220;disculpas p\u00fablicas&#8221; <\/strong>por unas palabras que considera &#8220;grav\u00edsimas&#8221;. Si no se producen, ha anunciado que Espa\u00f1a tomar\u00e1 las &#8220;medidas oportunas&#8221; para defender su &#8220;soberan\u00eda y dignidad&#8221;.<\/p>\n<p>El ministro se\u00f1al\u00f3 que las palabras del mandatario argentino <strong>&#8220;sobrepasan cualquier tipo de diferencia pol\u00edtica e ideol\u00f3gica&#8221; <\/strong>y &#8220;no tienen precedentes en la historia de las relaciones internacionales y a\u00fan menos en la historia de las relaciones entre dos pa\u00edses y dos pueblos unidos por fuertes lazos de hermandad&#8221;.<\/p>\n<p>&#8220;El se\u00f1or Milei, con su comportamiento, ha llevado las relaciones entre Espa\u00f1a y Argentina a su momento m\u00e1s grave en nuestra historia reciente&#8221;, sentenci\u00f3 el ministro, lo que ha llevado al ministro a llamar a consultas a la embajadora de Espa\u00f1a en Buenos Aires.<\/p>\n<\/div>\n","protected":false},"excerpt":{"rendered":"<p>El alto representante de la Uni\u00f3n Europea (UE) para Asuntos Exteriores, Josep Borrell, conden\u00f3 y rechaz\u00f3 los &#8220;ataques&#8221; proferidos este domingo en Madrid por Javier Milei, contra su par espa\u00f1ol, Pedro S\u00e1nchez, y su mujer, Bego\u00f1a G\u00f3mez, a quien tach\u00f3 de &#8220;corrupta&#8221;. &#8220;Los ataques contra familiares de los l\u00edderes pol\u00edticos no tienen cabida en nuestra [&hellip;]<\/p>\n","protected":false},"author":2,"featured_media":7076,"comment_status":"closed","ping_status":"closed","sticky":false,"template":"","format":"standard","meta":{"jetpack_post_was_ever_published":false,"_jetpack_newsletter_access":"","_jetpack_dont_email_post_to_subs":false,"_jetpack_newsletter_tier_id":0,"_jetpack_memberships_contains_paywalled_content":false,"_jetpack_memberships_contains_paid_content":false,"footnotes":"","jetpack_publicize_message":"","jetpack_publicize_feature_enabled":true,"jetpack_social_post_already_shared":true,"jetpack_social_options":{"image_generator_settings":{"template":"highway","enabled":false},"version":2}},"categories":[20],"tags":[],"class_list":["post-7075","post","type-post","status-publish","format-standard","has-post-thumbnail","hentry","category-mundo"],"jetpack_publicize_connections":[],"jetpack_featured_media_url":"https:\/\/i0.wp.com\/infolanus.com\/wp-content\/uploads\/2024\/05\/alto-funcionario-de-la-union-europea-condeno-el-ataque-de-javier-milei-contra-la-esposa-de-pedro-sanchez.png?fit=1200%2C675&ssl=1","jetpack_sharing_enabled":true,"jetpack_shortlink":"https:\/\/wp.me\/p9QtMr-1Q7","_links":{"self":[{"href":"https:\/\/infolanus.com\/index.php\/wp-json\/wp\/v2\/posts\/7075","targetHints":{"allow":["GET"]}}],"collection":[{"href":"https:\/\/infolanus.com\/index.php\/wp-json\/wp\/v2\/posts"}],"about":[{"href":"https:\/\/infolanus.com\/index.php\/wp-json\/wp\/v2\/types\/post"}],"author":[{"embeddable":true,"href":"https:\/\/infolanus.com\/index.php\/wp-json\/wp\/v2\/users\/2"}],"replies":[{"embeddable":true,"href":"https:\/\/infolanus.com\/index.php\/wp-json\/wp\/v2\/comments?post=7075"}],"version-history":[{"count":0,"href":"https:\/\/infolanus.com\/index.php\/wp-json\/wp\/v2\/posts\/7075\/revisions"}],"wp:featuredmedia":[{"embeddable":true,"href":"https:\/\/infolanus.com\/index.php\/wp-json\/wp\/v2\/media\/7076"}],"wp:attachment":[{"href":"https:\/\/infolanus.com\/index.php\/wp-json\/wp\/v2\/media?parent=7075"}],"wp:term":[{"taxonomy":"category","embeddable":true,"href":"https:\/\/infolanus.com\/index.php\/wp-json\/wp\/v2\/categories?post=7075"},{"taxonomy":"post_tag","embeddable":true,"href":"https:\/\/infolanus.com\/index.php\/wp-json\/wp\/v2\/tags?post=7075"}],"curies":[{"name":"wp","href":"https:\/\/api.w.org\/{rel}","templated":true}]}}