{"id":7079,"date":"2024-05-20T14:21:57","date_gmt":"2024-05-20T17:21:57","guid":{"rendered":"https:\/\/www.ambito.com\/mundo\/la-muerte-ebrahim-raisi-podria-agitar-la-carrera-la-sucesion-jamenei-n6001343"},"modified":"2024-05-20T14:21:57","modified_gmt":"2024-05-20T17:21:57","slug":"la-muerte-de-ebrahim-raisi-podria-agitar-la-carrera-por-la-sucesion-de-jamenei","status":"publish","type":"post","link":"https:\/\/infolanus.com\/index.php\/2024\/05\/20\/la-muerte-de-ebrahim-raisi-podria-agitar-la-carrera-por-la-sucesion-de-jamenei\/","title":{"rendered":"La muerte de Ebrahim Raisi podr\u00eda agitar la carrera por la sucesi\u00f3n de Jamenei"},"content":{"rendered":"<div id>\n<p>La <a href=\"https:\/\/www.ambito.com\/mundo\/iran-el-helicoptero-del-presidente-ebrahim-raisi-sufrio-un-accidente-n6000754\" target=\"_blank\" rel=\"follow noopener\"><strong>muerte del presidente iran\u00ed Ebrahim Raisi<\/strong><\/a> en un accidente de helic\u00f3ptero trastoca los planes de quienes quer\u00edan que sucediera al l\u00edder supremo, <strong>el ayatol\u00e1 Al\u00ed Jamenei<\/strong>. Los sucesos avivar\u00e1 las rivalidades sobre qui\u00e9n se har\u00e1 cargo de la Rep\u00fablica Isl\u00e1mica cuando \u00e9l fallezca.<\/p>\n<\/div>\n<div id>\n<p><strong>Raisi, de 63 a\u00f1os, protegido de Jamenei<\/strong> y que fue ascendiendo en la teocracia iran\u00ed, era considerado el principal candidato a suceder al l\u00edder supremo de 85 a\u00f1os.<\/p>\n<\/div>\n<div id>\n<h2>El camino a la presidencia de Ebrahim Raisi<\/h2>\n<p>Su <strong>ascenso a la presidencia<\/strong> formaba parte de una consolidaci\u00f3n del poder en manos de <strong>los partidarios de la l\u00ednea dura,<\/strong> dedicados a apuntalar los pilares de la Rep\u00fablica Isl\u00e1mica frente a los riesgos que plantean la disidencia en el pa\u00eds y los poderosos enemigos en una regi\u00f3n turbulenta.<strong><\/strong><\/p>\n<\/p><\/div>\n<div id>\n<div contenteditable=\"false\" class=\"embed_cont type_imagen\" id=\"7563860-Libre-1057411158_wrap\" readability=\"6\">\n<p>Ebrahim Raisi.jpg <span onclick=\"parent.parent.TinyMCETdcuerpo.preview_embed('7563860-Libre-1057411158')\" class=\"embed_colapse less\" id=\"7563860-Libre-1057411158_colapse\"><\/span> <span onclick=\"parent.parent.TinyMCETdcuerpo.delete_embed('7563860-Libre-1057411158')\" class=\"embed_delete less\" id=\"7563860-Libre-1057411158_delete\"><\/span><\/p>\n<div id=\"7563860-Libre-1057411158_content\" class=\"embed_content\"><img data-recalc-dims=\"1\" loading=\"lazy\" decoding=\"async\" src=\"https:\/\/i0.wp.com\/media.ambito.com\/p\/908a08cfb120efba7237fcae4ba967e8\/adjuntos\/239\/imagenes\/039\/236\/0039236683\/ebrahim-raisijpg.jpg?resize=640%2C359&#038;ssl=1\" alt=\"Raisi viajaba en la provincia de Azerbaiy\u00e1n Oriental. \" title=\"Raisi viajaba en la provincia de Azerbaiy\u00e1n Oriental. \" width=\"640\" height=\"359\" id=\"7563860-Libre-1057411158_embed\"><\/div>\n<div id=\"7563860-Libre-1057411158_epigrafe\" class=\"embed_epigrafe\" readability=\"7\">\n<p> Raisi viajaba en la provincia de Azerbaiy\u00e1n Oriental.<\/p>\n<\/div><\/div>\n<p><strong> Raisi hab\u00eda contado con el apoyo incondicional de Jamenei<\/strong>, que ocup\u00f3 el cargo de presidente antes de convertirse en <strong>l\u00edder supremo en 1989,<\/strong> tras la muerte del fundador de la Rep\u00fablica Isl\u00e1mica, el ayatol\u00e1 Ruhollah Jomeini.<\/p>\n<\/div>\n<div id>\n<p>El <strong>l\u00edder supremo<\/strong> ostenta el poder supremo en Ir\u00e1n,<strong> act\u00faa como comandante en jefe de las fuerzas armadas y decide la orientaci\u00f3n de la pol\u00edtica exterior<\/strong>, definida en gran medida por la confrontaci\u00f3n con Estados Unidos e Israel.<\/p>\n<h2>Qui\u00e9n ser\u00e1 el sucesor de la presidencia de Ebrahim Raisi<\/h2>\n<p>Aunque <strong>Jamenei no designo a un sucesor<\/strong>, los observadores de Ir\u00e1n afirman que<strong> Raisi fue uno de los dos nombres m\u00e1s mencionados<\/strong>; el <strong>segundo es el segundo hijo de Jamenei, Mojtaba<\/strong>, de quien se cree que ejerce influencia entre bastidores. Raisi, respaldado por un grupo que quer\u00eda verle convertido en l\u00edder Supremo, deseaba claramente ese rol, dijo Vali Nasr, profesor de Estudios sobre Oriente Medio y Asuntos Internacionales en la Escuela John Hopkins de Estudios Internacionales Avanzados.<\/p>\n<p><strong>&#8220;Ahora no tienen candidato<\/strong>, y eso abre la puerta a que otras facciones u otras figuras surjan como serios aspirantes&#8221;, dijo.<\/p>\n<p><strong>Para Raisi<\/strong>, un cl\u00e9rigo chi\u00ed de rango medio, <strong>la presidencia hab\u00eda sido un veh\u00edculo para llegar al liderazgo supremo<\/strong>. &#8220;No hay ning\u00fan otro candidato en este momento (con) ese tipo de plataforma y por eso las elecciones presidenciales en Ir\u00e1n, se desarrollen como se desarrollen, <strong>ser\u00e1n la primera decisi\u00f3n sobre lo que viene despu\u00e9s&#8221;, dijo Nasr<\/strong>.<\/p>\n<p><strong>Las opiniones de Raisi coincid\u00edan con las de Jamenei <\/strong>en todos los temas importantes y<strong> aplicaba las pol\u00edticas del l\u00edder encaminadas a afianzar el poder clerical, reprimir a los opositores y adoptar una l\u00ednea dura <\/strong>en cuestiones de pol\u00edtica exterior, como las conversaciones nucleares con Washington, seg\u00fan dos fuentes internas iran\u00edes.<\/p>\n<p>Un ex funcionario iran\u00ed dijo que se espera que poderosos actores, incluidos los <strong>Guardianes de la Revoluci\u00f3n y cl\u00e9rigos influyentes en Qom<\/strong>, intensifiquen ahora sus esfuerzos para dar forma al proceso por el que se elige al pr\u00f3ximo l\u00edder supremo.<\/p>\n<p>&#8220;La<strong> muerte de Raisi es un impacto para el establishment<\/strong>, que ahora no tiene otro candidato&#8221;, dijo el funcionario, que a\u00f1adi\u00f3 que aunque se cre\u00eda que <strong>Raisi hab\u00eda sido preparado para suceder a Jamenei<\/strong>, nadie sab\u00eda con certeza cu\u00e1les eran sus intenciones.<\/p>\n<\/div>\n","protected":false},"excerpt":{"rendered":"<p>La muerte del presidente iran\u00ed Ebrahim Raisi en un accidente de helic\u00f3ptero trastoca los planes de quienes quer\u00edan que sucediera al l\u00edder supremo, el ayatol\u00e1 Al\u00ed Jamenei. Los sucesos avivar\u00e1 las rivalidades sobre qui\u00e9n se har\u00e1 cargo de la Rep\u00fablica Isl\u00e1mica cuando \u00e9l fallezca. Raisi, de 63 a\u00f1os, protegido de Jamenei y que fue ascendiendo [&hellip;]<\/p>\n","protected":false},"author":2,"featured_media":7080,"comment_status":"closed","ping_status":"closed","sticky":false,"template":"","format":"standard","meta":{"jetpack_post_was_ever_published":false,"_jetpack_newsletter_access":"","_jetpack_dont_email_post_to_subs":false,"_jetpack_newsletter_tier_id":0,"_jetpack_memberships_contains_paywalled_content":false,"_jetpack_memberships_contains_paid_content":false,"footnotes":"","jetpack_publicize_message":"","jetpack_publicize_feature_enabled":true,"jetpack_social_post_already_shared":true,"jetpack_social_options":{"image_generator_settings":{"template":"highway","enabled":false},"version":2}},"categories":[20],"tags":[],"class_list":["post-7079","post","type-post","status-publish","format-standard","has-post-thumbnail","hentry","category-mundo"],"jetpack_publicize_connections":[],"jetpack_featured_media_url":"https:\/\/i0.wp.com\/infolanus.com\/wp-content\/uploads\/2024\/05\/la-muerte-de-ebrahim-raisi-podria-agitar-la-carrera-por-la-sucesion-de-jamenei.jpg?fit=730%2C410&ssl=1","jetpack_sharing_enabled":true,"jetpack_shortlink":"https:\/\/wp.me\/p9QtMr-1Qb","_links":{"self":[{"href":"https:\/\/infolanus.com\/index.php\/wp-json\/wp\/v2\/posts\/7079","targetHints":{"allow":["GET"]}}],"collection":[{"href":"https:\/\/infolanus.com\/index.php\/wp-json\/wp\/v2\/posts"}],"about":[{"href":"https:\/\/infolanus.com\/index.php\/wp-json\/wp\/v2\/types\/post"}],"author":[{"embeddable":true,"href":"https:\/\/infolanus.com\/index.php\/wp-json\/wp\/v2\/users\/2"}],"replies":[{"embeddable":true,"href":"https:\/\/infolanus.com\/index.php\/wp-json\/wp\/v2\/comments?post=7079"}],"version-history":[{"count":0,"href":"https:\/\/infolanus.com\/index.php\/wp-json\/wp\/v2\/posts\/7079\/revisions"}],"wp:featuredmedia":[{"embeddable":true,"href":"https:\/\/infolanus.com\/index.php\/wp-json\/wp\/v2\/media\/7080"}],"wp:attachment":[{"href":"https:\/\/infolanus.com\/index.php\/wp-json\/wp\/v2\/media?parent=7079"}],"wp:term":[{"taxonomy":"category","embeddable":true,"href":"https:\/\/infolanus.com\/index.php\/wp-json\/wp\/v2\/categories?post=7079"},{"taxonomy":"post_tag","embeddable":true,"href":"https:\/\/infolanus.com\/index.php\/wp-json\/wp\/v2\/tags?post=7079"}],"curies":[{"name":"wp","href":"https:\/\/api.w.org\/{rel}","templated":true}]}}