{"id":7098,"date":"2024-05-22T13:51:17","date_gmt":"2024-05-22T16:51:17","guid":{"rendered":"https:\/\/www.inforegion.com.ar\/?p=304640"},"modified":"2024-05-22T13:51:17","modified_gmt":"2024-05-22T16:51:17","slug":"lanus-tambien-prepara-el-festejo-del-25-de-mayo","status":"publish","type":"post","link":"https:\/\/infolanus.com\/index.php\/2024\/05\/22\/lanus-tambien-prepara-el-festejo-del-25-de-mayo\/","title":{"rendered":"Lan\u00fas tambi\u00e9n prepara el festejo del 25 de Mayo"},"content":{"rendered":"<p><strong>El Centro Cultural Leonardo Favio ser\u00e1 el epicentro de los festejos del 25 de Mayo en Lan\u00fas. <\/strong>El evento ser\u00e1 el mismo s\u00e1bado. El cronograma de actividades.<\/p>\n<p>\u201cTe esperamos <strong>el s\u00e1bado 25 de mayo, de 12:00 a 19:00<\/strong>, en el Centro Cultural Leonardo Favio\u201d, convoca el Municipio que dirige Juli\u00e1n \u00c1lvarez.<\/p>\n<p><strong>\u00bfLa propuesta? Espect\u00e1culos en vivo, feria de emprendedores, gastronom\u00eda t\u00edpica y tradicional.<\/strong><\/p>\n<p>Dentro del cronograma aparecen el payador Juan Alberto Lalanne, el d\u00fao folkl\u00f3rico Flor y Truco, clase abierta de Zamba con Andrea G\u00e9rez, el d\u00fao folkl\u00f3rico Los Comechingones y el Ballet Folkl\u00f3rico Municipal de Lan\u00fas.<\/p>\n<p>Tambi\u00e9n ser\u00e1 de la partida el grupo folkl\u00f3rico Urbano, habr\u00e1 una muestra de la Escuela Municipal de Lan\u00fas con Soledad Curiale, otra muestra de danzas con Fernanda Spadafino, pero tambi\u00e9n forma parte de la jornada el grupo folkl\u00f3rico Sancha Changos, la agrupaci\u00f3n Santa Mar\u00eda y el ballet de la compa\u00f1\u00eda La Barbarie. <\/p>\n<div class=\"wp-block-media-text alignfull is-stacked-on-mobile is-vertically-aligned-center is-image-fill is-style-default has-cyan-bluish-gray-background-color has-background\">\n<figure class=\"wp-block-media-text__media\"><a href=\"https:\/\/www.inforegion.com.ar\/2022\/11\/25\/el-mapa-del-raid-delictivo-en-lanus-y-lomas-de-zamora\/\"><img data-recalc-dims=\"1\" loading=\"lazy\" decoding=\"async\" width=\"640\" height=\"360\" src=\"https:\/\/i0.wp.com\/www.inforegion.com.ar\/wp-content\/uploads\/2022\/08\/ferro-1024x576.jpg?resize=640%2C360&#038;ssl=1\" alt class=\"wp-image-225976 size-full lazyload\" data-sizes=\"auto\" data-eio-rwidth=\"1024\" data-eio-rheight=\"576\" srcset=\"https:\/\/www.inforegion.com.ar\/wp-content\/uploads\/2022\/08\/ferro-1024x576.jpg 1024w, https:\/\/www.inforegion.com.ar\/wp-content\/uploads\/2022\/08\/ferro-300x169.jpg 300w, https:\/\/www.inforegion.com.ar\/wp-content\/uploads\/2022\/08\/ferro-768x432.jpg 768w, https:\/\/www.inforegion.com.ar\/wp-content\/uploads\/2022\/08\/ferro-150x83.jpg 150w, https:\/\/www.inforegion.com.ar\/wp-content\/uploads\/2022\/08\/ferro-335x188.jpg 335w, https:\/\/www.inforegion.com.ar\/wp-content\/uploads\/2022\/08\/ferro-700x394.jpg 700w, https:\/\/www.inforegion.com.ar\/wp-content\/uploads\/2022\/08\/ferro-1080x608.jpg 1080w, https:\/\/www.inforegion.com.ar\/wp-content\/uploads\/2022\/08\/ferro.jpg 1200w\"><noscript><img data-recalc-dims=\"1\" loading=\"lazy\" decoding=\"async\" width=\"640\" height=\"360\" src=\"https:\/\/i0.wp.com\/www.inforegion.com.ar\/wp-content\/uploads\/2022\/08\/ferro-1024x576.jpg?resize=640%2C360&#038;ssl=1\" alt class=\"wp-image-225976 size-full\" srcset=\"https:\/\/www.inforegion.com.ar\/wp-content\/uploads\/2022\/08\/ferro-1024x576.jpg 1024w, https:\/\/www.inforegion.com.ar\/wp-content\/uploads\/2022\/08\/ferro-300x169.jpg 300w, https:\/\/www.inforegion.com.ar\/wp-content\/uploads\/2022\/08\/ferro-768x432.jpg 768w, https:\/\/www.inforegion.com.ar\/wp-content\/uploads\/2022\/08\/ferro-150x83.jpg 150w, https:\/\/www.inforegion.com.ar\/wp-content\/uploads\/2022\/08\/ferro-335x188.jpg 335w, https:\/\/www.inforegion.com.ar\/wp-content\/uploads\/2022\/08\/ferro-700x394.jpg 700w, https:\/\/www.inforegion.com.ar\/wp-content\/uploads\/2022\/08\/ferro-1080x608.jpg 1080w, https:\/\/www.inforegion.com.ar\/wp-content\/uploads\/2022\/08\/ferro.jpg 1200w\" sizes=\"auto, (max-width: 1024px) 100vw, 1024px\" data-eio=\"l\"><\/noscript><\/a><\/figure>\n<\/div>\n<p><strong>Ese mismo d\u00eda hay un desfile de organizaciones en <a href=\"https:\/\/www.inforegion.com.ar\/2024\/05\/17\/lomas-de-zamora-se-prepara-para-celebrar-el-25-de-mayo\/\">Lomas de Zamora<\/a> y una pe\u00f1a. <\/strong><\/p>\n<h2 class=\"wp-block-heading\">\u00bfQU\u00c9 SE CELEBRA EL 25 DE MAYO?<\/h2>\n<p>Se celebra este a\u00f1o el 214\u00b0 aniversario del proceso revolucionario que dar\u00eda el primer gran paso para el surgimiento del Estado argentino.<\/p>\n<p>En la conmemoraci\u00f3n de la&nbsp;Revoluci\u00f3n de Mayo&nbsp;se recuerda la formaci\u00f3n del&nbsp;Primer Gobierno Patrio, a partir de la destituci\u00f3n del virrey espa\u00f1ol, y el inicio del&nbsp;camino hacia la independencia.<\/p>\n<p>Aquel&nbsp;25 de mayo de 1810&nbsp;una multitud se reuni\u00f3 en la&nbsp;Plaza de Mayo&nbsp;para celebrar la defensa de la soberan\u00eda popular y alumbrar la idea de ser libre e independiente, protagonista y art\u00edfice de su propio destino.<\/p>\n","protected":false},"excerpt":{"rendered":"<p>El Centro Cultural Leonardo Favio ser\u00e1 el epicentro de los festejos del 25 de Mayo en Lan\u00fas. El evento ser\u00e1 el mismo s\u00e1bado. El cronograma de actividades. \u201cTe esperamos el s\u00e1bado 25 de mayo, de 12:00 a 19:00, en el Centro Cultural Leonardo Favio\u201d, convoca el Municipio que dirige Juli\u00e1n \u00c1lvarez. \u00bfLa propuesta? Espect\u00e1culos en [&hellip;]<\/p>\n","protected":false},"author":2,"featured_media":7099,"comment_status":"closed","ping_status":"closed","sticky":false,"template":"","format":"standard","meta":{"jetpack_post_was_ever_published":false,"_jetpack_newsletter_access":"","_jetpack_dont_email_post_to_subs":false,"_jetpack_newsletter_tier_id":0,"_jetpack_memberships_contains_paywalled_content":false,"_jetpack_memberships_contains_paid_content":false,"footnotes":"","jetpack_publicize_message":"","jetpack_publicize_feature_enabled":true,"jetpack_social_post_already_shared":true,"jetpack_social_options":{"image_generator_settings":{"template":"highway","enabled":false},"version":2}},"categories":[19],"tags":[620,773,774,23,788],"class_list":["post-7098","post","type-post","status-publish","format-standard","has-post-thumbnail","hentry","category-municipio","tag-25-de-mayo","tag-centrales","tag-destacadas","tag-lanus","tag-sociedad"],"jetpack_publicize_connections":[],"jetpack_featured_media_url":"https:\/\/i0.wp.com\/infolanus.com\/wp-content\/uploads\/2024\/05\/lanus-tambien-prepara-el-festejo-del-25-de-mayo.jpg?fit=1024%2C576&ssl=1","jetpack_sharing_enabled":true,"jetpack_shortlink":"https:\/\/wp.me\/p9QtMr-1Qu","_links":{"self":[{"href":"https:\/\/infolanus.com\/index.php\/wp-json\/wp\/v2\/posts\/7098","targetHints":{"allow":["GET"]}}],"collection":[{"href":"https:\/\/infolanus.com\/index.php\/wp-json\/wp\/v2\/posts"}],"about":[{"href":"https:\/\/infolanus.com\/index.php\/wp-json\/wp\/v2\/types\/post"}],"author":[{"embeddable":true,"href":"https:\/\/infolanus.com\/index.php\/wp-json\/wp\/v2\/users\/2"}],"replies":[{"embeddable":true,"href":"https:\/\/infolanus.com\/index.php\/wp-json\/wp\/v2\/comments?post=7098"}],"version-history":[{"count":0,"href":"https:\/\/infolanus.com\/index.php\/wp-json\/wp\/v2\/posts\/7098\/revisions"}],"wp:featuredmedia":[{"embeddable":true,"href":"https:\/\/infolanus.com\/index.php\/wp-json\/wp\/v2\/media\/7099"}],"wp:attachment":[{"href":"https:\/\/infolanus.com\/index.php\/wp-json\/wp\/v2\/media?parent=7098"}],"wp:term":[{"taxonomy":"category","embeddable":true,"href":"https:\/\/infolanus.com\/index.php\/wp-json\/wp\/v2\/categories?post=7098"},{"taxonomy":"post_tag","embeddable":true,"href":"https:\/\/infolanus.com\/index.php\/wp-json\/wp\/v2\/tags?post=7098"}],"curies":[{"name":"wp","href":"https:\/\/api.w.org\/{rel}","templated":true}]}}